{"id":191370,"date":"2026-01-07T09:38:11","date_gmt":"2026-01-07T09:38:11","guid":{"rendered":"https:\/\/www.europesays.com\/pl\/191370\/"},"modified":"2026-01-07T09:38:11","modified_gmt":"2026-01-07T09:38:11","slug":"joanna-szczepkowska-porownala-karola-nawrockiego-do-donalda-tuska-wyszczerzony-sztywniak-onet","status":"publish","type":"post","link":"https:\/\/www.europesays.com\/pl\/191370\/","title":{"rendered":"Joanna Szczepkowska por\u00f3wna\u0142a Karola Nawrockiego do Donalda Tuska. &quot;Wyszczerzony sztywniak&quot; &#8211; Onet"},"content":{"rendered":"<ol>\n<li><a href=\"https:\/\/news.google.com\/rss\/articles\/CBMizwFBVV95cUxPOEl1cl9MU1dDbmlKQ015X0ZRSVJ2dDNENkRkdWE3TDRab0hKNzBGendnQnVvQ1U1MkhXcGtXUTJzdnVNS0JQbTF0RDFZdURUa3JZV2Y3RzJfRDZlY1oxZzBNd1d0dXVwVjNsYWU3ZGk0UkdIT0JONGk5SE9zazR6dkpBSmxUUUNyeEdWYnJ0OFlFVWdDUUlQb1dRSWE3TnFaZlJBQkpCNUR6NmRkUG5QZXhoQy1ud3UtTkw0U2dMRVliOC1haW1wQkVzRnpUaEU?oc=5\" target=\"_blank\" rel=\"nofollow noopener\">Joanna Szczepkowska por\u00f3wna\u0142a Karola Nawrockiego do Donalda Tuska. &#8222;Wyszczerzony sztywniak&#8221;<\/a>&nbsp;&nbsp;Onet<\/li>\n<li><a href=\"https:\/\/news.google.com\/rss\/articles\/CBMi6AFBVV95cUxQMWc5alRqbDRTbWo4bS1mMzBaLU9VaElGUnZVTjNGNW05OXFrY3NlOXBIa3pqT3VSSlR6WlJGNG9kV1ZxM2Y5SkZiSnFLeXpUd3JlNmVnVGxtQ3dBVDVkZkRKbk00NFJjVndvd2d2bHVPNm5NTFpqYzU4ZV8yLWdOdnJjOTRwaG02VzJYSzVmMDNNa1g0VVFkTDk5YWxLcGl3bDNPSC1ubnkwVXBJVm01b2pKYkZkcnBiWmF2ZkxfeTZ4TGJwYS1ISkh1NXk2YmtWZTVMMThXVFR6MVlKQXkwNklFTl9mSjdR?oc=5\" target=\"_blank\" rel=\"nofollow noopener\">Joanna Szczepkowska punktuje or\u0119dzie prezydenta. Pisze o &#8222;wciskaniu kitu&#8221;<\/a>&nbsp;&nbsp;Wiadomo\u015bci z kraju i ze \u015bwiata &#8211; Dziennik.pl<\/li>\n<li><a href=\"https:\/\/news.google.com\/rss\/articles\/CBMi2AFBVV95cUxQNG5KT3VNaDYzMU4wR2JCamRSR3EwdEFCQUJCRFVCUVFnQWdIY2FmZnF0bG8zazA4a2tHMTNZMmVFNEtXMGs0U2cxbEZaTzV5OFE2RHhUcUVPTG4tVnlURGRIaF82RjF0NWY3ZUhlOEZBdXhGLVJuRTlFNUhhMXVBTFg0VmZmWXJtaFNkajZqVkVSRXd5YW5hQkJBRzIwLXZuTnpTd2hNT0k1RDloLW4tVHZIUFRBUWVfZ29mUEdLc1JJRTdxU0drTzlMend0ZmVOdmJHRmNYbUU?oc=5\" target=\"_blank\" rel=\"nofollow noopener\">Bogus\u0142aw Chrabota: Pojedynek na noworoczne or\u0119dzia. Polska mi\u0119dzy Karolem Nawrockim i Donaldem Tuskiem<\/a>&nbsp;&nbsp;Rzeczpospolita<\/li>\n<li><a href=\"https:\/\/news.google.com\/rss\/articles\/CBMinAFBVV95cUxOcjFGb3VkZWtzTTJGQWpWaUpsOFRyaC05SUl1S01sWDJnTVFWcS1xbC14VzdJc0dIOHdveGxtYlh6YXpnZFNQRVFMdUZhQm5vcERHbmlkZE03YUlGVGphWW93SktKMmJxNExBQXdXSlo3QXR6dUxhV3VVY0MteEZtZkQ0bjRSd1NPREtDNE1rVW1ULUE2ZmtTVWRhVmo?oc=5\" target=\"_blank\" rel=\"nofollow noopener\">Gaslighting Tuska i bezpieczna Polska Nawrockiego. 2 or\u0119dzia<\/a>&nbsp;&nbsp;wPolityce.pl<\/li>\n<li><a href=\"https:\/\/news.google.com\/rss\/articles\/CBMivgFBVV95cUxNYkRINUg1U19qUVY3c3BLYzNiUTVRQk9fQ1pabjZJSWdSSV83ajZHY2YzOGE2M0V3OUl6cjE1cE4yZW9IYVJzMU5tbmVQTGc2eDh6QnJKT3Rsb1R2TkNwZ0pSLXc0TU5DbGZMT3pPWEtPSUZFcXU2SENmdnhDaXRWWFFRWk14dC1kUlNKNjlXSnVHUEZNVjk3MDhaeW9wT2dPd1JweVpzdUxrZGh3dHdNTnN6S3l5UTdwajVVTHB3?oc=5\" target=\"_blank\" rel=\"nofollow noopener\">Wywiad Prezydenta RP dla \u201eGo\u015bcia Niedzielnego\u201d \\ Aktualno\u015bci \\ Wypowiedzi Prezydenta RP \\ Wywiady<\/a>&nbsp;&nbsp;Oficjalna strona Prezydenta Rzeczypospolitej Polskiej<\/li>\n<\/ol>\n","protected":false},"excerpt":{"rendered":"Joanna Szczepkowska por\u00f3wna\u0142a Karola Nawrockiego do Donalda Tuska. &#8222;Wyszczerzony sztywniak&#8221;&nbsp;&nbsp;Onet Joanna Szczepkowska punktuje or\u0119dzie prezydenta. Pisze o &#8222;wciskaniu&hellip;\n","protected":false},"author":2,"featured_media":191371,"comment_status":"","ping_status":"","sticky":false,"template":"","format":"standard","meta":{"footnotes":""},"categories":[12],"tags":[32,33,36,37,27,67,7454,240,261,34,35,28,31,53,25,52,68,51,55,42,38,40,39,41,47,29,30,65,50,26],"class_list":{"0":"post-191370","1":"post","2":"type-post","3":"status-publish","4":"format-standard","5":"has-post-thumbnail","7":"category-polska","8":"tag-breaking-news","9":"tag-breakingnews","10":"tag-featured-news","11":"tag-featurednews","12":"tag-headlines","13":"tag-intextvideo_splayer","14":"tag-joanna_szczepkowska_aktorka","15":"tag-karol_nawrocki_prezydent","16":"tag-kultura","17":"tag-latest-news","18":"tag-latestnews","19":"tag-naglowki","20":"tag-najwazniejsze-artykuly","21":"tag-new_header","22":"tag-news","23":"tag-onet3","24":"tag-onet3d","25":"tag-onet3d_2i","26":"tag-phx","27":"tag-pl","28":"tag-poland","29":"tag-polish","30":"tag-polska","31":"tag-polski","32":"tag-screening_general","33":"tag-top-stories","34":"tag-topstories","35":"tag-update_me","36":"tag-v2021","37":"tag-wiadomosci"},"share_on_mastodon":{"url":"https:\/\/pubeurope.com\/@pl\/115853151665051779","error":""},"_links":{"self":[{"href":"https:\/\/www.europesays.com\/pl\/wp-json\/wp\/v2\/posts\/191370","targetHints":{"allow":["GET"]}}],"collection":[{"href":"https:\/\/www.europesays.com\/pl\/wp-json\/wp\/v2\/posts"}],"about":[{"href":"https:\/\/www.europesays.com\/pl\/wp-json\/wp\/v2\/types\/post"}],"author":[{"embeddable":true,"href":"https:\/\/www.europesays.com\/pl\/wp-json\/wp\/v2\/users\/2"}],"replies":[{"embeddable":true,"href":"https:\/\/www.europesays.com\/pl\/wp-json\/wp\/v2\/comments?post=191370"}],"version-history":[{"count":0,"href":"https:\/\/www.europesays.com\/pl\/wp-json\/wp\/v2\/posts\/191370\/revisions"}],"wp:featuredmedia":[{"embeddable":true,"href":"https:\/\/www.europesays.com\/pl\/wp-json\/wp\/v2\/media\/191371"}],"wp:attachment":[{"href":"https:\/\/www.europesays.com\/pl\/wp-json\/wp\/v2\/media?parent=191370"}],"wp:term":[{"taxonomy":"category","embeddable":true,"href":"https:\/\/www.europesays.com\/pl\/wp-json\/wp\/v2\/categories?post=191370"},{"taxonomy":"post_tag","embeddable":true,"href":"https:\/\/www.europesays.com\/pl\/wp-json\/wp\/v2\/tags?post=191370"}],"curies":[{"name":"wp","href":"https:\/\/api.w.org\/{rel}","templated":true}]}}