{"id":191430,"date":"2026-01-07T10:13:08","date_gmt":"2026-01-07T10:13:08","guid":{"rendered":"https:\/\/www.europesays.com\/pl\/191430\/"},"modified":"2026-01-07T10:13:08","modified_gmt":"2026-01-07T10:13:08","slug":"prognoza-pogody-mroz-w-polsce-17-na-termometrach-a-to-nie-koniec-kiedy-bedzie-zimniej","status":"publish","type":"post","link":"https:\/\/www.europesays.com\/pl\/191430\/","title":{"rendered":"Prognoza pogody. Mr\u00f3z w Polsce. -17 na termometrach. A to nie koniec. Kiedy b\u0119dzie zimniej?"},"content":{"rendered":"<p>Pogoda. Zimny poranek w \u015brod\u0119<\/p>\n<p class=\"art_paragraph\">IMGW podaje, \u017ce w \u015brod\u0119 rano (stan na godz. 7 rano) najcieplej by\u0142o na Helu, gdzie temperatura wynios\u0142a -3,1 stopnia Celsjusza. Najch\u0142odniej &#8211; w M\u0142awie (-16,8 stopnia Celsjusza).\u00a0W woj. podkarpackim\u00a0oraz w cz\u0119\u015bci\u00a0woj. ma\u0142opolskiego i woj. lubelskiego w \u015brod\u0119 do godz. 13 obowi\u0105zuj\u0105 ostrze\u017cenia IMGW zwi\u0105zane z intensywnymi opadami \u015bniegu. Z kolei w centrum i na p\u00f3\u0142nocnym wschodzie synoptycy ostrzegali w \u015brod\u0119 rano przed skutkami silnego mrozu.<\/p>\n<p>IMGW: Temperatura maksymalna od -6 do -3 stopni<\/p>\n<p class=\"art_paragraph\">Jak informuje IMGW, w ci\u0105gu dnia w \u015brod\u0119 b\u0119dzie pochmurno, zapowiadaj\u0105 si\u0119 te\u017c &#8222;s\u0142abe opady \u015bniegu&#8221;, a na zachodzie &#8222;wi\u0119ksze przeja\u015bnienia i rozpogodzenia&#8221;. &#8222;Na po\u0142udniowym wschodzie pocz\u0105tkowo intensywne opady \u015bniegu do 5-10 cm, a w Bieszczadach do 16 cm i zawieje oraz zamiecie \u015bnie\u017cne. Temperatura maksymalna na og\u00f3\u0142 od -6\u00b0C do -3\u00b0C&#8221; &#8211; czytamy we wpisie na portalu X.<\/p>\n<p>        Zobacz wideo<\/p>\n<p>            Ellison chce, by wszystkie dane na nasz temat wrzuca\u0107 do AI\n    <\/p>\n<p>Nadci\u0105ga wi\u0119kszy mr\u00f3z<\/p>\n<p class=\"art_paragraph\">Wiele wskazuje na to, \u017ce nie ma co spodziewa\u0107 si\u0119 ocieplenia, przynajmniej na razie. &#8211; Pod koniec tygodnia, w weekend, a nawet na pocz\u0105tku przysz\u0142ego tygodnia mr\u00f3z b\u0119dzie si\u0119ga\u0142 -18,\u00a0-20\u00a0stopni &#8211; m\u00f3wi\u0142 w\u00a0TVN24 synoptyk i prezenter pogody Tomasz Wasilewski. I rzeczywi\u015bcie, jak wskazuje IMGW w swojej 5-dniowej prognozie, pod koniec weekendu temperatura minimalna mo\u017ce wynie\u015b\u0107 od -20 stopni Celsjusza na po\u0142udniowym wschodzie, oko\u0142o -13 stopni w centrum do -7, -4\u00a0stopni nad morzem.\u00a0<\/p>\n<p class=\"art_paragraph\">Czytaj r\u00f3wnie\u017c: <a href=\"https:\/\/wiadomosci.gazeta.pl\/swiat\/7,198076,32510115,zima-paralizuje-europe-setki-odwolanych-lotow-prawdziwe-emocje.html\" class=\"art_link\" rel=\"dofollow noopener\" target=\"_blank\">Zima parali\u017cuje Europ\u0119. Setki odwo\u0142anych lot\u00f3w. &#8222;Prawdziwe emocje zaczn\u0105 si\u0119 w czwartek&#8221;<\/a>\u00a0<\/p>\n<p class=\"art_paragraph\">\u0179r\u00f3d\u0142a: IMGW, IAR<\/p>\n","protected":false},"excerpt":{"rendered":"Pogoda. Zimny poranek w \u015brod\u0119 IMGW podaje, \u017ce w \u015brod\u0119 rano (stan na godz. 7 rano) najcieplej by\u0142o&hellip;\n","protected":false},"author":2,"featured_media":191431,"comment_status":"","ping_status":"","sticky":false,"template":"","format":"standard","meta":{"footnotes":""},"categories":[12],"tags":[32,33,36,37,27,34,35,28,31,25,42,38,40,39,41,29,30,26],"class_list":{"0":"post-191430","1":"post","2":"type-post","3":"status-publish","4":"format-standard","5":"has-post-thumbnail","7":"category-polska","8":"tag-breaking-news","9":"tag-breakingnews","10":"tag-featured-news","11":"tag-featurednews","12":"tag-headlines","13":"tag-latest-news","14":"tag-latestnews","15":"tag-naglowki","16":"tag-najwazniejsze-artykuly","17":"tag-news","18":"tag-pl","19":"tag-poland","20":"tag-polish","21":"tag-polska","22":"tag-polski","23":"tag-top-stories","24":"tag-topstories","25":"tag-wiadomosci"},"share_on_mastodon":{"url":"https:\/\/pubeurope.com\/@pl\/115853289319681738","error":""},"_links":{"self":[{"href":"https:\/\/www.europesays.com\/pl\/wp-json\/wp\/v2\/posts\/191430","targetHints":{"allow":["GET"]}}],"collection":[{"href":"https:\/\/www.europesays.com\/pl\/wp-json\/wp\/v2\/posts"}],"about":[{"href":"https:\/\/www.europesays.com\/pl\/wp-json\/wp\/v2\/types\/post"}],"author":[{"embeddable":true,"href":"https:\/\/www.europesays.com\/pl\/wp-json\/wp\/v2\/users\/2"}],"replies":[{"embeddable":true,"href":"https:\/\/www.europesays.com\/pl\/wp-json\/wp\/v2\/comments?post=191430"}],"version-history":[{"count":0,"href":"https:\/\/www.europesays.com\/pl\/wp-json\/wp\/v2\/posts\/191430\/revisions"}],"wp:featuredmedia":[{"embeddable":true,"href":"https:\/\/www.europesays.com\/pl\/wp-json\/wp\/v2\/media\/191431"}],"wp:attachment":[{"href":"https:\/\/www.europesays.com\/pl\/wp-json\/wp\/v2\/media?parent=191430"}],"wp:term":[{"taxonomy":"category","embeddable":true,"href":"https:\/\/www.europesays.com\/pl\/wp-json\/wp\/v2\/categories?post=191430"},{"taxonomy":"post_tag","embeddable":true,"href":"https:\/\/www.europesays.com\/pl\/wp-json\/wp\/v2\/tags?post=191430"}],"curies":[{"name":"wp","href":"https:\/\/api.w.org\/{rel}","templated":true}]}}