{"id":191442,"date":"2026-01-07T10:19:06","date_gmt":"2026-01-07T10:19:06","guid":{"rendered":"https:\/\/www.europesays.com\/pl\/191442\/"},"modified":"2026-01-07T10:19:06","modified_gmt":"2026-01-07T10:19:06","slug":"poscig-za-tankowcem-rosja-wyslala-okret-wojenny-do-eskorty","status":"publish","type":"post","link":"https:\/\/www.europesays.com\/pl\/191442\/","title":{"rendered":"Po\u015bcig za tankowcem. Rosja wys\u0142a\u0142a okr\u0119t wojenny do eskorty"},"content":{"rendered":"<p>Tankowiec, kt\u00f3ry wcze\u015bniej przewozi\u0142 wenezuelsk\u0105 rop\u0119 naftow\u0105, obecnie najprawdopodobniej nie przewozi \u0142adunku.<\/p>\n<p>Prezydent Donald Trump powiedzia\u0142 w\u00a0zesz\u0142ym miesi\u0105cu, \u017ce nakaza\u0142 &#8222;blokad\u0119&#8221; obj\u0119tych sankcjami tankowc\u00f3w, wp\u0142ywaj\u0105cych i\u00a0wyp\u0142ywaj\u0105cych z\u00a0Wenezueli. Przed sobotnim atakiem USA i\u00a0uprowadzeniem przyw\u00f3dcy Wenezueli Nicolasa Maduro, Trump wielokrotnie oskar\u017ca\u0142 rz\u0105d Wenezueli o\u00a0wykorzystywanie statk\u00f3w do przemytu narkotyk\u00f3w do USA.<\/p>\n<p>W grudniu stra\u017c przybrze\u017cna USA pr\u00f3bowa\u0142a wej\u015b\u0107 na pok\u0142ad Belli 1\u00a0na Karaibach, gdy przypuszczano, \u017ce statek zmierza w\u00a0kierunku Wenezueli. Stra\u017c mia\u0142a nakaz przej\u0119cia tankowca, oskar\u017canego o\u00a0z\u0142amanie ameryka\u0144skich sankcji i\u00a0transport ira\u0144skiej ropy. Jednak jednostka zmieni\u0142a kurs, nazw\u0119 na Marinera i\u00a0zamalowa\u0142a oznaczenia guja\u0144skie, zast\u0119puj\u0105c je rosyjsk\u0105 bander\u0105.<\/p>\n<p>Wychowa\u0142 geniuszy Open AI. M\u00f3wi ostro o\u00a0polonistach <\/p>\n<p>Obecnie Bella 1\/Marinera zbli\u017ca si\u0119 do Europy. Zbieg\u0142o si\u0119 to z\u00a0przybyciem na Stary Kontynent oko\u0142o 10 ameryka\u0144skich samolot\u00f3w transportowych i\u00a0\u015bmig\u0142owc\u00f3w &#8211;\u00a0podkre\u015bli\u0142a BBC.<\/p>\n<p>Rosja twierdzi, \u017ce &#8222;z niepokojem monitoruje&#8221; sytuacj\u0119 wok\u00f3\u0142 tankowca.<\/p>\n<p>Dw\u00f3ch ameryka\u0144skich urz\u0119dnik\u00f3w poinformowa\u0142o we wtorek stacj\u0119 CBS News, \u017ce si\u0142y ameryka\u0144skie planuj\u0105 aborda\u017c okr\u0119tu i\u00a0\u017ce Waszyngton wola\u0142by go przej\u0105\u0107, ni\u017c zatopi\u0107.<\/p>\n<p>We wtorek Po\u0142udniowe Dow\u00f3dztwo Si\u0142 Zbrojnych USA opublikowa\u0142o w\u00a0mediach spo\u0142eczno\u015bciowych o\u015bwiadczenie, \u017ce &#8222;jest nadal gotowe wspiera\u0107 partner\u00f3w z\u00a0agencji rz\u0105dowych USA w\u00a0dzia\u0142aniach wymierzonych w\u00a0statki i\u00a0podmioty obj\u0119te sankcjami&#8221;.<\/p>\n<p>BBC poda\u0142a, \u017ce Marinera znajdowa\u0142a si\u0119 w\u00a0nocy z\u00a0wtorku na \u015brod\u0119 mi\u0119dzy Szkocj\u0105 a\u00a0Islandi\u0105, ale odleg\u0142o\u015b\u0107 i\u00a0pogoda utrudnia\u0142y wej\u015bcie na jej pok\u0142ad. Urz\u0119dnicy ameryka\u0144scy, cytowani przez CBS, zasugerowali, \u017ce Stany Zjednoczone mog\u0142yby przeprowadzi\u0107 operacj\u0119 podobn\u0105 do tej z\u00a0zesz\u0142ego miesi\u0105ca, kiedy to ameryka\u0144ska piechota morska i\u00a0si\u0142y specjalne we wsp\u00f3\u0142pracy ze Stra\u017c\u0105 Przybrze\u017cn\u0105 przej\u0119\u0142y The Skipper, du\u017cy tankowiec p\u0142ywaj\u0105cy pod bander\u0105 Gujany po tym, gdy statek wyp\u0142yn\u0105\u0142 z\u00a0portu w\u00a0Wenezueli.<\/p>\n<p>Zgodnie z\u00a0prawem mi\u0119dzynarodowym statki p\u0142ywaj\u0105ce pod bander\u0105 danego pa\u0144stwa podlegaj\u0105 ochronie tego pa\u0144stwa, ale Dimitris Ampatzidis, zajmuj\u0105cy si\u0119 analiz\u0105 ryzyka w\u00a0firmie morskiej Kpler, oceni\u0142 w\u00a0rozmowie z\u00a0BBC, \u017ce zmiana nazwy i\u00a0bandery statku nie ma wi\u0119kszego znaczenia &#8211;\u00a0mo\u017ce spowodowa\u0107 &#8222;tarcia dyplomatyczne&#8221;, ale nie powstrzyma \u017cadnych dzia\u0142a\u0144 egzekucyjnych USA.<\/p>\n<p>&#8222;Obecnie nasz statek p\u0142ywa po wodach mi\u0119dzynarodowych p\u00f3\u0142nocnego Atlantyku pod bander\u0105 pa\u0144stwow\u0105 Federacji Rosyjskiej w\u00a0pe\u0142ni przestrzegaj\u0105c norm mi\u0119dzynarodowego prawa morskiego&#8221; \u2013\u00a0o\u015bwiadczy\u0142o rosyjskie MSZ. &#8222;Z niezrozumia\u0142ych dla nas przyczyn rosyjskiemu statkowi po\u015bwi\u0119cana jest wzmo\u017cona i\u00a0ewidentnie nieproporcjonalna uwaga przez wojska USA i\u00a0NATO, pomimo jego pokojowego statusu. (&#8230;) Oczekujemy, \u017ce kraje zachodnie, kt\u00f3re deklaruj\u0105 swoje zaanga\u017cowanie na rzecz wolno\u015bci \u017ceglugi na pe\u0142nym morzu, same zaczn\u0105 przestrzega\u0107 tej zasady&#8221; &#8211;\u00a0stwierdzi\u0142o.<\/p>\n","protected":false},"excerpt":{"rendered":"Tankowiec, kt\u00f3ry wcze\u015bniej przewozi\u0142 wenezuelsk\u0105 rop\u0119 naftow\u0105, obecnie najprawdopodobniej nie przewozi \u0142adunku. Prezydent Donald Trump powiedzia\u0142 w\u00a0zesz\u0142ym miesi\u0105cu,&hellip;\n","protected":false},"author":2,"featured_media":191443,"comment_status":"","ping_status":"","sticky":false,"template":"","format":"standard","meta":{"footnotes":""},"categories":[14],"tags":[32,33,27,34,35,28,31,25,40,41,80,29,30,26,82,83,84],"class_list":{"0":"post-191442","1":"post","2":"type-post","3":"status-publish","4":"format-standard","5":"has-post-thumbnail","7":"category-swiat","8":"tag-breaking-news","9":"tag-breakingnews","10":"tag-headlines","11":"tag-latest-news","12":"tag-latestnews","13":"tag-naglowki","14":"tag-najwazniejsze-artykuly","15":"tag-news","16":"tag-polish","17":"tag-polski","18":"tag-swiat","19":"tag-top-stories","20":"tag-topstories","21":"tag-wiadomosci","22":"tag-world","23":"tag-world-news","24":"tag-worldnews"},"share_on_mastodon":{"url":"https:\/\/pubeurope.com\/@pl\/115853312869785206","error":""},"_links":{"self":[{"href":"https:\/\/www.europesays.com\/pl\/wp-json\/wp\/v2\/posts\/191442","targetHints":{"allow":["GET"]}}],"collection":[{"href":"https:\/\/www.europesays.com\/pl\/wp-json\/wp\/v2\/posts"}],"about":[{"href":"https:\/\/www.europesays.com\/pl\/wp-json\/wp\/v2\/types\/post"}],"author":[{"embeddable":true,"href":"https:\/\/www.europesays.com\/pl\/wp-json\/wp\/v2\/users\/2"}],"replies":[{"embeddable":true,"href":"https:\/\/www.europesays.com\/pl\/wp-json\/wp\/v2\/comments?post=191442"}],"version-history":[{"count":0,"href":"https:\/\/www.europesays.com\/pl\/wp-json\/wp\/v2\/posts\/191442\/revisions"}],"wp:featuredmedia":[{"embeddable":true,"href":"https:\/\/www.europesays.com\/pl\/wp-json\/wp\/v2\/media\/191443"}],"wp:attachment":[{"href":"https:\/\/www.europesays.com\/pl\/wp-json\/wp\/v2\/media?parent=191442"}],"wp:term":[{"taxonomy":"category","embeddable":true,"href":"https:\/\/www.europesays.com\/pl\/wp-json\/wp\/v2\/categories?post=191442"},{"taxonomy":"post_tag","embeddable":true,"href":"https:\/\/www.europesays.com\/pl\/wp-json\/wp\/v2\/tags?post=191442"}],"curies":[{"name":"wp","href":"https:\/\/api.w.org\/{rel}","templated":true}]}}