{"id":191448,"date":"2026-01-07T10:22:10","date_gmt":"2026-01-07T10:22:10","guid":{"rendered":"https:\/\/www.europesays.com\/pl\/191448\/"},"modified":"2026-01-07T10:22:10","modified_gmt":"2026-01-07T10:22:10","slug":"aluron-cmc-warta-zawiercie-zwycieskie-w-portugalii-polski-zespol-niepokonany-sport-tvp-pl","status":"publish","type":"post","link":"https:\/\/www.europesays.com\/pl\/191448\/","title":{"rendered":"Aluron CMC Warta Zawiercie zwyci\u0119skie w Portugalii. Polski zesp\u00f3\u0142 niepokonany &#8211; sport.tvp.pl"},"content":{"rendered":"<ol>\n<li><a href=\"https:\/\/news.google.com\/rss\/articles\/CBMiqgFBVV95cUxOZjYxczVxYzF1UzBVdUdvSHhuUm1FSlNWQmpvdDZWRmNPSmprSFExWHVtbmNXRDFUZHFoZVR1eWt5OXZIWmJiZDFtWlVMaVhQaV82S2lXRVBKekNfaFFCNVJua2cxeVJYM0c4WXBPejc4RVhrTFA1MXpubDVRWmlkcFRLMEZXdHVselMxOEZ1MGRVNzExMWhrYy1lZFc3MUJlVjVWR3k5MzEyUdIBrwFBVV95cUxONHF5ekc0VjdHWm5pTVZ6QmVtMUNtdy14MENNUm9uZHliY1kwWHk2dHY1SFNHVEU5a1JVSFZraGhUN0Q1ZG1vS1FleFhYQkR2Qkh3NFdxbk4xLVliUGh4ZkE3NGFFN25nUzM4WUk1a2FMVWNSS0VpazI1bWVUTVF6b0c2ZmJNbGRkcEFONXAzckpCem85aWtzWEVWLTVvXzZ2ZC1VclhNR2ZJOThZSDNR?oc=5\" target=\"_blank\" rel=\"nofollow noopener\">Aluron CMC Warta Zawiercie zwyci\u0119skie w Portugalii. Polski zesp\u00f3\u0142 niepokonany<\/a>&nbsp;&nbsp;sport.tvp.pl<\/li>\n<li><a href=\"https:\/\/news.google.com\/rss\/articles\/CBMi6gFBVV95cUxPUlVrRHcyQzRYc3pFMzg4Y1FqQnoxaXNGcXdWVGo5aFQ1VTVfWVBoM3R4cnVaNlJIRjlmM2hIdkgwTHVZM1NBTloxbmhQODY0a05yN3hMVWpGc3pNS2M4TXJuM0FuOUI3bFJObGd3VElOT3RpUUFBME1VWWt4Yk5ZRzVDM3lUWGh1X1BHR3N1aXQ3LUF0NVlBRllnUGloRkM4d3ZsSVZKNTdDQUFMLVJMUlpwQ3J6NkpzY2thWWl4WHVvRkRIZTBISGxZM0JnZC1iejVoc2tvOTRrNjJtTVBBX1lBSXduNjRmcUE?oc=5\" target=\"_blank\" rel=\"nofollow noopener\">Fatalne wie\u015bci pojawi\u0142y si\u0119 tu\u017c przed meczem. A potem pewna wygrana Polak\u00f3w w LM<\/a>&nbsp;&nbsp;Przegl\u0105d Sportowy Onet<\/li>\n<li><a href=\"https:\/\/news.google.com\/rss\/articles\/CBMixgFBVV95cUxNTG5iZl81R2xqZ3MxNFdmUUV2aDNzanNlREV3a2tsVTBINXVxUU9CRmQxMmg5eUFrbjctRnFZS0IxaVd3TkhIamhiR1ItQ2Jrd2twS0xTbkFaTW5wdlVEZzladlJSRlR3WThGWjlrM2szRlRoRy04OElRdmFDOHh2RDY5UTBJclFGWmk0QWxZaWxMMXNYLUdDUjMxcW9aRDM4YXBNQm8tU2xCQ0hncFpOSVhDelplVWlOSy1MWmthazZaY3FsRUE?oc=5\" target=\"_blank\" rel=\"nofollow noopener\">Sporting CP &#8211; Aluron CMC Warta Zawiercie w siatkarskiej Lidze Mistrz\u00f3w. Relacja na \u017cywo<\/a>&nbsp;&nbsp;Sport w INTERIA.PL<\/li>\n<li><a href=\"https:\/\/news.google.com\/rss\/articles\/CBMizAFBVV95cUxNTC1RUHFBaVhPTGw1QmV2WV9ZMUloZ0YtZV9MUUs2SE10VGU3LUl3d3Q1NHNPV0swdGhrNUdLTXg0NnA3NmUxY2F1VV83SmpaaHE3N0VTYWNyLXZpMENrb0ljNUJSREZIOFdvWTZISXJTelRRRlJEa2Z1WjVvUWFxNzhrd3I4M3RHQ1VMT1lrdnVzMEdQS0JXblZORG52ZUpZdWZpUE9RaXhRLUVOY3I4YzA4SXMxNmJXQ0NFbHRGWC0tWDJxd2VWdkpwMF8?oc=5\" target=\"_blank\" rel=\"nofollow noopener\">To nie by\u0142 spacerek! &#8222;Jurajscy Rycerze&#8221; na szczycie swojej grupy w LM<\/a>&nbsp;&nbsp;www.polsatsport.pl<\/li>\n<li><a href=\"https:\/\/news.google.com\/rss\/articles\/CBMisgFBVV95cUxPQ3p4NF9vcC1KVlRTQTAzdDJFV3FkbTNPTU5KQ05ydGNyZTBDdzJTNUxpNUstcDI5UFZYVE1XNWV0Z0JKeUNhX1EwX2FYZWQzZ2JpVFBtU3ZuOUpMVERINFZzbXBETXVGRmJtMG1nbUVuaWFPcm5BV0ZNSF9VN3ZjcEpmaVVTYVZqZHlaV1hjYVdjSE9SNElBM2FJNnhiRXJYYXM1RFNjWkpOTy1CbWg2UmdR?oc=5\" target=\"_blank\" rel=\"nofollow noopener\">Wicemistrz Polski niepokonany w Lidze Mistrz\u00f3w! To mog\u0142a by\u0107 du\u017ca wpadka Siatk\u00f3wka<\/a>&nbsp;&nbsp;Sport.pl<\/li>\n<\/ol>\n","protected":false},"excerpt":{"rendered":"Aluron CMC Warta Zawiercie zwyci\u0119skie w Portugalii. Polski zesp\u00f3\u0142 niepokonany&nbsp;&nbsp;sport.tvp.pl Fatalne wie\u015bci pojawi\u0142y si\u0119 tu\u017c przed meczem. A&hellip;\n","protected":false},"author":2,"featured_media":191449,"comment_status":"","ping_status":"","sticky":false,"template":"","format":"standard","meta":{"footnotes":""},"categories":[24],"tags":[19502,34479,998,37418,37417,42,38,40,39,41,335,127,334,1613,126],"class_list":{"0":"post-191448","1":"post","2":"type-post","3":"status-publish","4":"format-standard","5":"has-post-thumbnail","7":"category-sport","8":"tag-aluron-cmc-warta-zawiercie","9":"tag-bartosz-kwolek","10":"tag-liga-mistrzw","11":"tag-liga-mistrzw-siatkarzy","12":"tag-lm","13":"tag-pl","14":"tag-poland","15":"tag-polish","16":"tag-polska","17":"tag-polski","18":"tag-siatkwka","19":"tag-sport","20":"tag-sport-tvp-pl","21":"tag-sporting-cp","22":"tag-sports"},"share_on_mastodon":{"url":"https:\/\/pubeurope.com\/@pl\/115853324858838908","error":""},"_links":{"self":[{"href":"https:\/\/www.europesays.com\/pl\/wp-json\/wp\/v2\/posts\/191448","targetHints":{"allow":["GET"]}}],"collection":[{"href":"https:\/\/www.europesays.com\/pl\/wp-json\/wp\/v2\/posts"}],"about":[{"href":"https:\/\/www.europesays.com\/pl\/wp-json\/wp\/v2\/types\/post"}],"author":[{"embeddable":true,"href":"https:\/\/www.europesays.com\/pl\/wp-json\/wp\/v2\/users\/2"}],"replies":[{"embeddable":true,"href":"https:\/\/www.europesays.com\/pl\/wp-json\/wp\/v2\/comments?post=191448"}],"version-history":[{"count":0,"href":"https:\/\/www.europesays.com\/pl\/wp-json\/wp\/v2\/posts\/191448\/revisions"}],"wp:featuredmedia":[{"embeddable":true,"href":"https:\/\/www.europesays.com\/pl\/wp-json\/wp\/v2\/media\/191449"}],"wp:attachment":[{"href":"https:\/\/www.europesays.com\/pl\/wp-json\/wp\/v2\/media?parent=191448"}],"wp:term":[{"taxonomy":"category","embeddable":true,"href":"https:\/\/www.europesays.com\/pl\/wp-json\/wp\/v2\/categories?post=191448"},{"taxonomy":"post_tag","embeddable":true,"href":"https:\/\/www.europesays.com\/pl\/wp-json\/wp\/v2\/tags?post=191448"}],"curies":[{"name":"wp","href":"https:\/\/api.w.org\/{rel}","templated":true}]}}