{"id":191450,"date":"2026-01-07T10:23:09","date_gmt":"2026-01-07T10:23:09","guid":{"rendered":"https:\/\/www.europesays.com\/pl\/191450\/"},"modified":"2026-01-07T10:23:09","modified_gmt":"2026-01-07T10:23:09","slug":"powstanie-sequel-pomocy-dobowej-sydney-sweeney-powroci-do-swej-roli","status":"publish","type":"post","link":"https:\/\/www.europesays.com\/pl\/191450\/","title":{"rendered":"Powstanie sequel &#8222;Pomocy dobowej&#8221;. Sydney Sweeney powr\u00f3ci do swej roli"},"content":{"rendered":"<p>Sequel b\u0119dzie adaptacj\u0105 drugiej cz\u0119\u015bci trylogii McFadden pod tytu\u0142em &#8222;Pomoc domowa. Sekret&#8221;. Projekt znajdowa\u0142 si\u0119 ju\u017c w fazie preprodukcji. Po sukcesie pierwszej &#8222;Pomocy domowej&#8221; nic nie stoi na przeszkodzie, by da\u0107 mu zielone \u015bwiat\u0142o.<\/p>\n<p>Za kamer\u0105 stanie ponownie\u00a0<a href=\"https:\/\/film.interia.pl\/gwiazda-paul-feig,pId,11496\" rel=\"nofollow noopener\" target=\"_blank\">Paul Feig<\/a>. Do swych r\u00f3l powr\u00f3c\u0105\u00a0<a href=\"https:\/\/film.interia.pl\/gwiazda-sydney-sweeney,pId,21395\" rel=\"nofollow noopener\" target=\"_blank\">Sydney Sweeney<\/a>\u00a0oraz\u00a0<a href=\"https:\/\/film.interia.pl\/gwiazda-michele-morrone,pId,20415\" rel=\"nofollow noopener\" target=\"_blank\">Michele Morrone<\/a>. Podobnie jak przy okazji pierwszej cz\u0119\u015bci scenariusz napisze Rebecca Sonnenshine. Zdj\u0119cia rozpoczn\u0105 si\u0119 jeszcze w 2026 roku.<\/p>\n<p>&#13;<br \/>\n    &#13;<br \/>\n            Wideo&#13;<\/p>\n<p>        &#13;<br \/>\n&#13;<br \/>\n    &#13;<br \/>\n        &#13;<br \/>\n                &#13;<\/p>\n<p>&#13;<br \/>\n                                        &#8222;Pomoc domowa&#8221; [trailer 2]&#13;<br \/>\n                                        materia\u0142y prasowe&#13;\n                    <\/p>\n<p>&#13;<\/p>\n<p><a href=\"https:\/\/film.interia.pl\/film-pomoc-domowa,fId,22505\" rel=\"nofollow noopener\" target=\"_blank\">&#8222;Pomoc domowa&#8221;<\/a>\u00a0kosztowa\u0142a 35 milion\u00f3w dolar\u00f3w. W Stanach Zjednoczonych zarobi\u0142a prawie 76 milion\u00f3w dolar\u00f3w. Po dw\u00f3ch weekendach na ekranach jej \u015bwiatowy box-office zamyka si\u0119 obecnie na 135 milionach dolar\u00f3w.<\/p>\n<p>&#8222;Z racji sukcesu frekwencyjnego i reakcji w mediach spo\u0142eczno\u015bciowych jest jasne, \u017ce widzowie zareagowali mocno i g\u0142o\u015bno na wyj\u0105tkowe do\u015bwiadczenie kinowe, jakim jest \u2018Pomoc domowa\u2019. Chc\u0105 wiedzie\u0107, jak potocz\u0105 si\u0119 dalsze losy bohater\u00f3w&#8221; \u2013 napisa\u0142 w o\u015bwiadczeniu Adam Fogelson, szef produkcji kinowej wytw\u00f3rni Lionsgate.<\/p>\n<p>Millie (Sydney Sweeney) ma za sob\u0105 nie\u0142atw\u0105 przesz\u0142o\u015b\u0107. To, czego dzi\u015b szuka, to spokojna przysta\u0144 z dala od zgie\u0142ku i potencjalnych k\u0142opot\u00f3w. Zatrudnia si\u0119 wi\u0119c jako pomoc domowa w wielkim domu bogatego ma\u0142\u017ce\u0144stwa Winchester\u00f3w. Sprz\u0105ta, gotuje, odbiera ze szko\u0142y c\u00f3rk\u0119 swych pracodawc\u00f3w, a wolne chwile sp\u0119dza samotnie w ma\u0142ym pokoju na poddaszu. Cho\u0107 zachowania domownik\u00f3w zaczynaj\u0105 budzi\u0107 jej coraz wi\u0119kszy niepok\u00f3j, stara si\u0119 to ignorowa\u0107. Zazdro\u015bci pani Winchester (Amanda Seyfried) jej pe\u0142nego przepychu, idealnego \u017cycia. Jednak gdy pewnego dnia odkryje skrywany za grubymi murami posiad\u0142o\u015bci sekret Winchester\u00f3w, zrozumie, \u017ce znalaz\u0142a si\u0119 w obliczu \u015bmiertelnego zagro\u017cenia.<\/p>\n<p>&#8222;Pomoc domowa&#8221; mia\u0142a sw\u0105 \u015bwiatow\u0105 premier\u0119 19 grudnia 2025 roku. W polskich kinach mo\u017cemy j\u0105 ogl\u0105da\u0107 od 1 stycznia 2026 roku.<\/p>\n<p>&#13;<br \/>\n    &#13;<br \/>\n            Wideo&#13;<\/p>\n<p>        &#13;<br \/>\n&#13;<br \/>\n    &#13;<br \/>\n        &#13;<br \/>\n                &#13;<\/p>\n<p>&#13;<br \/>\n                                        &#8222;Zmiennokszta\u0142tni 2&#8221; [trailer]&#13;<br \/>\n                                        materia\u0142y prasowe&#13;\n                    <\/p>\n<p>&#13;<\/p>\n<p>                    &#13;<br \/>\n        &#13;<\/p>\n<p>                        <a href=\"https:\/\/www.interia.pl?module=source\" target=\"_blank\" rel=\"nofollow noopener\"><\/p>\n<p>                                    <img decoding=\"async\" src=\"https:\/\/www.europesays.com\/pl\/wp-content\/uploads\/2025\/10\/1761676688_499_0009A60QQ5I2TYF7-C301.jpg\" alt=\"INTERIA.PL\"\/><br \/>\n                                            <\/a><\/p>\n<p>        &#13;<br \/>\n&#13;<br \/>\n    &#13;<\/p>\n<p>    &#13;<br \/>\n    &#13;<br \/>\n            &#13;<br \/>\n        &#13;<\/p>\n","protected":false},"excerpt":{"rendered":"Sequel b\u0119dzie adaptacj\u0105 drugiej cz\u0119\u015bci trylogii McFadden pod tytu\u0142em &#8222;Pomoc domowa. Sekret&#8221;. Projekt znajdowa\u0142 si\u0119 ju\u017c w fazie&hellip;\n","protected":false},"author":2,"featured_media":191451,"comment_status":"","ping_status":"","sticky":false,"template":"","format":"standard","meta":{"footnotes":""},"categories":[22],"tags":[122,42,38,40,39,41,123],"class_list":{"0":"post-191450","1":"post","2":"type-post","3":"status-publish","4":"format-standard","5":"has-post-thumbnail","7":"category-rozrywka","8":"tag-entertainment","9":"tag-pl","10":"tag-poland","11":"tag-polish","12":"tag-polska","13":"tag-polski","14":"tag-rozrywka"},"share_on_mastodon":{"url":"https:\/\/pubeurope.com\/@pl\/115853328687100139","error":""},"_links":{"self":[{"href":"https:\/\/www.europesays.com\/pl\/wp-json\/wp\/v2\/posts\/191450","targetHints":{"allow":["GET"]}}],"collection":[{"href":"https:\/\/www.europesays.com\/pl\/wp-json\/wp\/v2\/posts"}],"about":[{"href":"https:\/\/www.europesays.com\/pl\/wp-json\/wp\/v2\/types\/post"}],"author":[{"embeddable":true,"href":"https:\/\/www.europesays.com\/pl\/wp-json\/wp\/v2\/users\/2"}],"replies":[{"embeddable":true,"href":"https:\/\/www.europesays.com\/pl\/wp-json\/wp\/v2\/comments?post=191450"}],"version-history":[{"count":0,"href":"https:\/\/www.europesays.com\/pl\/wp-json\/wp\/v2\/posts\/191450\/revisions"}],"wp:featuredmedia":[{"embeddable":true,"href":"https:\/\/www.europesays.com\/pl\/wp-json\/wp\/v2\/media\/191451"}],"wp:attachment":[{"href":"https:\/\/www.europesays.com\/pl\/wp-json\/wp\/v2\/media?parent=191450"}],"wp:term":[{"taxonomy":"category","embeddable":true,"href":"https:\/\/www.europesays.com\/pl\/wp-json\/wp\/v2\/categories?post=191450"},{"taxonomy":"post_tag","embeddable":true,"href":"https:\/\/www.europesays.com\/pl\/wp-json\/wp\/v2\/tags?post=191450"}],"curies":[{"name":"wp","href":"https:\/\/api.w.org\/{rel}","templated":true}]}}