{"id":191482,"date":"2026-01-07T10:40:07","date_gmt":"2026-01-07T10:40:07","guid":{"rendered":"https:\/\/www.europesays.com\/pl\/191482\/"},"modified":"2026-01-07T10:40:07","modified_gmt":"2026-01-07T10:40:07","slug":"bliscy-ofiar-i-adwokaci-wstrzasnieci-po-szokujacym-oswiadczeniu-wladz-po-pozarze","status":"publish","type":"post","link":"https:\/\/www.europesays.com\/pl\/191482\/","title":{"rendered":"Bliscy ofiar i adwokaci wstrz\u0105\u015bni\u0119ci po szokuj\u0105cym o\u015bwiadczeniu w\u0142adz po po\u017carze"},"content":{"rendered":"<p class=\"Paragraph_desktopParagraph__U31Gm\">Pierwsze dni up\u0142yn\u0119\u0142y pod znakiem \u017ca\u0142oby. U coraz wi\u0119kszej liczby bliskich i poszkodowanych smutek przeradza si\u0119 w gniew. <a href=\"https:\/\/wiadomosci.onet.pl\/swiat\/tragiczny-pozar-baru-w-szwajcarii-policja-zidentyfikowala-wszystkie-ofiary\/9pdz37h\" id=\"19943902-25e1-48b0-ae7c-4674357420aa\" rel=\"nofollow noopener\" target=\"_blank\">W trakcie po\u017caru w barze Le Constellation w Crans-Montana<\/a> stracili swoich bliskich \u2014 albo jeszcze d\u0142ugo b\u0119d\u0105 cierpie\u0107 z powodu odniesionych obra\u017ce\u0144.<\/p>\n<ul class=\"OchatFollowUps_wrapper__1ry7X\">\n<li class=\"OchatFollowUps_item__Dhyly OchatFollowUps_itemDesktop__R6aBv\">Jakie reakcje wzbudzi\u0142o o\u015bwiadczenie gminy?<\/li>\n<li class=\"OchatFollowUps_item__Dhyly OchatFollowUps_itemDesktop__R6aBv\">Co m\u00f3wi\u0142 przewodnicz\u0105cy gminy Nicolas F\u00e9raud?<\/li>\n<li class=\"OchatFollowUps_item__Dhyly OchatFollowUps_itemDesktop__R6aBv\">Jakie by\u0142y zarzuty w stosunku do gminy po po\u017carze?<\/li>\n<li class=\"OchatFollowUps_item__Dhyly OchatFollowUps_itemDesktop__R6aBv\">Jakie s\u0105 opinie adwokat\u00f3w rodzin ofiar?<\/li>\n<\/ul>\n<p class=\"Paragraph_desktopParagraph__U31Gm\">We wtorek musieli wys\u0142ucha\u0107 konferencji prasowej przedstawicieli gminy. Na jej czele sta\u0142 przewodnicz\u0105cy Nicolas F\u00e9raud, kt\u00f3ry stwierdzi\u0142: \u2014 Gmina zosta\u0142a najbardziej poszkodowana [w tym wypadku], przed wszystkimi innymi. \u2014 Trudno si\u0119 dziwi\u0107, \u017ce F\u00e9raud nie zyska\u0142 tym przyjaci\u00f3\u0142. Po konferencji prasowej musia\u0142 odjecha\u0107 pod eskort\u0105 policji.<\/p>\n<p>F\u00e9raud przerzuca win\u0119 na innych <\/p>\n<p class=\"Paragraph_desktopParagraph__U31Gm\">Ju\u017c przed konferencj\u0105 prasow\u0105 jeden z adwokat\u00f3w rodzin ofiar pr\u00f3bowa\u0142 uniemo\u017cliwi\u0107, by gmina ponownie wypowiada\u0142a si\u0119 publicznie. Uwa\u017ca jej komunikacj\u0119 za &#8222;nieakceptowaln\u0105&#8221; i zamierza broni\u0107 interes\u00f3w rodzin poszkodowanych.<\/p>\n<p class=\"Paragraph_desktopParagraph__U31Gm\">We wtorek na \u0142amach Blick wypowiedzia\u0142a si\u0119 adwokatka ofiar, Nina Fournier. Skrytykowa\u0142a ona s\u0142owa kt\u00f3re pad\u0142y podczas konferencji. <\/p>\n<blockquote>\n<p class=\"Paragraph_desktopParagraph__U31Gm\">\u2014 Niekt\u00f3re wypowiedzi g\u0142\u0119boko nas zszokowa\u0142y \u2014 powiedzia\u0142a Fournier. <\/p>\n<\/blockquote>\n<p class=\"Paragraph_desktopParagraph__U31Gm\">To, \u017ce gmina sama okre\u015bli\u0142a si\u0119 mianem &#8222;ofiary&#8221;, w \u015bwietle definicji tego poj\u0119cia wed\u0142ug szwajcarskiej procedury karnej, jest niemal nie do przyj\u0119cia. Skoro nie mo\u017cna wykluczy\u0107, \u017ce gmina ponosi odpowiedzialno\u015b\u0107 za tragedi\u0119, taka deklaracja jest jeszcze bardziej kontrowersyjna. \u2014 Wi\u0119cej pow\u015bci\u0105gliwo\u015bci i wyczucia by\u0142oby wskazane \u2014 doda\u0142a.<\/p>\n<p class=\"Paragraph_desktopParagraph__U31Gm\">W ostatnich dniach byli pracownicy baru relacjonowali francuskiej stacji BFMTV, \u017ce <a href=\"https:\/\/podroze.onet.pl\/aktualnosci\/tajemnica-drugiego-tajnego-wejscia-do-klubu-nocnego-wielu-tak-robilo\/m4xmh4f\" id=\"c400e909-a5b0-4ee8-8aff-7f80e089c390\" rel=\"nofollow noopener\" target=\"_blank\">wyj\u015bcia ewakuacyjne w barze cz\u0119sto by\u0142y zablokowane<\/a>. Nie by\u0142o dost\u0119pu do ga\u015bnic, a na miejscu przebywa\u0142 tylko jeden ochroniarz \u2014 tak wed\u0142ug relacji by\u0142ych pracownik\u00f3w. Ocalali wspominali nawet o \u017ale oznakowanych wyj\u015bciach awaryjnych.<\/p>\n<p class=\"Paragraph_desktopParagraph__U31Gm\">Podobne do\u015bwiadczenia mia\u0142o dw\u00f3ch syn\u00f3w Magali R.*, kt\u00f3rzy ledwo uszli z \u017cyciem z po\u017caru. Ich matka da\u0142a upust swojej frustracji na LinkedIn: &#8222;Jak rozs\u0105dni doro\u015bli mogli dopu\u015bci\u0107 do takich niebezpiecznych praktyk w piwnicznym lokalu? Dlaczego sufit by\u0142 ob\u0142o\u017cony \u0142atwopaln\u0105 piank\u0105 akustyczn\u0105?&#8221; Kolejne, nurtuj\u0105ce pytanie: <a href=\"https:\/\/podroze.onet.pl\/aktualnosci\/matka-ofiar-pozaru-ostro-o-wlascicielce-klubu-nocnego-jak-zdolala-uciec\/dlfkney\" id=\"c8c0b729-016c-4495-a212-2575d8125f94\" rel=\"nofollow noopener\" target=\"_blank\">dlaczego w\u0142a\u015bcicielka obecna tego wieczoru wysz\u0142a z lekkimi obra\u017ceniami<\/a>, podczas gdy 40 jej go\u015bci sp\u0142on\u0119\u0142o?<\/p>\n<p class=\"Paragraph_desktopParagraph__U31Gm\">Rodzina zmar\u0142ej Francuzki Cyane P.* wyrazi\u0142a ostr\u0105 krytyk\u0119 na antenie francuskiej stacji Le 20h. &#8222;Chcia\u0142a uciec i pom\u00f3c innym go\u015bciom wydosta\u0107 si\u0119 z po\u017caru. Niestety drzwi si\u0119 nie otworzy\u0142y.&#8221; Nigdy nie spodziewali si\u0119, \u017ce taka tragedia mo\u017ce wydarzy\u0107 si\u0119 w Szwajcarii. Ich c\u00f3rka pracowa\u0142a w barze Le Constellation sezonowo, dlatego mieli pe\u0142ne zaufanie do tego miejsca. &#8222;A jednak okaza\u0142o si\u0119, \u017ce mi\u0119dzy fasad\u0105 a rzeczywisto\u015bci\u0105 jest ogromna przepa\u015b\u0107.&#8221;<\/p>\n<p class=\"Paragraph_desktopParagraph__U31Gm\">Nie zabrak\u0142o krytyki tak\u017ce ze strony polityk\u00f3w: wicepremier W\u0142och Matteo Salvini (52) nie kry\u0142 w\u015bciek\u0142o\u015bci: \u2014 Jedynymi odpowiedzialnymi, jedynymi z nieczystym sumieniem, jedynymi przest\u0119pcami s\u0105 ci, kt\u00f3rzy nie zadbali o bezpiecze\u0144stwo w tej piwnicy, ci, kt\u00f3rzy nie przeprowadzili kontroli, ci, kt\u00f3rzy wydali pozwolenia, ci, kt\u00f3rzy dla pieni\u0119dzy upchali setki m\u0142odych ludzi w podziemiach \u2014 z otwartym ogniem i niesprawnymi systemami awaryjnymi. \u2014 Dlatego odpowiedzialni powinni trafi\u0107 do wi\u0119zienia \u2014 stwierdzi\u0142 Salvini.<\/p>\n<p class=\"Paragraph_desktopParagraph__U31Gm\">Po konferencji prasowej g\u0142os zabra\u0142 r\u00f3wnie\u017c adwokat Romain Jordan, reprezentuj\u0105cy kilka rodzin ofiar, w rozmowie z RTS: \u2014 Gmina Crans-Montana i wszystkie jej w\u0142adze musz\u0105 w pe\u0142ni ponie\u015b\u0107 swoj\u0105 odpowiedzialno\u015b\u0107. \u2014 Mecenas ubolewa\u0142 nad brakiem przeprosin. Doda\u0142, \u017ce wobec &#8222;szokuj\u0105cej liczby zaniedba\u0144 i luk w kontrolach&#8221; konieczne jest jak najszybsze wszcz\u0119cie \u015bledztwa wobec gminy.<\/p>\n<p class=\"Paragraph_desktopParagraph__U31Gm\">*Nazwiska znane redakcji<\/p>\n","protected":false},"excerpt":{"rendered":"Pierwsze dni up\u0142yn\u0119\u0142y pod znakiem \u017ca\u0142oby. U coraz wi\u0119kszej liczby bliskich i poszkodowanych smutek przeradza si\u0119 w gniew.&hellip;\n","protected":false},"author":2,"featured_media":191483,"comment_status":"","ping_status":"","sticky":false,"template":"","format":"standard","meta":{"footnotes":""},"categories":[14],"tags":[32,33,27,34,35,28,31,53,25,52,68,51,55,10421,40,41,4686,47,196,80,3463,29,30,50,26,82,83,84],"class_list":{"0":"post-191482","1":"post","2":"type-post","3":"status-publish","4":"format-standard","5":"has-post-thumbnail","7":"category-swiat","8":"tag-breaking-news","9":"tag-breakingnews","10":"tag-headlines","11":"tag-latest-news","12":"tag-latestnews","13":"tag-naglowki","14":"tag-najwazniejsze-artykuly","15":"tag-new_header","16":"tag-news","17":"tag-onet3","18":"tag-onet3d","19":"tag-onet3d_2i","20":"tag-phx","21":"tag-podroze_onet","22":"tag-polish","23":"tag-polski","24":"tag-pozar_pozary","25":"tag-screening_general","26":"tag-styl_zycia","27":"tag-swiat","28":"tag-szwajcaria_kraj","29":"tag-top-stories","30":"tag-topstories","31":"tag-v2021","32":"tag-wiadomosci","33":"tag-world","34":"tag-world-news","35":"tag-worldnews"},"share_on_mastodon":{"url":"https:\/\/pubeurope.com\/@pl\/115853395551071634","error":""},"_links":{"self":[{"href":"https:\/\/www.europesays.com\/pl\/wp-json\/wp\/v2\/posts\/191482","targetHints":{"allow":["GET"]}}],"collection":[{"href":"https:\/\/www.europesays.com\/pl\/wp-json\/wp\/v2\/posts"}],"about":[{"href":"https:\/\/www.europesays.com\/pl\/wp-json\/wp\/v2\/types\/post"}],"author":[{"embeddable":true,"href":"https:\/\/www.europesays.com\/pl\/wp-json\/wp\/v2\/users\/2"}],"replies":[{"embeddable":true,"href":"https:\/\/www.europesays.com\/pl\/wp-json\/wp\/v2\/comments?post=191482"}],"version-history":[{"count":0,"href":"https:\/\/www.europesays.com\/pl\/wp-json\/wp\/v2\/posts\/191482\/revisions"}],"wp:featuredmedia":[{"embeddable":true,"href":"https:\/\/www.europesays.com\/pl\/wp-json\/wp\/v2\/media\/191483"}],"wp:attachment":[{"href":"https:\/\/www.europesays.com\/pl\/wp-json\/wp\/v2\/media?parent=191482"}],"wp:term":[{"taxonomy":"category","embeddable":true,"href":"https:\/\/www.europesays.com\/pl\/wp-json\/wp\/v2\/categories?post=191482"},{"taxonomy":"post_tag","embeddable":true,"href":"https:\/\/www.europesays.com\/pl\/wp-json\/wp\/v2\/tags?post=191482"}],"curies":[{"name":"wp","href":"https:\/\/api.w.org\/{rel}","templated":true}]}}