{"id":191484,"date":"2026-01-07T10:41:12","date_gmt":"2026-01-07T10:41:12","guid":{"rendered":"https:\/\/www.europesays.com\/pl\/191484\/"},"modified":"2026-01-07T10:41:12","modified_gmt":"2026-01-07T10:41:12","slug":"spalone-cialo-w-studzience-na-zoliborzu-zatrzymano-kobiete-i-jej-17-letniego-syna","status":"publish","type":"post","link":"https:\/\/www.europesays.com\/pl\/191484\/","title":{"rendered":"Spalone cia\u0142o w studzience na \u017boliborzu. Zatrzymano kobiet\u0119 i jej 17-letniego syna"},"content":{"rendered":"<p>Zab\u00f3jstwo m\u0119\u017cczyzny w Parku Kaskada<\/p>\n<p class=\"art_paragraph\">Spalone cia\u0142o m\u0119\u017cczyzny znaleziono pod koniec maja w studzience ciep\u0142owniczej Parku Kaskada na warszawskim \u017boliborzu. &#8222;Zw\u0142oki by\u0142y w znacznym stanie rozk\u0142adu, co pocz\u0105tkowo utrudnia\u0142o identyfikacj\u0119 ofiary oraz ustalenie przyczyn \u015bmierci.\u00a0(&#8230;)\u00a0M\u0119\u017cczyzna zosta\u0142 oblany substancj\u0105 \u0142atwopaln\u0105 i podpalony, a obra\u017cenia te doprowadzi\u0142y do jego \u015bmierci&#8221; &#8211; informuje w komunikacie podinsp. Elwira Koz\u0142owska z Komendy Rejonowej Policji Warszawa V.\u00a0<\/p>\n<p>Zarzuty dla 38-latki i jej syna<\/p>\n<p class=\"art_paragraph\">Jak poda\u0142a w \u015brod\u0119 policja, w zwi\u0105zku ze zbrodni\u0105 zatrzymano 38-letni\u0105 kobiet\u0119 oraz jej 17-letniego syna. Oboje us\u0142yszeli zarzuty zab\u00f3jstwa ze szczeg\u00f3lnym okrucie\u0144stwem oraz uporczywego n\u0119kania. Ponadto 38-latce postawiono zarzut\u00a0kierowania gr\u00f3\u017ab wobec innych os\u00f3b. S\u0105d zastosowa\u0142 wobec kobiety i nastolatka tymczasowy areszt. Obojgu grozi kara do\u017cywocia.\u00a0<\/p>\n<p>        Zobacz wideo<\/p>\n<p>            Zobacz tak\u017ce: 13-latek ucieka\u0142 audi przed ostrowieckimi policjantami\n    <\/p>\n<p>Zbrodnia w Parku Kaskada<\/p>\n<p class=\"art_paragraph\">&#8222;Kobieta i jej syn wielokrotnie n\u0119kali m\u0119\u017cczyzn\u0119, wyzywali go, grozili, wielokrotnie atakowali fizycznie, w wyniku czego dozna\u0142 z\u0142amania r\u0119ki. Pod koniec marca podpalili namiot, w kt\u00f3rym mieszka\u0142, a kilka tygodni p\u00f3\u017aniej w studzience ciep\u0142owniczej w Parku Kaskada doprowadzili do jego \u015bmierci, oblewaj\u0105c go substancj\u0105 \u0142atwopaln\u0105 i podpalaj\u0105c&#8221; &#8211; podaje podinsp. Elwira Koz\u0142owska. Jednocze\u015bnie 38-latka mia\u0142a grozi\u0107 innym osobom, by nie m\u00f3wi\u0142y o tym, co si\u0119 wydarzy\u0142o. Z nieoficjalnych ustale\u0144 Gazeta.pl wynika, \u017ce m\u0119\u017cczyzna by\u0142 w kryzysie bezdomno\u015bci. Zar\u00f3wno ofiara, jak i podejrzani znali si\u0119 i mia\u0142o mi\u0119dzy nimi doj\u015b\u0107 do konfliktu.\u00a0<\/p>\n<p class=\"art_paragraph\">Czytaj r\u00f3wnie\u017c: <a href=\"https:\/\/wiadomosci.gazeta.pl\/polska\/7,198072,32510218,proba-podpalenia-biura-po-wiadomo-gdzie-trafi-podejrzany.html\" class=\"art_link\" rel=\"dofollow noopener\" target=\"_blank\">Pr\u00f3ba podpalenia biura KO. Wiadomo, gdzie trafi podejrzany. Prokuratura ujawnia<\/a><\/p>\n<p class=\"art_paragraph\">\u0179r\u00f3d\u0142a: KRP V<\/p>\n","protected":false},"excerpt":{"rendered":"Zab\u00f3jstwo m\u0119\u017cczyzny w Parku Kaskada Spalone cia\u0142o m\u0119\u017cczyzny znaleziono pod koniec maja w studzience ciep\u0142owniczej Parku Kaskada na&hellip;\n","protected":false},"author":2,"featured_media":191485,"comment_status":"","ping_status":"","sticky":false,"template":"","format":"standard","meta":{"footnotes":""},"categories":[12],"tags":[32,33,36,37,27,34,35,28,31,25,42,38,40,39,41,29,30,26],"class_list":{"0":"post-191484","1":"post","2":"type-post","3":"status-publish","4":"format-standard","5":"has-post-thumbnail","7":"category-polska","8":"tag-breaking-news","9":"tag-breakingnews","10":"tag-featured-news","11":"tag-featurednews","12":"tag-headlines","13":"tag-latest-news","14":"tag-latestnews","15":"tag-naglowki","16":"tag-najwazniejsze-artykuly","17":"tag-news","18":"tag-pl","19":"tag-poland","20":"tag-polish","21":"tag-polska","22":"tag-polski","23":"tag-top-stories","24":"tag-topstories","25":"tag-wiadomosci"},"share_on_mastodon":{"url":"https:\/\/pubeurope.com\/@pl\/115853399659611434","error":""},"_links":{"self":[{"href":"https:\/\/www.europesays.com\/pl\/wp-json\/wp\/v2\/posts\/191484","targetHints":{"allow":["GET"]}}],"collection":[{"href":"https:\/\/www.europesays.com\/pl\/wp-json\/wp\/v2\/posts"}],"about":[{"href":"https:\/\/www.europesays.com\/pl\/wp-json\/wp\/v2\/types\/post"}],"author":[{"embeddable":true,"href":"https:\/\/www.europesays.com\/pl\/wp-json\/wp\/v2\/users\/2"}],"replies":[{"embeddable":true,"href":"https:\/\/www.europesays.com\/pl\/wp-json\/wp\/v2\/comments?post=191484"}],"version-history":[{"count":0,"href":"https:\/\/www.europesays.com\/pl\/wp-json\/wp\/v2\/posts\/191484\/revisions"}],"wp:featuredmedia":[{"embeddable":true,"href":"https:\/\/www.europesays.com\/pl\/wp-json\/wp\/v2\/media\/191485"}],"wp:attachment":[{"href":"https:\/\/www.europesays.com\/pl\/wp-json\/wp\/v2\/media?parent=191484"}],"wp:term":[{"taxonomy":"category","embeddable":true,"href":"https:\/\/www.europesays.com\/pl\/wp-json\/wp\/v2\/categories?post=191484"},{"taxonomy":"post_tag","embeddable":true,"href":"https:\/\/www.europesays.com\/pl\/wp-json\/wp\/v2\/tags?post=191484"}],"curies":[{"name":"wp","href":"https:\/\/api.w.org\/{rel}","templated":true}]}}