{"id":191486,"date":"2026-01-07T10:42:11","date_gmt":"2026-01-07T10:42:11","guid":{"rendered":"https:\/\/www.europesays.com\/pl\/191486\/"},"modified":"2026-01-07T10:42:11","modified_gmt":"2026-01-07T10:42:11","slug":"obsada-tomb-raider-amazona-kogo-zagraja-sigourney-weaver-i-jason-isaacs","status":"publish","type":"post","link":"https:\/\/www.europesays.com\/pl\/191486\/","title":{"rendered":"Obsada &#8222;Tomb Raider&#8221; Amazona. Kogo zagraj\u0105 Sigourney Weaver i Jason Isaacs?"},"content":{"rendered":"<p>Amazon skompletowa\u0142 g\u0142\u00f3wn\u0105 obsad\u0119 swojej nadchodz\u0105cej <a class=\"internal\" href=\"https:\/\/www.filmweb.pl\/serial\/Tomb+Raider-2026-10053427\" title=\"serialowej ekranizacji\" rel=\"nofollow noopener\" target=\"_blank\">serialowej ekranizacji<\/a> gry &#8222;<a class=\"internal\" href=\"https:\/\/www.filmweb.pl\/videogame\/Tomb+Raider-2013-612896\" title=\"Tomb Raider\" rel=\"nofollow noopener\" target=\"_blank\">Tomb Raider<\/a>&#8222;, kt\u00f3rej gwiazd\u0105 b\u0119dzie <a class=\"internal\" href=\"https:\/\/www.filmweb.pl\/person\/Sophie+Turner-683058\" title=\"Sophie Turner\" rel=\"nofollow noopener\" target=\"_blank\">Sophie Turner<\/a> w roli <a class=\"internal\" href=\"https:\/\/www.filmweb.pl\/character\/Lara+Croft-1508\" title=\"Lary Croft\" rel=\"nofollow noopener\" target=\"_blank\">Lary Croft<\/a>. Przy okazji ujawniono, w kogo wciel\u0105 si\u0119 aktorzy zaanga\u017cowani do udzia\u0142u w serialu. W\u015br\u00f3d nich s\u0105\u00a0<a class=\"internal\" href=\"https:\/\/www.filmweb.pl\/person\/Sigourney+Weaver-116\" title=\"Sigourney Weaver\" rel=\"nofollow noopener\" target=\"_blank\">Sigourney Weaver<\/a> i <a class=\"internal\" href=\"https:\/\/www.filmweb.pl\/person\/Jason+Isaacs-2597\" title=\"Jason Isaacs\" rel=\"nofollow noopener\" target=\"_blank\">Jason Isaacs<\/a>, kt\u00f3rzy w ostatnich tygodniach byli wi\u0105zani z t\u0105 adaptacj\u0105.\u00a0 &#8222;Tomb Raider&#8221; &#8211; obsada<a class=\"markupPhoto\" href=\"https:\/\/fwcdn.pl\/nph\/1433332\/2026\/69170_1.13.jpg\" data-lightbox=\"true\" data-li=\"\" rel=\"lightbox[photos] nofollow noopener\" data-photo=\"https:\/\/www.europesays.com\/pl\/wp-content\/uploads\/2026\/01\/69170_1.2.jpg\" target=\"photo-69170\" data-id=\"69170\" data-index=\"69170\"> <img decoding=\"async\" src=\"https:\/\/www.europesays.com\/pl\/wp-content\/uploads\/2026\/01\/69170_1.2.jpg\" alt=\"GettyImages-2250695573.jpg\" class=\"MarkupPhotoHTML-2\" loading=\"lazy\" data-light-box=\"{ &quot;group&quot;: true, &quot;photo&quot;: { &quot;id&quot;: &quot;69170&quot;, &quot;src&quot;: &quot;https:\/\/fwcdn.pl\/nph\/1433332\/2026\/69170_1.13.jpg&quot;, &quot;thumb&quot;: &quot;https:\/\/www.europesays.com\/pl\/wp-content\/uploads\/2026\/01\/69170_1.2.jpg&quot; } }\"\/> <\/a> Getty Images \u00a9 Anadolu<br \/>Potwierdzono, \u017ce w &#8222;<a class=\"internal\" href=\"https:\/\/www.filmweb.pl\/serial\/Tomb+Raider-2026-10053427\" title=\"Tomb Raiderze\" rel=\"nofollow noopener\" target=\"_blank\">Tomb Raiderze<\/a>&#8221; Amazona zagraj\u0105 tak\u017ce\u00a0<a class=\"internal\" href=\"https:\/\/www.filmweb.pl\/person\/Celia+Imrie-3884\" title=\"Celia Imrie\" rel=\"nofollow noopener\" target=\"_blank\">Celia Imrie<\/a>, <a class=\"internal\" href=\"https:\/\/www.filmweb.pl\/person\/Bill+Paterson-6151\" title=\"Bill Paterson\" rel=\"nofollow noopener\" target=\"_blank\">Bill Paterson<\/a>, <a class=\"internal\" href=\"https:\/\/www.filmweb.pl\/person\/Jack+Bannon-1102404\" title=\"Jack Bannon\" rel=\"nofollow noopener\" target=\"_blank\">Jack Bannon<\/a>, <a class=\"internal\" href=\"https:\/\/www.filmweb.pl\/person\/John+Heffernan-1827348\" title=\"John Heffernan\" rel=\"nofollow noopener\" target=\"_blank\">John Heffernan<\/a>, <a class=\"internal\" href=\"https:\/\/www.filmweb.pl\/person\/Paterson+Joseph-7668\" title=\"Paterson Joseph\" rel=\"nofollow noopener\" target=\"_blank\">Paterson Joseph<\/a>, <a class=\"internal\" href=\"https:\/\/www.filmweb.pl\/person\/Sasha+Luss-2539456\" title=\"Sasha Luss\" rel=\"nofollow noopener\" target=\"_blank\">Sasha Luss<\/a>,<a class=\"internal\" href=\"https:\/\/www.filmweb.pl\/person\/Juliette+Motamed-2891919\" title=\" Juliette Motamed\" rel=\"nofollow noopener\" target=\"_blank\"> Juliette Motamed<\/a>,\u00a0<a class=\"internal\" href=\"https:\/\/www.filmweb.pl\/person\/August+Wittgenstein-1887271\" title=\"August Wittgenstein\" rel=\"nofollow noopener\" target=\"_blank\">August Wittgenstein<\/a>\u00a0oraz (zaanga\u017cowany ju\u017c wcze\u015bniej)\u00a0<a class=\"internal\" href=\"https:\/\/www.filmweb.pl\/person\/Martin+Bobb+Semple-2705674\" title=\"Martin Bobb-Semple\" rel=\"nofollow noopener\" target=\"_blank\">Martin Bobb-Semple<\/a>. <\/p>\n<p>Cz\u0119\u015b\u0107 aktor\u00f3w wcieli si\u0119 w postacie znane fanom serii. <a class=\"internal\" href=\"https:\/\/www.filmweb.pl\/person\/Jason+Isaacs-2597\" title=\"Isaacs\" rel=\"nofollow noopener\" target=\"_blank\">Isaacs<\/a> zagra wuja Lary, Atlasa DeMornaya, <a class=\"internal\" href=\"https:\/\/www.filmweb.pl\/person\/Bill+Paterson-6151\" title=\"Paterson \" rel=\"nofollow noopener\" target=\"_blank\">Paterson <\/a>wyst\u0105pi jako Winston (wieloletni kamerdyner rodziny Croft\u00f3w) a <a class=\"internal\" href=\"https:\/\/www.filmweb.pl\/person\/Martin+Bobb+Semple-2705674\" title=\"Bobb-Semple \" rel=\"nofollow noopener\" target=\"_blank\">Bobb-Semple <\/a>jako Zip, techniczne wsparcie i przyjaciel bohaterki. <\/p>\n<p>Pozostali aktorzy sportretuj\u0105 zupe\u0142nie nowe postacie. <a class=\"internal\" href=\"https:\/\/www.filmweb.pl\/person\/Sigourney+Weaver-116\" title=\"Weaver\" rel=\"nofollow noopener\" target=\"_blank\">Weaver<\/a> wcieli si\u0119 w Evelyn Wallis, tajemnicz\u0105 kobiet\u0119, kt\u00f3ra chce wykorzysta\u0107 umiej\u0119tno\u015bci Lary.\u00a0<a class=\"internal\" href=\"https:\/\/www.filmweb.pl\/person\/Jack+Bannon-1102404\" title=\"Bannon\" rel=\"nofollow noopener\" target=\"_blank\">Bannon<\/a>\u00a0zagra pilota g\u0142\u00f3wnej bohaterki, Gerry\u2019ego,\u00a0<a class=\"internal\" href=\"https:\/\/www.filmweb.pl\/person\/John+Heffernan-1827348\" title=\"Heffernan\" rel=\"nofollow noopener\" target=\"_blank\">Heffernan<\/a>\u00a0zm\u0119czonego urz\u0119dnika pa\u0144stwowego wci\u0105gni\u0119tego w jej niecodzienny \u015bwiat, a\u00a0<a class=\"internal\" href=\"https:\/\/www.filmweb.pl\/person\/Celia+Imrie-3884\" title=\"Imrie\" rel=\"nofollow noopener\" target=\"_blank\">Imrie<\/a>\u00a0szefow\u0105 dzia\u0142u rozwoju w British Museum.\u00a0<a class=\"internal\" href=\"https:\/\/www.filmweb.pl\/person\/Paterson+Joseph-7668\" title=\"Joseph\" rel=\"nofollow noopener\" target=\"_blank\">Joseph<\/a>\u00a0pojawi si\u0119 jako wysoki rang\u0105 urz\u0119dnik Thomas Warner,\u00a0<a class=\"internal\" href=\"https:\/\/www.filmweb.pl\/person\/Sasha+Luss-2539456\" title=\"Luss\" rel=\"nofollow noopener\" target=\"_blank\">Luss<\/a>\u00a0jako gro\u017ana rywalka Lary,\u00a0<a class=\"internal\" href=\"https:\/\/www.filmweb.pl\/person\/Juliette+Motamed-2891919\" title=\"Motamed\" rel=\"nofollow noopener\" target=\"_blank\">Motamed<\/a>\u00a0jako kuratorka muzeum, a<a class=\"internal\" href=\"https:\/\/www.filmweb.pl\/person\/August+Wittgenstein-1887271\" title=\"\u00a0Wittgenstein\" rel=\"nofollow noopener\" target=\"_blank\">\u00a0Wittgenstein<\/a>\u00a0jako poszukiwacz zabytk\u00f3w powi\u0105zany z przesz\u0142o\u015bci\u0105 Croft. <\/p>\n<p>Przypomnijmy, \u017ce za nadchodz\u0105cy serial odpowiada <a class=\"internal\" href=\"https:\/\/www.filmweb.pl\/person\/Phoebe+Waller+Bridge-1159990\" title=\"Phoebe Waller-Bridge\" rel=\"nofollow noopener\" target=\"_blank\">Phoebe Waller-Bridge<\/a>, kt\u00f3ra pe\u0142ni funkcj\u0119 tw\u00f3rczyni, scenarzystki i producentki wykonawczej. Projekt rozwijany jest w Prime Video od pocz\u0105tku 2023 roku, a zielone \u015bwiat\u0142o na realizacj\u0119 otrzyma\u0142 w maju 2024. Wsp\u00f3\u0142showrunnerem <a class=\"internal\" href=\"https:\/\/www.filmweb.pl\/person\/Phoebe+Waller+Bridge-1159990\" title=\"Waller-Bridge\" rel=\"nofollow noopener\" target=\"_blank\">Waller-Bridge<\/a> b\u0119dzie <a class=\"internal\" href=\"https:\/\/www.filmweb.pl\/person\/Chad+Hodge-145212\" title=\"Chad Hodge\" rel=\"nofollow noopener\" target=\"_blank\">Chad Hodge<\/a>, a re\u017cyseri\u0105 zajmie si\u0119 <a class=\"internal\" href=\"https:\/\/www.filmweb.pl\/person\/Jonathan+van+Tulleken-994852\" title=\"Jonathan van Tulleken\" rel=\"nofollow noopener\" target=\"_blank\">Jonathan van Tulleken<\/a>. Zdj\u0119cia maj\u0105 ruszy\u0107 jeszcze w tym miesi\u0105cu.\u00a0 <\/p>\n<p>To ju\u017c kolejna aktorska adaptacja &#8222;<a class=\"internal\" href=\"https:\/\/www.filmweb.pl\/videogame\/Tomb+Raider-2013-612896\" title=\"Tomb Raidera\" rel=\"nofollow noopener\" target=\"_blank\">Tomb Raidera<\/a>&#8222;, po dw\u00f3ch filmach z <a class=\"internal\" href=\"https:\/\/www.filmweb.pl\/person\/Angelina+Jolie-329\" title=\"Angelin\u0105 Jolie\" rel=\"nofollow noopener\" target=\"_blank\">Angelin\u0105 Jolie<\/a> i <a class=\"internal\" href=\"https:\/\/www.filmweb.pl\/film\/Tomb+Raider-2018-557479\" title=\"reboocie\" rel=\"nofollow noopener\" target=\"_blank\">reboocie<\/a> z <a class=\"internal\" href=\"https:\/\/www.filmweb.pl\/person\/Alicia+Vikander-796706\" title=\"Alici\u0105 Vikander\" rel=\"nofollow noopener\" target=\"_blank\">Alici\u0105 Vikander<\/a> w roli g\u0142\u00f3wnej.\u00a0 <\/p>\n<p>&#8222;Tomb Raider&#8221; (2018) &#8211; zwiastun<\/p>\n","protected":false},"excerpt":{"rendered":"Amazon skompletowa\u0142 g\u0142\u00f3wn\u0105 obsad\u0119 swojej nadchodz\u0105cej serialowej ekranizacji gry &#8222;Tomb Raider&#8222;, kt\u00f3rej gwiazd\u0105 b\u0119dzie Sophie Turner w roli&hellip;\n","protected":false},"author":2,"featured_media":191487,"comment_status":"","ping_status":"","sticky":false,"template":"","format":"standard","meta":{"footnotes":""},"categories":[5],"tags":[32,33,36,37,27,34,35,28,31,25,42,38,40,39,41,29,30,26],"class_list":{"0":"post-191486","1":"post","2":"type-post","3":"status-publish","4":"format-standard","5":"has-post-thumbnail","7":"category-naglowki","8":"tag-breaking-news","9":"tag-breakingnews","10":"tag-featured-news","11":"tag-featurednews","12":"tag-headlines","13":"tag-latest-news","14":"tag-latestnews","15":"tag-naglowki","16":"tag-najwazniejsze-artykuly","17":"tag-news","18":"tag-pl","19":"tag-poland","20":"tag-polish","21":"tag-polska","22":"tag-polski","23":"tag-top-stories","24":"tag-topstories","25":"tag-wiadomosci"},"share_on_mastodon":{"url":"https:\/\/pubeurope.com\/@pl\/115853403451937081","error":""},"_links":{"self":[{"href":"https:\/\/www.europesays.com\/pl\/wp-json\/wp\/v2\/posts\/191486","targetHints":{"allow":["GET"]}}],"collection":[{"href":"https:\/\/www.europesays.com\/pl\/wp-json\/wp\/v2\/posts"}],"about":[{"href":"https:\/\/www.europesays.com\/pl\/wp-json\/wp\/v2\/types\/post"}],"author":[{"embeddable":true,"href":"https:\/\/www.europesays.com\/pl\/wp-json\/wp\/v2\/users\/2"}],"replies":[{"embeddable":true,"href":"https:\/\/www.europesays.com\/pl\/wp-json\/wp\/v2\/comments?post=191486"}],"version-history":[{"count":0,"href":"https:\/\/www.europesays.com\/pl\/wp-json\/wp\/v2\/posts\/191486\/revisions"}],"wp:featuredmedia":[{"embeddable":true,"href":"https:\/\/www.europesays.com\/pl\/wp-json\/wp\/v2\/media\/191487"}],"wp:attachment":[{"href":"https:\/\/www.europesays.com\/pl\/wp-json\/wp\/v2\/media?parent=191486"}],"wp:term":[{"taxonomy":"category","embeddable":true,"href":"https:\/\/www.europesays.com\/pl\/wp-json\/wp\/v2\/categories?post=191486"},{"taxonomy":"post_tag","embeddable":true,"href":"https:\/\/www.europesays.com\/pl\/wp-json\/wp\/v2\/tags?post=191486"}],"curies":[{"name":"wp","href":"https:\/\/api.w.org\/{rel}","templated":true}]}}