{"id":191496,"date":"2026-01-07T10:47:11","date_gmt":"2026-01-07T10:47:11","guid":{"rendered":"https:\/\/www.europesays.com\/pl\/191496\/"},"modified":"2026-01-07T10:47:11","modified_gmt":"2026-01-07T10:47:11","slug":"emmanuel-macron-chce-wyslac-wojsko-do-ukrainy-sily-zabezpieczajace-onet","status":"publish","type":"post","link":"https:\/\/www.europesays.com\/pl\/191496\/","title":{"rendered":"Emmanuel Macron chce wys\u0142a\u0107 wojsko do Ukrainy. &quot;Si\u0142y zabezpieczaj\u0105ce&quot; &#8211; Onet"},"content":{"rendered":"<ol>\n<li><a href=\"https:\/\/news.google.com\/rss\/articles\/CBMiyAFBVV95cUxQYWpEWHBkWWJ3bGd4OEdSRjB3UXlyek4yZGU1U0xpMVdiajk4cnBmQXpJZ0FBSGk2b0xYQlV1ZURYZkd0MVBmMWRHbnN3NEY2cEo1QTNiajVIRk92cUhWSGJnV1BVUmFpTUZuMXBWYTRrOVN4MGhBcTVEQS0zTEJrNFdqaEIwVDNJT3hDeTFwUC1mUE16MzFDamVVY2hoaGxWZVlmdDA0RENfek1XOWlvSTVScmVFUEQ2RVA2UnR4d09PcFZWTUV4dg?oc=5\" target=\"_blank\" rel=\"nofollow noopener\">Emmanuel Macron chce wys\u0142a\u0107 wojsko do Ukrainy. &#8222;Si\u0142y zabezpieczaj\u0105ce&#8221;<\/a>&nbsp;&nbsp;Onet<\/li>\n<li><a href=\"https:\/\/news.google.com\/rss\/articles\/CBMilgFBVV95cUxNbVdoZkFNakZSZlhSekczRnRZT3dEdmxXYTF1ZEdIZzNMbGlLOEhibEJrRGxaOV9iOEt4LTd4ZmJzNEE2VmdaenJWSUlEZm1xVlVrX1J1eDVWOWNSNnVHd3lwT01zNzhrSHFwVlB5b3dQNHBRNm1pVmlrdndTV3RuUkxQVzNJa3hzZjRNVVBKNkpidnhFVXc?oc=5\" target=\"_blank\" rel=\"nofollow noopener\">&#8222;Wielki krok naprz\u00f3d&#8221;. Deklaracja po szczycie koalicji ch\u0119tnych<\/a>&nbsp;&nbsp;Polska Agencja Prasowa SA<\/li>\n<li><a href=\"https:\/\/news.google.com\/rss\/articles\/CBMiwwFBVV95cUxPeFJNYTRpTk1USGVUNFhpWHgzZEd3OFlIVzFqS1VHd0UySFpUa3Y0c095aXZ1UG5OMDRNTE8xUW5vdEdBYjQyWmNNVlk2cEpSVGZVcU9vdFZhMDVIMWxQVVdZTEdrZGs2RXNuNnN4Y2kybXhmczZEZjhPOFBuV2JTVlJPdDBvUDNaWTZWMnFQRktUdlNnREVBZWRIM0RIcE9kYUo4RzJFOTZRRGdPTV9FR21td0R5Z3lSWHltWllHdFVKY3c?oc=5\" target=\"_blank\" rel=\"nofollow noopener\">Putin w naro\u017cniku. Nowe gwarancje zmieniaj\u0105 uk\u0142ad si\u0142 wok\u00f3\u0142 Ukrainy. Ekspert: Rosji si\u0119 to nie spodoba<\/a>&nbsp;&nbsp;Onet Wiadomo\u015bci<\/li>\n<li><a href=\"https:\/\/news.google.com\/rss\/articles\/CBMivwFBVV95cUxNa1Z4ak1SdGdyMUI2QWt6RGdiWEZNeVRnZ0RkMkZBb3RvWDlqbFNmRkdPdl82UF96NS01OWUxcE54UVZmdUNDRVRiNlA1TnJrX25ndjcxUC1tbTBTQ21hdjYxTERUZkFraGJBQks2OGpaZS1OdzVsOWFXekpSNm5hR2loUi04ZkRlRm5WOU51ZnRxMHF2WFB6S0pWYnFVMjJmU21ER1JhejJ6dm4xN2N2dHRHVTVWWV9yMGduZGFYVQ?oc=5\" target=\"_blank\" rel=\"nofollow noopener\">Donald Tusk zapowiada po szczycie. W kluczowym aspekcie &#8222;Polska pa\u0144stwem wiod\u0105cym&#8221;<\/a>&nbsp;&nbsp;Wydarzenia w INTERIA.PL<\/li>\n<li><a href=\"https:\/\/news.google.com\/rss\/articles\/CBMivgFBVV95cUxNVkQ1c1hTX1VZeXpMNFpIaEkya3o2ckJaRlVGbEFKTkJ5U1l0ODJPSHhxdkRpM00yMy0yd0RCcGlvZ1RCc1BkUXJJUS1YMExrRVVMNjhkUDZvZHVYbElUdjdsWW9FUGl1eXBCc2dtbF85UHpUSlIwV3lKWkxZc0U1ZUxyLTVVcXpGMi1RWGNybmtFVU5sZXNwN3V4d1ljemtiMEwwSWVIV09NczZFV2RaWFg4SnFYeTZ4WWtjcm1B?oc=5\" target=\"_blank\" rel=\"nofollow noopener\">Koalicja ch\u0119tnych tworzy kom\u00f3rk\u0119 koordynacyjn\u0105 w Pary\u017cu<\/a>&nbsp;&nbsp;Defence24<\/li>\n<\/ol>\n","protected":false},"excerpt":{"rendered":"Emmanuel Macron chce wys\u0142a\u0107 wojsko do Ukrainy. &#8222;Si\u0142y zabezpieczaj\u0105ce&#8221;&nbsp;&nbsp;Onet &#8222;Wielki krok naprz\u00f3d&#8221;. Deklaracja po szczycie koalicji ch\u0119tnych&nbsp;&nbsp;Polska Agencja&hellip;\n","protected":false},"author":2,"featured_media":191497,"comment_status":"","ping_status":"","sticky":false,"template":"","format":"standard","meta":{"footnotes":""},"categories":[14],"tags":[32,33,1670,27,67,64,34,35,28,31,53,25,52,68,51,55,40,41,62,47,80,29,30,390,65,50,26,82,83,84],"class_list":{"0":"post-191496","1":"post","2":"type-post","3":"status-publish","4":"format-standard","5":"has-post-thumbnail","7":"category-swiat","8":"tag-breaking-news","9":"tag-breakingnews","10":"tag-francja_francuz_francuzka_francuzi","11":"tag-headlines","12":"tag-intextvideo_splayer","13":"tag-inwazja_rosji_na_ukraine_2014_","14":"tag-latest-news","15":"tag-latestnews","16":"tag-naglowki","17":"tag-najwazniejsze-artykuly","18":"tag-new_header","19":"tag-news","20":"tag-onet3","21":"tag-onet3d","22":"tag-onet3d_2i","23":"tag-phx","24":"tag-polish","25":"tag-polski","26":"tag-rosja_kraj_rosjanin_rosjanie_rosjanka_rosjanki","27":"tag-screening_general","28":"tag-swiat","29":"tag-top-stories","30":"tag-topstories","31":"tag-ukraina_ukrainiec_ukrainka_ukraincy_ukrainki","32":"tag-update_me","33":"tag-v2021","34":"tag-wiadomosci","35":"tag-world","36":"tag-world-news","37":"tag-worldnews"},"share_on_mastodon":{"url":"","error":"Validation failed: Text character limit of 500 exceeded"},"_links":{"self":[{"href":"https:\/\/www.europesays.com\/pl\/wp-json\/wp\/v2\/posts\/191496","targetHints":{"allow":["GET"]}}],"collection":[{"href":"https:\/\/www.europesays.com\/pl\/wp-json\/wp\/v2\/posts"}],"about":[{"href":"https:\/\/www.europesays.com\/pl\/wp-json\/wp\/v2\/types\/post"}],"author":[{"embeddable":true,"href":"https:\/\/www.europesays.com\/pl\/wp-json\/wp\/v2\/users\/2"}],"replies":[{"embeddable":true,"href":"https:\/\/www.europesays.com\/pl\/wp-json\/wp\/v2\/comments?post=191496"}],"version-history":[{"count":0,"href":"https:\/\/www.europesays.com\/pl\/wp-json\/wp\/v2\/posts\/191496\/revisions"}],"wp:featuredmedia":[{"embeddable":true,"href":"https:\/\/www.europesays.com\/pl\/wp-json\/wp\/v2\/media\/191497"}],"wp:attachment":[{"href":"https:\/\/www.europesays.com\/pl\/wp-json\/wp\/v2\/media?parent=191496"}],"wp:term":[{"taxonomy":"category","embeddable":true,"href":"https:\/\/www.europesays.com\/pl\/wp-json\/wp\/v2\/categories?post=191496"},{"taxonomy":"post_tag","embeddable":true,"href":"https:\/\/www.europesays.com\/pl\/wp-json\/wp\/v2\/tags?post=191496"}],"curies":[{"name":"wp","href":"https:\/\/api.w.org\/{rel}","templated":true}]}}