{"id":191537,"date":"2026-01-07T11:09:07","date_gmt":"2026-01-07T11:09:07","guid":{"rendered":"https:\/\/www.europesays.com\/pl\/191537\/"},"modified":"2026-01-07T11:09:07","modified_gmt":"2026-01-07T11:09:07","slug":"donald-tusk-zabral-glos-w-sprawie-wosp-chyba-na-to-nie-pozwolicie-onet-wiadomosci","status":"publish","type":"post","link":"https:\/\/www.europesays.com\/pl\/191537\/","title":{"rendered":"Donald Tusk zabra\u0142 g\u0142os w sprawie WO\u015aP. &quot;Chyba na to nie pozwolicie?&quot; &#8211; Onet Wiadomo\u015bci"},"content":{"rendered":"<ol>\n<li><a href=\"https:\/\/news.google.com\/rss\/articles\/CBMiqAFBVV95cUxNc09sbjAwQ3Z1TUREUVRYZlg0dkprblhta3NDa21TMjBjVXNxXzJKX0p1TUZoblNlLUQ1UHB1SnhiU2F6YzZMUkdlZGpFd2VBN1JpUUZLRFFPYnVzbTNxZUk4VFdBOEVfN3RkNzlOTzZrM3U4d2lUNWJhZ0ltWWNvVnBKczVjalVZRVZ1RlZJUWdleGZ4NTVoUnlQZ1Z3WDcyWDEwNV9UYmg?oc=5\" target=\"_blank\" rel=\"nofollow noopener\">Donald Tusk zabra\u0142 g\u0142os w sprawie WO\u015aP. &#8222;Chyba na to nie pozwolicie?&#8221;<\/a>&nbsp;&nbsp;Onet Wiadomo\u015bci<\/li>\n<li><a href=\"https:\/\/news.google.com\/rss\/articles\/CBMiugFBVV95cUxOVEVGOVphWmJQYkh2WXoyLTVjNjFWODVtMjFQUVZHMlhHVExxM1VtXzMwSm9BZHlYa01iTFp0SU8wMXBxbzVsMkg5TGN1UUdUYnI2dzVlUGZCOXV0b0lVT3E1d0pfSThIMkpTSmI3czlTUHNFTU84a05NWFp3empNdThiWUlwblhObnFTcWdIMGhkS1hXS0NaZWYwc3FqTV9IeVhMWkxKTkxYaHVGWFoxd05vMzZaTFAwb2c?oc=5\" target=\"_blank\" rel=\"nofollow noopener\">Zaskakuj\u0105cy wpis premiera. Posz\u0142o o WO\u015aP i Jerzego Owsiaka<\/a>&nbsp;&nbsp;Gazeta<\/li>\n<li><a href=\"https:\/\/news.google.com\/rss\/articles\/CBMijgFBVV95cUxPLUl4MVF3Q3RxWTA4ajJXWkxlTDZ6bUQ0NUxza01OOUlsSThLWUVKZ1E1eHNWZ2E2SW5JRGdmT0luZUhReEtXbmJBeXF6Ylk1bk8wd2ZrV3FEOXgyS184SkNYSk8yWjctZVhzV29pLUZwanJoMUVpMGcwN3EtdUFjNThjNjY2OUZwRTZoLWJn?oc=5\" target=\"_blank\" rel=\"nofollow noopener\">Co kombinuje Tusk? &#8222;Chc\u0105 zniszczy\u0107 Jerzego Owsiaka!&#8221;<\/a>&nbsp;&nbsp;wPolityce.pl<\/li>\n<li><a href=\"https:\/\/news.google.com\/rss\/articles\/CBMimAFBVV95cUxObzl0eUw3Mk1jbVI4cHFVSW03aTgwMWxBVWNkaGhLTnNnY0hpczlMTFAtdFFlR3c5b3VKYjNqOHdxbHlmSlM5MXRjWGpOSFZYOXJTZjJFc2NqNmhNZEV3dUhKMXJ6TmRRZVVLbWVfMFBIYUozVUFzdUdkaGlrYlBGM0ljQTVGNFYybVJWaHZWNHdFMDFkRXBycNIBmAFBVV95cUxQVHhYS2ZfZURfYjJkOTBmM2JqVmpVcHBWX0p6LW43VWZ2YTZIeUY5ZWVnWlgxR1RHV0steXZJYzAwUVFtNmZUODdXTU9ISkFYdDZSazNRSk5rVF9xNC0xUGVHZ2FUa28xQ21kY2dEX3pmSW5hbS0tbi1JWjhlRFU2RUhyYm1abHpfWGREelZlamJxcEE4Q3BVaw?oc=5\" target=\"_blank\" rel=\"nofollow noopener\">Ten wpis Tuska rozgrzeje sie\u0107. Chodzi o Owsiaka i WO\u015aP<\/a>&nbsp;&nbsp;Wprost<\/li>\n<li><a href=\"https:\/\/news.google.com\/rss\/articles\/CBMijAFBVV95cUxNV0pPRDlBdUM0X1BIRjRwNC1yVVl2RE5EdWJVSFlGb2xteE1BbzVPYVkwZE95TFlrVk0yeVFUYWh4eEFFaVAxcjdzemVZOW13ZGVoTDUzUXlXeUxsaU56ZjAyV3F1b2JicC1vVlJlQU1JOGdMb1F4VnlFVzZURVcwUDdtQWg4anlyQzRTRA?oc=5\" target=\"_blank\" rel=\"nofollow noopener\">Alarmuj\u0105cy wpis Donalda Tuska. &#8222;Chc\u0105 go zniszczy\u0107&#8221;<\/a>&nbsp;&nbsp;Fakt<\/li>\n<\/ol>\n","protected":false},"excerpt":{"rendered":"Donald Tusk zabra\u0142 g\u0142os w sprawie WO\u015aP. &#8222;Chyba na to nie pozwolicie?&#8221;&nbsp;&nbsp;Onet Wiadomo\u015bci Zaskakuj\u0105cy wpis premiera. Posz\u0142o o&hellip;\n","protected":false},"author":2,"featured_media":191538,"comment_status":"","ping_status":"","sticky":false,"template":"","format":"standard","meta":{"footnotes":""},"categories":[12],"tags":[32,33,212,36,37,27,24148,49,34,35,28,31,48,25,46,42,38,40,39,41,47,29,30,70,26,24147],"class_list":{"0":"post-191537","1":"post","2":"type-post","3":"status-publish","4":"format-standard","5":"has-post-thumbnail","7":"category-polska","8":"tag-breaking-news","9":"tag-breakingnews","10":"tag-donald_tusk","11":"tag-featured-news","12":"tag-featurednews","13":"tag-headlines","14":"tag-jerzy_owsiak","15":"tag-kraj","16":"tag-latest-news","17":"tag-latestnews","18":"tag-naglowki","19":"tag-najwazniejsze-artykuly","20":"tag-nat_styl","21":"tag-news","22":"tag-omp","23":"tag-pl","24":"tag-poland","25":"tag-polish","26":"tag-polska","27":"tag-polski","28":"tag-screening_general","29":"tag-top-stories","30":"tag-topstories","31":"tag-w_skrocie","32":"tag-wiadomosci","33":"tag-wosp"},"share_on_mastodon":{"url":"https:\/\/pubeurope.com\/@pl\/115853509648650148","error":""},"_links":{"self":[{"href":"https:\/\/www.europesays.com\/pl\/wp-json\/wp\/v2\/posts\/191537","targetHints":{"allow":["GET"]}}],"collection":[{"href":"https:\/\/www.europesays.com\/pl\/wp-json\/wp\/v2\/posts"}],"about":[{"href":"https:\/\/www.europesays.com\/pl\/wp-json\/wp\/v2\/types\/post"}],"author":[{"embeddable":true,"href":"https:\/\/www.europesays.com\/pl\/wp-json\/wp\/v2\/users\/2"}],"replies":[{"embeddable":true,"href":"https:\/\/www.europesays.com\/pl\/wp-json\/wp\/v2\/comments?post=191537"}],"version-history":[{"count":0,"href":"https:\/\/www.europesays.com\/pl\/wp-json\/wp\/v2\/posts\/191537\/revisions"}],"wp:featuredmedia":[{"embeddable":true,"href":"https:\/\/www.europesays.com\/pl\/wp-json\/wp\/v2\/media\/191538"}],"wp:attachment":[{"href":"https:\/\/www.europesays.com\/pl\/wp-json\/wp\/v2\/media?parent=191537"}],"wp:term":[{"taxonomy":"category","embeddable":true,"href":"https:\/\/www.europesays.com\/pl\/wp-json\/wp\/v2\/categories?post=191537"},{"taxonomy":"post_tag","embeddable":true,"href":"https:\/\/www.europesays.com\/pl\/wp-json\/wp\/v2\/tags?post=191537"}],"curies":[{"name":"wp","href":"https:\/\/api.w.org\/{rel}","templated":true}]}}