{"id":191543,"date":"2026-01-07T11:12:15","date_gmt":"2026-01-07T11:12:15","guid":{"rendered":"https:\/\/www.europesays.com\/pl\/191543\/"},"modified":"2026-01-07T11:12:15","modified_gmt":"2026-01-07T11:12:15","slug":"anna-lewandowska-potwierdza-ws-malzenstwa-z-robertem-powiedziala-dosc","status":"publish","type":"post","link":"https:\/\/www.europesays.com\/pl\/191543\/","title":{"rendered":"Anna Lewandowska potwierdza ws. ma\u0142\u017ce\u0144stwa z Robertem. Powiedzia\u0142a &#8222;do\u015b\u0107&#8221;"},"content":{"rendered":"<p class=\"typography ids-typeset-body ids-typeset-body--preset-large link paragraph ids-paragraph ids-paragraph--default\">Robert i Anna Lewandowscy s\u0105 par\u0105 od wielu lat. Poznali si\u0119 w 2007 roku na obozie student\u00f3w Akademii Wychowania Fizycznego na Mazurach. &#8222;Nasze pierwsze spotkanie by\u0142o zabawne. Robert my\u015bla\u0142, \u017ce gram w tenisa albo ta\u0144cz\u0119 w balecie. Kiedy si\u0119 dowiedzia\u0142, \u017ce trenuj\u0119 karate, z pocz\u0105tku nie uwierzy\u0142. Powiedzia\u0142 mi, \u017ce ma na imi\u0119 Andrzej. Um\u00f3wili\u015bmy si\u0119 w kawiarence przy Chmielnej. I okaza\u0142o si\u0119, \u017ce \u0107wiczymy w tym samym miejscu&#8221; &#8211; wspomina\u0142a Anna w &#8222;VIVIE!&#8221;.<\/p>\n<p class=\"typography ids-typeset-body ids-typeset-body--preset-large link paragraph ids-paragraph ids-paragraph--default\">Dzi\u015b s\u0105 szcz\u0119\u015bliwym ma\u0142\u017ce\u0144stwem, lecz zwi\u0105zek z zawodowym pi\u0142karzem wymaga\u0142 od Anny po\u015bwi\u0119ce\u0144 ju\u017c niemal od pocz\u0105tku. Gdy &#8222;Lewy&#8221; zaczyna\u0142 gr\u0119 w Lechu, przeprowadzi\u0142a si\u0119 za nim do Poznania, \u0142\u0105cz\u0105c w\u0142asne obowi\u0105zki i studia w Warszawie z \u017cyciem w Wielkopolsce.<\/p>\n<p class=\"typography ids-typeset-body ids-typeset-body--preset-large link paragraph ids-paragraph ids-paragraph--default\">Potem Lewandowski podpisa\u0142 kontrakt z Borussi\u0105 i\u00a0razem wyjechali do Dortmundu. Annie trudno by\u0142o pogodzi\u0107 \u017cycie na odleg\u0142o\u015b\u0107 z regularnymi treningami karate. Do\u015bwiadczy\u0142a te\u017c <a href=\"https:\/\/sport.interia.pl\/robert-lewandowski\/news-trudne-chwile-w-domu-anny-lewandowskiej-lzy-za-zamknietymi-d,nId,6923603\" target=\"_self\" rel=\"nofollow noopener\">braku zrozumienia ze strony otoczenia<\/a>.<\/p>\n<blockquote role=\"blockquote\" class=\"quote ids-quote ids-quote--nosurface--short--medium\"><p>Nagle zacz\u0119\u0142am mie\u0107 gorsze wyniki przez to, \u017ce by\u0142am strasznie zm\u0119czona tym podr\u00f3\u017cowaniem, nie mia\u0142am swojego trenera. I wtedy po raz pierwszy do\u015bwiadczy\u0142am tego, \u017ce ludzie zaczynaj\u0105 mnie ocenia\u0107, dyskutowa\u0107 w mniej przychylny spos\u00f3b<\/p><\/blockquote>\n<p class=\"typography ids-typeset-body ids-typeset-body--preset-large link paragraph ids-paragraph ids-paragraph--default\">Ostatecznie zawodnicz\u0105 karier\u0119 przedwcze\u015bnie zako\u0144czy\u0142a, stawiaj\u0105c na zwi\u0105zek z Robertem. Zaj\u0119\u0142a si\u0119 rozwojem na innym polu, rozpocz\u0119\u0142a w\u0142asne biznesy. Lecz i tak prawie wszystko kr\u0105\u017cy\u0142o wok\u00f3\u0142 kariery m\u0119\u017ca. W ko\u0144cu powiedzia\u0142a temu &#8222;do\u015b\u0107&#8221;, o czym wspomina w najnowszym wywiadzie dla &#8222;Twojego Stylu&#8221;.<\/p>\n<p>Oto jak naprawd\u0119 wygl\u0105da ma\u0142\u017ce\u0144stwo Lewandowskich. Anna wyznaje<\/p>\n<p class=\"typography ids-typeset-body ids-typeset-body--preset-large link paragraph ids-paragraph ids-paragraph--default\">&#8222;Wiem ju\u017c, czego chc\u0119, co jest dla mnie wa\u017cne. Od 20 lat wszystko kr\u0119ci si\u0119 wok\u00f3\u0142 gry w pi\u0142k\u0119. Ostatnio poczu\u0142am, \u017ce ja te\u017c potrzebuj\u0119 atencji najbli\u017cszych. Po prostu&#8221; &#8211; og\u0142asza Anna Lewandowska\u00a0na \u0142amach &#8222;Twojego Stylu&#8221;.<\/p>\n<p class=\"typography ids-typeset-body ids-typeset-body--preset-large link paragraph ids-paragraph ids-paragraph--default\">Prze\u0142om w jej \u017cyciu i sposobie my\u015blenia nast\u0105pi\u0142 po przeprowadzce do Barcelony. To wtedy mocniej wesz\u0142a w wy\u0142\u0105cznie sw\u00f3j \u015bwiat, bez podporz\u0105dkowywania aktywno\u015bci pod karier\u0119 m\u0119\u017ca. Rozwin\u0119\u0142a si\u0119 nie tylko zawodowo.<\/p>\n<p class=\"typography ids-typeset-body ids-typeset-body--preset-large link paragraph ids-paragraph ids-paragraph--default\">&#8222;Rozmawia\u0142am ze znajom\u0105 psycholo\u017ck\u0105, uzna\u0142y\u015bmy, \u017ce nie mo\u017cemy \u017cy\u0107 w ci\u0105g\u0142ym prze\u015bwiadczeniu, \u017ce nasze problemy to piku\u015b w por\u00f3wnaniu z problemami facet\u00f3w. A nasza praca jest bzdetem w zestawieniu z ich prac\u0105. Niby dlaczego? Od kiedy mieszkam w Barcelonie, \u017cyj\u0119 bardziej swoim \u017cyciem&#8221; &#8211; deklaruje.<\/p>\n<p class=\"typography ids-typeset-body ids-typeset-body--preset-large link paragraph ids-paragraph ids-paragraph--default\">A jak konkretnie by\u0142o wcze\u015bniej? &#8222;Dawniej robi\u0142am wiele rzeczy z my\u015bl\u0105 o Robercie, ko\u0144czy\u0142am studia dietetyczne dla Roberta, czyta\u0142am ksi\u0105\u017cki, \u017ceby si\u0119 dowiedzie\u0107, jak jeszcze mog\u0119 mu pom\u00f3c. Nie przesta\u0142am go wspiera\u0107, ale posz\u0142am po swoje&#8221; &#8211; t\u0142umaczy &#8222;Lewa&#8221;.<\/p>\n<p class=\"typography ids-typeset-body ids-typeset-body--preset-large link paragraph ids-paragraph ids-paragraph--default\">Przy okazji ujawnia, jak wygl\u0105da jej ma\u0142\u017ce\u0144stwo z Robertem. Potwierdza to, co ju\u017c nieraz sygnalizowano publicznie. Pi\u0142karz tak\u017ce prywatnie nie jest specjalnie wylewnym cz\u0142owiekiem, rzadko kogo\u015b chwali. &#8222;Ale jak ju\u017c m\u00f3wi, czujesz si\u0119, jakby\u015b dosta\u0142a Oscara&#8221; &#8211; zaznacza Anna.<\/p>\n<p class=\"typography ids-typeset-body ids-typeset-body--preset-large link paragraph ids-paragraph ids-paragraph--default\">Wie, \u017ce Robert j\u0105 docenia i jest dumny z tego, co osi\u0105ga. Nieraz chwali jej sukcesy niejako za plecami, w rozmowach ze znajomymi. Dla niej jednak najwi\u0119ksz\u0105 warto\u015b\u0107 stanowi co\u015b innego. &#8222;Oczywi\u015bcie na co dzie\u0144 m\u00f3wi du\u017co czu\u0142ych s\u0142\u00f3w, ale dla mnie najbardziej liczy si\u0119, \u017ce jestem pierwsz\u0105 osob\u0105, do kt\u00f3rej dzwoni po meczu, kt\u00f3rej si\u0119 zwierza, gdy ma rozterki&#8221; &#8211; podsumowuje.<\/p>\n<ul class=\"typography ids-typeset-body ids-typeset-body--preset-small list--article-list ids-list ids-list--unordered ids-list--size-small \" datatype=\"disc\">\n<li class=\"ids-list-item ids-list-item__content brief-list-item\"><a class=\"ids-undecorated-link link ids-link \" data-spons=\"false\" href=\"https:\/\/sport.interia.pl\/iga-swiatek\/news-nagly-zwrot-akcji-na-united-cup-swiatek-juz-to-wie-hurkacz-w,nId,22505011\" rel=\"nofollow noopener\" target=\"_blank\">Nag\u0142y zwrot akcji na United Cup, \u015awi\u0105tek ju\u017c to wie. Hurkacz wszystko og\u0142osi\u0142<\/a><\/li>\n<\/ul>\n<p>Agnieszka Korneluk: Budowlane walczy\u0142y i szczeg\u00f3lnie w drugim secie mia\u0142y\u015bmy z nimi problemy. WIDEOPolsat SportPolsat Sport<\/p>\n<p><img decoding=\"async\" class=\"ids-image-holder__img\" loading=\"lazy\" alt=\"Kobieta obejmuje twarz sportowca w bia\u0142ej koszulce z nazwiskiem Lewandowski, oboje patrz\u0105 sobie w oczy, w tle inni ludzie skupieni na wydarzeniu sportowym.\" title=\"Robert Lewandowski i Anna Lewandowska po meczu Polska - Senegal w 2018 roku\" width=\"5568\" height=\"3712\" src=\"https:\/\/www.europesays.com\/pl\/wp-content\/uploads\/2026\/01\/000LWNFDQN3G1U43-C323-F4.webp.webp\"\/><\/p>\n<p>Robert Lewandowski i Anna Lewandowska po meczu Polska &#8211; Senegal w 2018 rokuFRANCK FIFEAFP<\/p>\n<p><img decoding=\"async\" class=\"ids-image-holder__img\" loading=\"lazy\" alt=\"Kobieta z upi\u0119tymi w\u0142osami ubrana w fioletow\u0105 marynark\u0119 i czarn\u0105 bluzk\u0119, delikatny makija\u017c oraz niewielkie kolczyki, jednolite r\u00f3\u017cowo-fioletowe t\u0142o.\" title=\"Anna Lewandowska\" width=\"1775\" height=\"1150\" src=\"https:\/\/www.europesays.com\/pl\/wp-content\/uploads\/2026\/01\/000M1UXXVD81F4B7-C323-F4.webp.webp\"\/><\/p>\n<p>Anna LewandowskaLukasz GdakEast News<\/p>\n<p><img decoding=\"async\" class=\"ids-image-holder__img\" loading=\"lazy\" alt=\"Pi\u0142karz w koszulce FC Barcelony z uniesionymi r\u0119koma, banda\u017cem na lewej d\u0142oni i opuszczon\u0105 g\u0142ow\u0105 podczas meczu na stadionie.\" title=\"Robert Lewandowski\u00a0\" width=\"1389\" height=\"765\" src=\"https:\/\/www.europesays.com\/pl\/wp-content\/uploads\/2025\/12\/000LN02YNHFQG1U5-C323-F4.webp.webp\"\/><\/p>\n<p>Robert Lewandowski\u00a0AFP<\/p>\n<p><a class=\"ids-undecorated-link source ids-page-info--source__link\" href=\"https:\/\/www.interia.pl\" rel=\"nofollow noopener\" target=\"_blank\"><img decoding=\"async\" class=\"ids-image-holder__img\" loading=\"lazy\" alt=\"\" title=\"\" height=\"24px\" src=\"https:\/\/www.europesays.com\/pl\/wp-content\/uploads\/2026\/01\/1767782590_880_0009A60QQ5I2TYF7-C202-F4.webp.webp\"\/><\/a><\/p>\n<p>Masz sugestie, uwagi albo widzisz b\u0142\u0105d? Napisz do nas<\/p>\n","protected":false},"excerpt":{"rendered":"Robert i Anna Lewandowscy s\u0105 par\u0105 od wielu lat. Poznali si\u0119 w 2007 roku na obozie student\u00f3w Akademii&hellip;\n","protected":false},"author":2,"featured_media":191544,"comment_status":"","ping_status":"","sticky":false,"template":"","format":"standard","meta":{"footnotes":""},"categories":[22],"tags":[122,42,38,40,39,41,123],"class_list":{"0":"post-191543","1":"post","2":"type-post","3":"status-publish","4":"format-standard","5":"has-post-thumbnail","7":"category-rozrywka","8":"tag-entertainment","9":"tag-pl","10":"tag-poland","11":"tag-polish","12":"tag-polska","13":"tag-polski","14":"tag-rozrywka"},"share_on_mastodon":{"url":"https:\/\/pubeurope.com\/@pl\/115853521538644493","error":""},"_links":{"self":[{"href":"https:\/\/www.europesays.com\/pl\/wp-json\/wp\/v2\/posts\/191543","targetHints":{"allow":["GET"]}}],"collection":[{"href":"https:\/\/www.europesays.com\/pl\/wp-json\/wp\/v2\/posts"}],"about":[{"href":"https:\/\/www.europesays.com\/pl\/wp-json\/wp\/v2\/types\/post"}],"author":[{"embeddable":true,"href":"https:\/\/www.europesays.com\/pl\/wp-json\/wp\/v2\/users\/2"}],"replies":[{"embeddable":true,"href":"https:\/\/www.europesays.com\/pl\/wp-json\/wp\/v2\/comments?post=191543"}],"version-history":[{"count":0,"href":"https:\/\/www.europesays.com\/pl\/wp-json\/wp\/v2\/posts\/191543\/revisions"}],"wp:featuredmedia":[{"embeddable":true,"href":"https:\/\/www.europesays.com\/pl\/wp-json\/wp\/v2\/media\/191544"}],"wp:attachment":[{"href":"https:\/\/www.europesays.com\/pl\/wp-json\/wp\/v2\/media?parent=191543"}],"wp:term":[{"taxonomy":"category","embeddable":true,"href":"https:\/\/www.europesays.com\/pl\/wp-json\/wp\/v2\/categories?post=191543"},{"taxonomy":"post_tag","embeddable":true,"href":"https:\/\/www.europesays.com\/pl\/wp-json\/wp\/v2\/tags?post=191543"}],"curies":[{"name":"wp","href":"https:\/\/api.w.org\/{rel}","templated":true}]}}