{"id":191550,"date":"2026-01-07T11:17:10","date_gmt":"2026-01-07T11:17:10","guid":{"rendered":"https:\/\/www.europesays.com\/pl\/191550\/"},"modified":"2026-01-07T11:17:10","modified_gmt":"2026-01-07T11:17:10","slug":"jaroslaw-kaczynski-zwoluje-politykow-pis-obecnosc-obowiazkowa-onet","status":"publish","type":"post","link":"https:\/\/www.europesays.com\/pl\/191550\/","title":{"rendered":"Jaros\u0142aw Kaczy\u0144ski zwo\u0142uje polityk\u00f3w PiS. &quot;Obecno\u015b\u0107 obowi\u0105zkowa&quot; &#8211; Onet"},"content":{"rendered":"<ol>\n<li><a href=\"https:\/\/news.google.com\/rss\/articles\/CBMiwgFBVV95cUxQcGVnM3J2SGhkcDhfSXVXelZ2YXM2MlNjWms2dmdtY3lhNzB4WUgydDVPWmpFRU5JSkVnUnVaWmNITi1JNkRTa0tNU3haYWsyZ014WFRWdzJfUWk5UTU0WlBHbkltaXkzaENyVllUZkRHQ2pKYlVSSFhwRXB3WHdzUkZpYkF0NDJ5VV9vWlBKQnV4UnFPSFBNQTBIYjJDM1lScUJVdXpwYTNrbWc2Mnc2ZlBnRkY3a0ZPMFgwV3M3NFhZZw?oc=5\" target=\"_blank\" rel=\"nofollow noopener\">Jaros\u0142aw Kaczy\u0144ski zwo\u0142uje polityk\u00f3w PiS. &#8222;Obecno\u015b\u0107 obowi\u0105zkowa&#8221;<\/a>&nbsp;&nbsp;Onet<\/li>\n<li><a href=\"https:\/\/news.google.com\/rss\/articles\/CBMimwFBVV95cUxNdExCYjVheG9wSFlMaDZzSlRzV1ZVbUhGT1RCcVVJZHRYNEl3STUyZGlUaEhnS1BCU2VCTzVqcHc3b0tBaGxFV0R2aXRzZjByMnU5LWpPUTUwOVN1NzBFdU1wNlVnaC1reTFrRVJsc3hjTUxOeHlERVdST09uOUVfdnhwaWEteThCZFBIQkxZdHFKWVpOcXdJS3BRNA?oc=5\" target=\"_blank\" rel=\"nofollow noopener\">Narada kierownictwa PiS. Jest komunikat rzecznika partii<\/a>&nbsp;&nbsp;Onet Wiadomo\u015bci<\/li>\n<li><a href=\"https:\/\/news.google.com\/rss\/articles\/CBMikgFBVV95cUxQWENEMUptMGRpaWZacDVPdzFXRFZwX3M2U05PenNEOWI4Y2xjRnZ3ZnpLaHVVeDdSellpTVlGcnU1bHpral9PUFBFX19FWHhkXzh5TVVfTk5kaGdwVUE3N0k3T2JicUlLZjg2eUYwYjJQSlgzQWFRYVNIaWRiNVVNU1lOVTdsVy1VUjVUMzAxRzFnQQ?oc=5\" target=\"_blank\" rel=\"nofollow noopener\">Kaczy\u0144ski zwo\u0142uje obowi\u0105zkow\u0105 narad\u0119. Czy uda si\u0119 zawiesi\u0107 bro\u0144?<\/a>&nbsp;&nbsp;TVN24<\/li>\n<li><a href=\"https:\/\/news.google.com\/rss\/articles\/CBMixAFBVV95cUxNNW5Yb2gzNFBTQXdpVGlxUGkyZUNEay1uNGtXUmpMWDFwMGtxT3FOWDBNQWNDT1AyZmhrSXYyNW9FNDdfV2EwSFpqaVFpbHZIakNJR0RFdEYxS2Y3bVVtQ01sNllfNlFWaC1GbkRDVU1QZ1o4UGt6RnA2SGlfdmNQOG12T0JhU3U0WmNYbHJBWnd5MzFPWUFodEIzdC1DR3lCUHI4S3JXNWVHS3Q3MTZVcWFobUt0Um51U21BQWZvekRCY1Vq?oc=5\" target=\"_blank\" rel=\"nofollow noopener\">Frakcje w PiS tropi\u0105 anonim\u00f3w. &#8222;Tak chce si\u0119 bawi\u0107? To b\u0119dzie wojna&#8221;<\/a>&nbsp;&nbsp;Newsweek<\/li>\n<li><a href=\"https:\/\/news.google.com\/rss\/articles\/CBMipgFBVV95cUxNNWd2aktsdDQ0cm9YQjJibnZHb0JHYmZkdEVjVXlwaERLb1hzTVBoRU13ekVNLWFOMVBmaGZBY09RZnZ5QllmX3FzTU00aVVlZWlwOHhFYWVNYmZxZktUb0kwajZSeElhLUh6dUdnMGtzSUlkeERMblo0eUtiRXcyMUhrMG15V3laQXpqLUhja3RBYkFLeE12d2ZxOTBzQ1lueW9BakdR?oc=5\" target=\"_blank\" rel=\"nofollow noopener\">Zaskakuj\u0105cy ruch Kaczy\u0144skiego. Politycy zwo\u0142ani na piln\u0105 narad\u0119<\/a>&nbsp;&nbsp;Fakt<\/li>\n<\/ol>\n","protected":false},"excerpt":{"rendered":"Jaros\u0142aw Kaczy\u0144ski zwo\u0142uje polityk\u00f3w PiS. &#8222;Obecno\u015b\u0107 obowi\u0105zkowa&#8221;&nbsp;&nbsp;Onet Narada kierownictwa PiS. Jest komunikat rzecznika partii&nbsp;&nbsp;Onet Wiadomo\u015bci Kaczy\u0144ski zwo\u0142uje obowi\u0105zkow\u0105&hellip;\n","protected":false},"author":2,"featured_media":191551,"comment_status":"","ping_status":"","sticky":false,"template":"","format":"standard","meta":{"footnotes":""},"categories":[5],"tags":[32,33,36,37,27,67,422,34,35,28,31,53,25,52,68,51,55,42,38,40,39,41,868,47,29,30,65,50,26],"class_list":{"0":"post-191550","1":"post","2":"type-post","3":"status-publish","4":"format-standard","5":"has-post-thumbnail","7":"category-naglowki","8":"tag-breaking-news","9":"tag-breakingnews","10":"tag-featured-news","11":"tag-featurednews","12":"tag-headlines","13":"tag-intextvideo_splayer","14":"tag-jaroslaw_kaczynski","15":"tag-latest-news","16":"tag-latestnews","17":"tag-naglowki","18":"tag-najwazniejsze-artykuly","19":"tag-new_header","20":"tag-news","21":"tag-onet3","22":"tag-onet3d","23":"tag-onet3d_2i","24":"tag-phx","25":"tag-pl","26":"tag-poland","27":"tag-polish","28":"tag-polska","29":"tag-polski","30":"tag-prawo_i_sprawiedliwosc_pis","31":"tag-screening_general","32":"tag-top-stories","33":"tag-topstories","34":"tag-update_me","35":"tag-v2021","36":"tag-wiadomosci"},"share_on_mastodon":{"url":"https:\/\/pubeurope.com\/@pl\/115853541057285683","error":""},"_links":{"self":[{"href":"https:\/\/www.europesays.com\/pl\/wp-json\/wp\/v2\/posts\/191550","targetHints":{"allow":["GET"]}}],"collection":[{"href":"https:\/\/www.europesays.com\/pl\/wp-json\/wp\/v2\/posts"}],"about":[{"href":"https:\/\/www.europesays.com\/pl\/wp-json\/wp\/v2\/types\/post"}],"author":[{"embeddable":true,"href":"https:\/\/www.europesays.com\/pl\/wp-json\/wp\/v2\/users\/2"}],"replies":[{"embeddable":true,"href":"https:\/\/www.europesays.com\/pl\/wp-json\/wp\/v2\/comments?post=191550"}],"version-history":[{"count":0,"href":"https:\/\/www.europesays.com\/pl\/wp-json\/wp\/v2\/posts\/191550\/revisions"}],"wp:featuredmedia":[{"embeddable":true,"href":"https:\/\/www.europesays.com\/pl\/wp-json\/wp\/v2\/media\/191551"}],"wp:attachment":[{"href":"https:\/\/www.europesays.com\/pl\/wp-json\/wp\/v2\/media?parent=191550"}],"wp:term":[{"taxonomy":"category","embeddable":true,"href":"https:\/\/www.europesays.com\/pl\/wp-json\/wp\/v2\/categories?post=191550"},{"taxonomy":"post_tag","embeddable":true,"href":"https:\/\/www.europesays.com\/pl\/wp-json\/wp\/v2\/tags?post=191550"}],"curies":[{"name":"wp","href":"https:\/\/api.w.org\/{rel}","templated":true}]}}