{"id":191568,"date":"2026-01-07T11:27:09","date_gmt":"2026-01-07T11:27:09","guid":{"rendered":"https:\/\/www.europesays.com\/pl\/191568\/"},"modified":"2026-01-07T11:27:09","modified_gmt":"2026-01-07T11:27:09","slug":"skromny-poczatek-roku-sony-poleca-jedyna-nowosc-na-ps5-i-zaprasza-na-wyprzedaz","status":"publish","type":"post","link":"https:\/\/www.europesays.com\/pl\/191568\/","title":{"rendered":"Skromny pocz\u0105tek roku. Sony poleca jedyn\u0105 nowo\u015b\u0107 na PS5 i zaprasza na wyprzeda\u017c"},"content":{"rendered":"<p>Sony postanowi\u0142o zaprezentowa\u0107 nam najgor\u0119tsze nowo\u015bci z tego tygodnia na PS5.<\/p>\n<p>Po \u015bwi\u0105tecznej przerwie oficjalna ekipa PlayStation Access powr\u00f3ci\u0142a do swojego cotygodniowego przegl\u0105du nowo\u015bci wydawniczych na PS5.<\/p>\n<p>    Dalsza cz\u0119\u015b\u0107 tekstu pod wideo<\/p>\n<p>W tym tygodniu, jako jedyn\u0105 \u015bwie\u017c\u0105 produkcj\u0119, wskazano I Am Future: Cozy Apocalypse Survival. W grze powalczymy o przetrwanie, jako ostatni cz\u0142owiek, kt\u00f3ry \u017cyje na Ziemi. Gra, kt\u00f3ra zadebiutowa\u0142a ju\u017c wcze\u015bniej na PC, b\u0119dzie dost\u0119pna na Xboksach, Switch oraz PlayStation 5 od 8 stycznia.<\/p>\n<p>        <img loading=\"lazy\" decoding=\"async\" src=\"https:\/\/www.europesays.com\/pl\/wp-content\/uploads\/2026\/01\/1767749540_151_B32963402.414688363;dc_trk_aid=607216972;dc_trk_cid=228291445;ord=[timestamp];dc_lat=;dc_rdid=;tag_f.gif\" attributionsrc=\"\" border=\"0\" height=\"1\" width=\"1\" alt=\"Advertisement\"\/><\/p>\n<p>Je\u015bli chodzi o nowo\u015bci wydawnicze, to tyle. PlayStation zach\u0119ca do skorzystania z obecnych wyprzeda\u017cy, kt\u00f3re s\u0105 aktywne na PS Store w ramach Zimowej Wyprzeda\u017cy. Znajdziemy w tej promocji m.in. Red Dead Redemption 2 za 64,75 z\u0142 czy Cyberpunk 2077 Ultimate Edition za 155 z\u0142. Pe\u0142na lista gier dost\u0119pnych w promocji czeka na Was <a href=\"https:\/\/store.playstation.com\/pl-pl\/category\/7bba25f5-be74-4a85-88f7-a509fa304126\/1\" target=\"_blank\" rel=\"noopener nofollow\">tutaj.<\/a><\/p>\n","protected":false},"excerpt":{"rendered":"Sony postanowi\u0142o zaprezentowa\u0107 nam najgor\u0119tsze nowo\u015bci z tego tygodnia na PS5. Po \u015bwi\u0105tecznej przerwie oficjalna ekipa PlayStation Access&hellip;\n","protected":false},"author":2,"featured_media":25697,"comment_status":"","ping_status":"","sticky":false,"template":"","format":"standard","meta":{"footnotes":""},"categories":[20],"tags":[120,118,119,42,38,40,39,41,116,114,115,121,117],"class_list":{"0":"post-191568","1":"post","2":"type-post","3":"status-publish","4":"format-standard","5":"has-post-thumbnail","7":"category-nauka-i-technika","8":"tag-nauka","9":"tag-nauka-i-technika","10":"tag-naukatechnika","11":"tag-pl","12":"tag-poland","13":"tag-polish","14":"tag-polska","15":"tag-polski","16":"tag-science","17":"tag-science-and-technology","18":"tag-sciencetechnology","19":"tag-technika","20":"tag-technology"},"share_on_mastodon":{"url":"https:\/\/pubeurope.com\/@pl\/115853580295357493","error":""},"_links":{"self":[{"href":"https:\/\/www.europesays.com\/pl\/wp-json\/wp\/v2\/posts\/191568","targetHints":{"allow":["GET"]}}],"collection":[{"href":"https:\/\/www.europesays.com\/pl\/wp-json\/wp\/v2\/posts"}],"about":[{"href":"https:\/\/www.europesays.com\/pl\/wp-json\/wp\/v2\/types\/post"}],"author":[{"embeddable":true,"href":"https:\/\/www.europesays.com\/pl\/wp-json\/wp\/v2\/users\/2"}],"replies":[{"embeddable":true,"href":"https:\/\/www.europesays.com\/pl\/wp-json\/wp\/v2\/comments?post=191568"}],"version-history":[{"count":0,"href":"https:\/\/www.europesays.com\/pl\/wp-json\/wp\/v2\/posts\/191568\/revisions"}],"wp:featuredmedia":[{"embeddable":true,"href":"https:\/\/www.europesays.com\/pl\/wp-json\/wp\/v2\/media\/25697"}],"wp:attachment":[{"href":"https:\/\/www.europesays.com\/pl\/wp-json\/wp\/v2\/media?parent=191568"}],"wp:term":[{"taxonomy":"category","embeddable":true,"href":"https:\/\/www.europesays.com\/pl\/wp-json\/wp\/v2\/categories?post=191568"},{"taxonomy":"post_tag","embeddable":true,"href":"https:\/\/www.europesays.com\/pl\/wp-json\/wp\/v2\/tags?post=191568"}],"curies":[{"name":"wp","href":"https:\/\/api.w.org\/{rel}","templated":true}]}}