{"id":191610,"date":"2026-01-07T11:51:12","date_gmt":"2026-01-07T11:51:12","guid":{"rendered":"https:\/\/www.europesays.com\/pl\/191610\/"},"modified":"2026-01-07T11:51:12","modified_gmt":"2026-01-07T11:51:12","slug":"polska-pomaga-pierwsza-i-ostatnia","status":"publish","type":"post","link":"https:\/\/www.europesays.com\/pl\/191610\/","title":{"rendered":"Polska pomaga pierwsza i ostatnia"},"content":{"rendered":"<p>   <a href=\"https:\/\/defence24.pl\/strona-autora\/jakub-palowski\" target=\"_self\" class=\"article-author__wrap\" rel=\"nofollow noopener\"><img loading=\"lazy\" decoding=\"async\" src=\"https:\/\/www.europesays.com\/pl\/wp-content\/uploads\/2025\/11\/6YClogTPDZJKVQypdeKBTHg9UnGMtWYtfQZ7H3E0.mksc.jpg\" alt=\"\"  width=\"100\" height=\"100\" author=\"Robert Suchy, Defence24\" caption=\"\" fullscreen=\"https:\/\/cdn.defence24.pl\/2021\/12\/13\/1920xpx\/2021\/12\/13\/originals\/6YClogTPDZJKVQypdeKBTHg9UnGMtWYtfQZ7H3E0.h8b9.jpg\" class=\"img article-author__avatar img-avatar\"\/><br \/>\n          Jakub Palowski<br \/>\n        <\/a>  <\/p>\n<p>Podczas <a href=\"https:\/\/defence24.pl\/wojna-na-ukrainie-raport-specjalny-defence24\/migi-za-drony-czyli-zelenski-w-warszawie\" rel=\"nofollow noopener\" target=\"_blank\">grudniowej wizyty prezydenta Ukrainy Wo\u0142odymyra Ze\u0142enskiego w Polsce<\/a> poruszono kwesti\u0119 ewentualnego przekazania Ukrainie samolot\u00f3w bojowych MiG-29. Pomimo pocz\u0105tkowych rozbie\u017cno\u015bci mi\u0119dzy prezydentem Polski a Ministerstwem Obrony Narodowej wydaje si\u0119, \u017ce przekazanie samolot\u00f3w b\u0119dzie mo\u017cliwe.<\/p>\n<p>  <img decoding=\"async\" src=\"https:\/\/www.europesays.com\/pl\/wp-content\/uploads\/2026\/01\/zsdBMTyX9GzArOCM0P742pQY9Wv1CSC5GqY8JuPi.ht2g.jpg\" alt=\"Gripen z pociskami Meteor i polski MiG-29\"  width=\"800\" height=\"450\" author=\"Dow\u00f3dztwo Generalne RSZ\" fetchpriority=\"high\" class=\"img image-with-caption__image\"\/><br \/>\n        Gripen z pociskami Meteor i polski MiG-29<br \/>\n       <br \/>Autor. Dow\u00f3dztwo Generalne RSZ<\/p>\n<p class=\"paragraph-module\"><a href=\"https:\/\/defence24.com\/armed-forces\/mig-29s-for-ukraine-poland-first-and-last-to-help\" rel=\"nofollow noopener\" target=\"_blank\">Artyku\u0142 zosta\u0142 pierwotnie opublikowany w serwisie Defence24.com w j\u0119zyku angielskim. Kliknij tutaj, by przeczyta\u0107.<\/a><\/p>\n<p class=\"paragraph-module\"><a href=\"https:\/\/defence24.com\/armed-forces\/mig-29s-for-ukraine-poland-first-and-last-to-help\" rel=\"nofollow noopener\" target=\"_blank\">The article was originally published at Defence24.com in English. Click here to read.<\/a><\/p>\n<p class=\"paragraph-module\">Je\u015bli tak si\u0119 stanie, Polska mo\u017ce sta\u0107 si\u0119 \u201epierwszym i ostatnim\u201d darczy\u0144c\u0105 samolot\u00f3w bojowych dla Ukrainy. Nale\u017cy pami\u0119ta\u0107, \u017ce ju\u017c w 2022 r. dyskutowano kwesti\u0119 ewentualnego przekazania MiG-29 Kijowowi. <a href=\"https:\/\/defence24.pl\/sily-zbrojne\/msz-polska-gotowa-przekazac-migi-29-do-dyspozycji-usa\" rel=\"nofollow noopener\" target=\"_blank\">Pocz\u0105tkowo Polska chcia\u0142a otrzyma\u0107 u\u017cywane samoloty F-16 od Stan\u00f3w Zjednoczonych w zamian za przekazanie MiG-\u00f3w<\/a>, jednak administracja Bidena odm\u00f3wi\u0142a dostarczenia tych samolot\u00f3w.<\/p>\n<p class=\"paragraph-module\">Chocia\u017c Polska pocz\u0105tkowo nie przekaza\u0142a formalnie kompletnych samolot\u00f3w, Warszawa dostarczy\u0142a bardzo poka\u017any pakiet cz\u0119\u015bci zamiennych i uzbrojenia. W drugiej po\u0142owie 2022 r., po zakupie przez Warszaw\u0119 lekkich samolot\u00f3w bojowych FA-50 i FA-50PL od Republiki Korei, przekazanie MiG-29 sta\u0142o si\u0119 bardziej realne. Ostatecznie dosz\u0142o do tego w pierwszej po\u0142owie 2023 r., we wsp\u00f3\u0142pracy ze S\u0142owacj\u0105, wtedy jeszcze kierowan\u0105 przez prezydent Zuzann\u0119 Caputov\u0105.<\/p>\n<p class=\"paragraph-module\">Patrz\u0105c w przysz\u0142o\u015b\u0107, na rok 2026, mo\u017cna \u015bmia\u0142o stwierdzi\u0107, \u017ce darowizna MiG-29 od Polski i S\u0142owacji dla Ukrainy by\u0142a znacz\u0105cym krokiem dla ca\u0142ej obrony Kijowa. Nie tylko pozwoli\u0142o to uzupe\u0142ni\u0107 zapasy samolot\u00f3w, ale tak\u017ce utorowa\u0142o drog\u0119 do przekazania samolot\u00f3w zachodnich (F-16, pierwsze w drugiej po\u0142owie 2024 r. i <a href=\"https:\/\/defence24.pl\/wojna-na-ukrainie-raport-specjalny-defence24\/pierwsze-mirage-2000-juz-na-ukrainie)\" rel=\"nofollow noopener\" target=\"_blank\">Mirage 2000, pierwsze w lutym 2025 r.<\/a>.<\/p>\n<p class=\"paragraph-module\">Obecnie samoloty bojowe maj\u0105 dla Ukrainy kluczowe znaczenie pod wieloma wzgl\u0119dami. Bior\u0105c pod uwag\u0119, \u017ce Federacja Rosyjska poprawia swoje zdolno\u015bci w dziedzinie atak\u00f3w z powietrza, zar\u00f3wno dzi\u0119ki <a href=\"https:\/\/defence24.pl\/wojna-na-ukrainie-raport-specjalny-defence24\/od-kamikaze-do-nosiciela-rakiet-rosyjska-ewolucja-szahida\" rel=\"nofollow noopener\" target=\"_blank\">masowemu wykorzystaniu dron\u00f3w<\/a>, jak i precyzyjnej amunicji konwencjonalnej (bomby szybuj\u0105ce, pociski manewruj\u0105ce), samoloty s\u0105 wykorzystywane do wspierania obrony infrastruktury krytycznej. Ponadto przeprowadzaj\u0105 one ograniczone, ale nadal wa\u017cne ataki na cele, w tym z u\u017cyciem bomb kierowanych, takich jak JDAM-ER i SDB, kt\u00f3re zosta\u0142y r\u00f3wnie\u017c zintegrowane z samolotami pochodzenia posowieckiego, takimi jak MiG-29 i Su-27. W perspektywie d\u0142ugoterminowej Ukraina ma r\u00f3wnie\u017c otrzyma\u0107 <a href=\"https:\/\/defence24.pl\/sily-zbrojne\/ukraina-otrzyma-setki-rafale-i-gripenow-jest-jedno-ale\" rel=\"nofollow noopener\" target=\"_blank\">szwedzkie samoloty Gripen i francuskie Rafale.<\/a><\/p>\n<p class=\"paragraph-module\">Ponadto, jak stwierdzi\u0142 prezydent Ze\u0142enski <a href=\"https:\/\/defence24.pl\/wojna-na-ukrainie-raport-specjalny-defence24\/migi-za-drony-czyli-zelenski-w-warszawie\" rel=\"nofollow noopener\" target=\"_blank\">podczas swojej wizyty w Polsce<\/a>, o ile Kij\u00f3w otrzymuje zachodnie samoloty, takie jak F-16, to szkolenie pilot\u00f3w zajmuje pewien czas. Z kolei MiGi-29 mo\u017cna \u0142atwo zintegrowa\u0107 z systemem obrony Ukrainy. Nale\u017cy zauwa\u017cy\u0107, \u017ce po <a href=\"https:\/\/defence24.pl\/wojna-na-ukrainie-raport-specjalny-defence24\/migi-29-dla-ukrainy-trwaja-rozmowy\" rel=\"nofollow noopener\" target=\"_blank\">ujawnieniu przez Sztab Generalny Si\u0142 Zbrojnych RP i Ministerstwo Obrony Narodowej faktu, \u017ce trwaj\u0105 negocjacje z Ukrain\u0105 w sprawie dostarczenia samolot\u00f3w MiG-29<\/a> \u2013 w zamian za okre\u015blone technologie dron\u00f3w i przeciwdzia\u0142ania dronom \u2013 <a href=\"https:\/\/defence24.pl\/polityka-obronna\/przekazanie-migow-ukrainie-kto-nie-informowal-prezydenta\" rel=\"nofollow noopener\" target=\"_blank\">prezydent Karol Nawrocki oraz przedstawiciele Kancelarii Prezydenta i Biura Bezpiecze\u0144stwa Narodowego pocz\u0105tkowo m\u00f3wili, \u017ce nie zostali poinformowani o mo\u017cliwo\u015bci donacji, wskazuj\u0105c na b\u0142\u0119dy po stronie MON.<\/a><\/p>\n<p>  <img  alt=\"FA-50GF w wyremontowanym hangarze\" width=\"780\" author=\"Maciej Szopa\/Defence24\" class=\"img image-with-caption__image\"\/><br \/>\n        FA-50GF w wyremontowanym hangarze<br \/>\n       <br \/>Autor. Maciej Szopa\/Defence24<\/p>\n<p class=\"paragraph-module\">Tym razem jednak polsko-polski sp\u00f3r mi\u0119dzy Ministerstwem Obrony Narodowej a prezydentem wydaje si\u0119 by\u0107 szybko rozwi\u0105zany, poniewa\u017c podczas wizyty Wo\u0142odymyra Ze\u0142enskiego w Polsce Karol Nawrocki potwierdzi\u0142, \u017ce MiG-29 mog\u0105 zosta\u0107 przekazane Ukrainie. Wydaje si\u0119, \u017ce wy\u017csze interesy bezpiecze\u0144stwa przewa\u017cy\u0142y nad sporem politycznym, przynajmniej w kwestii dostawy MiG-29. Wraz z przewidywanym osi\u0105gni\u0119ciem gotowo\u015bci operacyjnej przez samoloty FA-50 (chocia\u017c <a href=\"https:\/\/defence24.pl\/przemysl\/fa-50-z-opoznieniem-wojsko-tlumaczy)\" rel=\"nofollow noopener\" target=\"_blank\">dostawy nowocze\u015bniejszych FA-50PL s\u0105 op\u00f3\u017anione<\/a> oraz planowanym odbiorem przez Polsk\u0119 pierwszych samolot\u00f3w <a href=\"https:\/\/defence24.pl\/sily-zbrojne\/kolejny-f-35-dla-polski-zjechal-z-linii-produkcyjnych\" rel=\"nofollow noopener\" target=\"_blank\">F-35,<\/a> przekazanie ostatnich samolot\u00f3w MiG-29 staje si\u0119 bardziej realne r\u00f3wnie\u017c z punktu widzenia Si\u0142 Powietrznych RP, zw\u0142aszcza \u017ce samoloty te zbli\u017caj\u0105 si\u0119 do ko\u0144ca okresu eksploatacji.<\/p>\n<p class=\"paragraph-module\">Tak wi\u0119c, po prawie czterech latach wojny na pe\u0142n\u0105 skal\u0119, Kij\u00f3w nadal potrzebuje samolot\u00f3w MiG-29 i wydaje si\u0119, \u017ce Polska jest w stanie i chce je dostarczy\u0107. Czy Polska przeka\u017ce Kijowowi samoloty jako \u201epierwsza i ostatnia\u201d? Tym razem, w przeciwie\u0144stwie do naprawd\u0119 ogromnych darowizn z lat 2022-2023 (w tym ponad 300 czo\u0142g\u00f3w podstawowych, setek transporter\u00f3w opancerzonych i bojowych woz\u00f3w piechoty, ponad stu system\u00f3w artyleryjskich, nowoczesnych przeno\u015bnych przeciwlotniczych zestaw\u00f3w rakietowych Piorun dostarczonych w 2022 r., \u015bmig\u0142owc\u00f3w Mi-24 i dziesi\u0105tek milion\u00f3w sztuk amunicji), Polska b\u0119dzie oczekiwa\u0107 rekompensaty w postaci technologii od ukrai\u0144skiego przemys\u0142u obronnego.<\/p>\n<p class=\"paragraph-module\">\u015awiadczy to r\u00f3wnie\u017c o zmieniaj\u0105cym si\u0119 charakterze wojny, w kt\u00f3rej Ukraina staje si\u0119 coraz bardziej wiod\u0105cym producentem niekt\u00f3rych rodzaj\u00f3w sprz\u0119tu (co nie mia\u0142o miejsca w pierwszej po\u0142owie 2022 r., kiedy to ponad 200 polskich czo\u0142g\u00f3w T-72 trafi\u0142o na Ukrain\u0119, aby wesprze\u0107 pierwsze kontruderzenia). Dostarczenie technologii mo\u017ce by\u0107 r\u00f3wnie\u017c korzystne dla Ukrainy, poniewa\u017c Kij\u00f3w skorzysta\u0142by na rozbudowie bazy produkcyjnej. Miejmy wi\u0119c nadziej\u0119, \u017ce Ukraina otrzyma samoloty MiG-29, a Polska \u2013 ukrai\u0144skie technologie.<\/p>\n","protected":false},"excerpt":{"rendered":"Jakub Palowski Podczas grudniowej wizyty prezydenta Ukrainy Wo\u0142odymyra Ze\u0142enskiego w Polsce poruszono kwesti\u0119 ewentualnego przekazania Ukrainie samolot\u00f3w bojowych&hellip;\n","protected":false},"author":2,"featured_media":191611,"comment_status":"","ping_status":"","sticky":false,"template":"","format":"standard","meta":{"footnotes":""},"categories":[12],"tags":[32,33,29278,32584,36,37,16287,27,690,34,35,28980,37439,28,31,25,42,38,40,39,24303,41,11213,37440,29,30,415,26,850],"class_list":{"0":"post-191610","1":"post","2":"type-post","3":"status-publish","4":"format-standard","5":"has-post-thumbnail","7":"category-polska","8":"tag-breaking-news","9":"tag-breakingnews","10":"tag-fa-50","11":"tag-fa-50pl","12":"tag-featured-news","13":"tag-featurednews","14":"tag-gripen","15":"tag-headlines","16":"tag-karol-nawrocki","17":"tag-latest-news","18":"tag-latestnews","19":"tag-mig-29","20":"tag-mig-29-dla-ukrainy","21":"tag-naglowki","22":"tag-najwazniejsze-artykuly","23":"tag-news","24":"tag-pl","25":"tag-poland","26":"tag-polish","27":"tag-polska","28":"tag-polska-pomoc-dla-ukrainy","29":"tag-polski","30":"tag-prezydent-karol-nawrocki","31":"tag-prezydent-wolodymyr-zelenski","32":"tag-top-stories","33":"tag-topstories","34":"tag-ukraina","35":"tag-wiadomosci","36":"tag-zelenski"},"share_on_mastodon":{"url":"https:\/\/pubeurope.com\/@pl\/115853674610910855","error":""},"_links":{"self":[{"href":"https:\/\/www.europesays.com\/pl\/wp-json\/wp\/v2\/posts\/191610","targetHints":{"allow":["GET"]}}],"collection":[{"href":"https:\/\/www.europesays.com\/pl\/wp-json\/wp\/v2\/posts"}],"about":[{"href":"https:\/\/www.europesays.com\/pl\/wp-json\/wp\/v2\/types\/post"}],"author":[{"embeddable":true,"href":"https:\/\/www.europesays.com\/pl\/wp-json\/wp\/v2\/users\/2"}],"replies":[{"embeddable":true,"href":"https:\/\/www.europesays.com\/pl\/wp-json\/wp\/v2\/comments?post=191610"}],"version-history":[{"count":0,"href":"https:\/\/www.europesays.com\/pl\/wp-json\/wp\/v2\/posts\/191610\/revisions"}],"wp:featuredmedia":[{"embeddable":true,"href":"https:\/\/www.europesays.com\/pl\/wp-json\/wp\/v2\/media\/191611"}],"wp:attachment":[{"href":"https:\/\/www.europesays.com\/pl\/wp-json\/wp\/v2\/media?parent=191610"}],"wp:term":[{"taxonomy":"category","embeddable":true,"href":"https:\/\/www.europesays.com\/pl\/wp-json\/wp\/v2\/categories?post=191610"},{"taxonomy":"post_tag","embeddable":true,"href":"https:\/\/www.europesays.com\/pl\/wp-json\/wp\/v2\/tags?post=191610"}],"curies":[{"name":"wp","href":"https:\/\/api.w.org\/{rel}","templated":true}]}}