{"id":191624,"date":"2026-01-07T11:59:09","date_gmt":"2026-01-07T11:59:09","guid":{"rendered":"https:\/\/www.europesays.com\/pl\/191624\/"},"modified":"2026-01-07T11:59:09","modified_gmt":"2026-01-07T11:59:09","slug":"szalenstwo-tyle-kosztuja-bilety-na-puchar-swiata-w-zakopanem-przeglad-sportowy-onet","status":"publish","type":"post","link":"https:\/\/www.europesays.com\/pl\/191624\/","title":{"rendered":"Szale\u0144stwo! Tyle kosztuj\u0105 bilety na Puchar \u015awiata w Zakopanem &#8211; Przegl\u0105d Sportowy Onet"},"content":{"rendered":"<ol>\n<li><a href=\"https:\/\/news.google.com\/rss\/articles\/CBMirAFBVV95cUxQTFJObHFaV280VGZJcTEtV0wwbUUweU5JVmtPSm9wanlaNENVUG1Ib21vcTdaM2FGZ2lrMEtpNFJxZk5vbVpiRVRKYlhReEYxVlRSYkRsd1VhSVZpZXBJTkRHdS1YT0I0UHNrNm1HVUducDlubHZocUU5R3VISXFMajRiaEx2a0dPbzhuYjZiYTRTY3p1SzZYUTRScUh0Vml3NW9TRmUydlh4Snds?oc=5\" target=\"_blank\" rel=\"nofollow noopener\">Szale\u0144stwo! Tyle kosztuj\u0105 bilety na Puchar \u015awiata w Zakopanem<\/a>&nbsp;&nbsp;Przegl\u0105d Sportowy Onet<\/li>\n<li><a href=\"https:\/\/news.google.com\/rss\/articles\/CBMijAFBVV95cUxNVVEtTnR6Q25wdzZ1S0lJbUFIbkw3Ympsam1JU3ZqR21wdWQyMUdPQ1c4ZHBlNHkxN3ptMC1SUWViYmFKWHJRNUw2WDlNTEFWbEMtN2U0dVhSQzRyZzVSOTJpOUtwMFotVnZ4X2JVYTlGT3NmNjJzVFBJSFplN3ZmQW85SzJscC1uanl1Q9IBkgFBVV95cUxObUowcXlveVlvMEFvMlhEWDJDRGNNSjdIaE9PbzRSdHNmOWYtQUJYbFRoSHpUdEpVdjlMNWpDbnRtRkZNZVMzQWZfLW1ma05mVVRaZzFMemFjaFJjaWpjLVRZMm5fZXpEWkZMN1lXT1Z4bkJzREJCS08yWFRieDg4VWt4S1ZkcHBCc2VnWThxQmdKZw?oc=5\" target=\"_blank\" rel=\"nofollow noopener\">Kr\u00f3tszy weekend Pucharu \u015awiata w Zakopanem. Nie b\u0119dzie skok\u00f3w w pi\u0105tek<\/a>&nbsp;&nbsp;sport.tvp.pl<\/li>\n<li><a href=\"https:\/\/news.google.com\/rss\/articles\/CBMivgFBVV95cUxNN0ZxNWp6eDNKWHp3cHhYR3FuZHhBYjM1c2VfbTItVERlWXhDbkhJLWJDdVdKbGphdHZ0S2VHMEI1UW92MnFydS1VeG9IenF2eV9qeEpGWWtZd1RqVS1JMXFVbDJzQXFJb2JRandKSnB6TkhDSVZ5bmF2SWhGTW9BUGRZbnIyVXRmRUlYWXo5eExrcVAxNHhZYUljemMzWml0VEoxWjQtcEhZQUdodWNhR2dOb1VMYW9YNlJSb3hB?oc=5\" target=\"_blank\" rel=\"nofollow noopener\">Zmiana! W pi\u0105tek bez skok\u00f3w w Zakopanem. Oto pow\u00f3d<\/a>&nbsp;&nbsp;Przegl\u0105d Sportowy Onet<\/li>\n<li><a href=\"https:\/\/news.google.com\/rss\/articles\/CBMipAJBVV95cUxQcUs3TndqQzJnc1picy1lalpaYU5YRUxCR2tIb2NFTi1JTFY3aHpWXzBqNUpSMTFoSWdKQ2NTRHp3THd0dGh0UzdiWXJNamhnT0ItdzNnMU1Ub1YtbmFPZ0FwWksyUVZqUkE1UE44NDhQOS1QT3FlWkVQZGZPZmRZLXFtUzFiT0xvMXJqUG4weTBvYUJJQXQ2NHlJTlp5TDg3TEhFdGtSaVoyVGVvblJ1aXRzbXdfNmtoSTlKSzE2SHdPVkJWN1FEMjg2WVNqRkw4WGJFMGR0QlZOXzJvU1c5dEhWN055NW50ZDY2ZFd3RWNPLTB5SHBNS0o1aXJSd2xnY3lxSDdYRzFaOUlUREVPd09DcTdVb2RjeHB3anVMLTUwdmRB?oc=5\" target=\"_blank\" rel=\"nofollow noopener\">Wysokie ceny bilet\u00f3w na konkursy skok\u00f3w narciarskich w Zakopanem<\/a>&nbsp;&nbsp;Eurosport Polska<\/li>\n<li><a href=\"https:\/\/news.google.com\/rss\/articles\/CBMi4AFBVV95cUxPNGdOUzJZbGtleEY0emU4bTd6LXEwc3pVOEtlSG9wSzNDVXp5NGdyaGRZUmlKXzNqZVB5VjlubV9zejgwbUlVN3kxQkxXUF96bi1meDNycnhkS1pIQ3JuT2tYSnRCcVJJYnlkUDVEN0w5OEdtNmtqSy1YekZ2S3RVc3lUVGZiR01nS3lMM0R3YkxiWkhueVROTHl1X29iYXd0Ylg2MjB5YkIzV2tpVHd0R1hPWC00bU1FQlZ5RmFsMERwUVZsQkZybHQ3d2hwS1Rmcm94OGRkNFYyeWhwbGdPSA?oc=5\" target=\"_blank\" rel=\"nofollow noopener\">Puchar \u015awiata w Zakopanem: wielkie \u015bwi\u0119to skok\u00f3w narciarskich i wyj\u0105tkowe po\u017cegnanie Kamila Stocha<\/a>&nbsp;&nbsp;Rzeczpospolita<\/li>\n<\/ol>\n","protected":false},"excerpt":{"rendered":"Szale\u0144stwo! Tyle kosztuj\u0105 bilety na Puchar \u015awiata w Zakopanem&nbsp;&nbsp;Przegl\u0105d Sportowy Onet Kr\u00f3tszy weekend Pucharu \u015awiata w Zakopanem. Nie&hellip;\n","protected":false},"author":2,"featured_media":191625,"comment_status":"","ping_status":"","sticky":false,"template":"","format":"standard","meta":{"footnotes":""},"categories":[5],"tags":[32,33,36,37,27,67,34,35,28,31,25,129,42,38,40,39,41,136,128,37441,47,1874,135,29,30,26,130],"class_list":{"0":"post-191624","1":"post","2":"type-post","3":"status-publish","4":"format-standard","5":"has-post-thumbnail","7":"category-naglowki","8":"tag-breaking-news","9":"tag-breakingnews","10":"tag-featured-news","11":"tag-featurednews","12":"tag-headlines","13":"tag-intextvideo_splayer","14":"tag-latest-news","15":"tag-latestnews","16":"tag-naglowki","17":"tag-najwazniejsze-artykuly","18":"tag-news","19":"tag-ofsajd","20":"tag-pl","21":"tag-poland","22":"tag-polish","23":"tag-polska","24":"tag-polski","25":"tag-ps_detal_new","26":"tag-psv2","27":"tag-puchar_swiata_zakopane","28":"tag-screening_general","29":"tag-skoki_narciarskie","30":"tag-sport_sport","31":"tag-top-stories","32":"tag-topstories","33":"tag-wiadomosci","34":"tag-wiadomosci_sportowe"},"share_on_mastodon":{"url":"https:\/\/pubeurope.com\/@pl\/115853706127347594","error":""},"_links":{"self":[{"href":"https:\/\/www.europesays.com\/pl\/wp-json\/wp\/v2\/posts\/191624","targetHints":{"allow":["GET"]}}],"collection":[{"href":"https:\/\/www.europesays.com\/pl\/wp-json\/wp\/v2\/posts"}],"about":[{"href":"https:\/\/www.europesays.com\/pl\/wp-json\/wp\/v2\/types\/post"}],"author":[{"embeddable":true,"href":"https:\/\/www.europesays.com\/pl\/wp-json\/wp\/v2\/users\/2"}],"replies":[{"embeddable":true,"href":"https:\/\/www.europesays.com\/pl\/wp-json\/wp\/v2\/comments?post=191624"}],"version-history":[{"count":0,"href":"https:\/\/www.europesays.com\/pl\/wp-json\/wp\/v2\/posts\/191624\/revisions"}],"wp:featuredmedia":[{"embeddable":true,"href":"https:\/\/www.europesays.com\/pl\/wp-json\/wp\/v2\/media\/191625"}],"wp:attachment":[{"href":"https:\/\/www.europesays.com\/pl\/wp-json\/wp\/v2\/media?parent=191624"}],"wp:term":[{"taxonomy":"category","embeddable":true,"href":"https:\/\/www.europesays.com\/pl\/wp-json\/wp\/v2\/categories?post=191624"},{"taxonomy":"post_tag","embeddable":true,"href":"https:\/\/www.europesays.com\/pl\/wp-json\/wp\/v2\/tags?post=191624"}],"curies":[{"name":"wp","href":"https:\/\/api.w.org\/{rel}","templated":true}]}}