{"id":19163,"date":"2025-09-27T14:59:11","date_gmt":"2025-09-27T14:59:11","guid":{"rendered":"https:\/\/www.europesays.com\/pl\/19163\/"},"modified":"2025-09-27T14:59:11","modified_gmt":"2025-09-27T14:59:11","slug":"sad-odpowiada-na-ruch-bogdana-swieczkowskiego-chodzi-o-zbigniewa-ziobre-2","status":"publish","type":"post","link":"https:\/\/www.europesays.com\/pl\/19163\/","title":{"rendered":"S\u0105d odpowiada na ruch Bogdana \u015awi\u0119czkowskiego. Chodzi o Zbigniewa Ziobr\u0119"},"content":{"rendered":"<ul class=\"UnorderedList_container__nmfSl\">\n<li class=\"UnorderedList_listElement__Py7xi\" data-id=\"ai-summary-link\">Du\u017co czytania, a ma\u0142o czasu? Sprawd\u017a\u00a0skr\u00f3t\u00a0artyku\u0142u<\/li>\n<\/ul>\n<p class=\"Paragraph_desktopParagraph__U31Gm\">S\u0119dzia Ptaszek odnios\u0142a si\u0119 w ten spos\u00f3b do pi\u0105tkowego komunikatu Trybuna\u0142u Konstytucyjnego, informuj\u0105cego, \u017ce \u015awi\u0119czkowski skierowa\u0142 do Prokuratury Krajowej zawiadomienie o &#8222;uzasadnionym podejrzeniu pope\u0142nienia przest\u0119pstwa w zwi\u0105zku z bezprawn\u0105 decyzj\u0105 S\u0105du Okr\u0119gowego w Warszawie naruszaj\u0105c\u0105 postanowienie tymczasowe Trybuna\u0142u z 8 sierpnia 2025 r.&#8221;.<\/p>\n<p class=\"Paragraph_desktopParagraph__U31Gm\">TK przekaza\u0142 te\u017c, \u017ce \u015awi\u0119czkowski skierowa\u0142 do Prokuratury zawiadomienie dotycz\u0105ce &#8222;umy\u015blnego przekroczenia uprawnie\u0144 przez funkcjonariusza publicznego, s\u0119dzi\u0119 S\u0105du Okr\u0119gowego w Warszawie Magdalen\u0119 W\u00f3jcik, kt\u00f3ra wyda\u0142a sprzeczne z orzeczeniem Trybuna\u0142u postanowienie o zatrzymaniu i przymusowym doprowadzeniu by\u0142ego ministra sprawiedliwo\u015bci Zbigniewa Ziobry na posiedzenie tzw. sejmowej komisji \u015bledczej ds. Pegasusa&#8221;.<\/p>\n<p class=\"VideoPlayerText_videoPlayerText__iDwyz\">Dalszy ci\u0105g materia\u0142u pod wideo<\/p>\n<p class=\"Paragraph_desktopParagraph__U31Gm\">S\u0119dzia Ptaszek poinformowa\u0142a, \u017ce opisane przez TK dzia\u0142anie dotyczy postanowienia warszawskiego SO z 16 wrze\u015bnia 2025 r. w sprawie o sygn. akt VIII Ko 313\/25.<\/p>\n<ul class=\"OchatFollowUps_wrapper__1ry7X\">\n<li class=\"OchatFollowUps_item__Dhyly OchatFollowUps_itemDesktop__R6aBv\">Jakie dzia\u0142ania podj\u0105\u0142 Bogdan \u015awi\u0119czkowski?<\/li>\n<li class=\"OchatFollowUps_item__Dhyly OchatFollowUps_itemDesktop__R6aBv\">Co s\u0105d w Warszawie powiedzia\u0142 o orzeczeniach niezawis\u0142ych s\u0105d\u00f3w?<\/li>\n<li class=\"OchatFollowUps_item__Dhyly OchatFollowUps_itemDesktop__R6aBv\">Jakie zarzuty postawiono Zbigniewowi Ziobrze?<\/li>\n<li class=\"OchatFollowUps_item__Dhyly OchatFollowUps_itemDesktop__R6aBv\">Kiedy zaplanowane jest przes\u0142uchanie Zbigniewa Ziobry przez komisj\u0119 \u015bledcz\u0105?<\/li>\n<\/ul>\n<p class=\"Paragraph_desktopParagraph__U31Gm\">&#8222;Informuj\u0119, \u017ce Prezes Trybuna\u0142u Konstytucyjnego nie jest w\u0142adny wypowiada\u0107 si\u0119 o zasadno\u015bci lub bezzasadno\u015bci orzeczenia niezawis\u0142ego s\u0105du. Podlega ono kontroli instancyjnej sprawowanej przez S\u0105d Apelacyjny w Warszawie, kt\u00f3ry jest wy\u0142\u0105cznie w\u0142a\u015bciwy do oceny merytorycznej tego orzeczenia&#8221; \u2014 przekaza\u0142a.<\/p>\n<p class=\"Paragraph_desktopParagraph__U31Gm\">Doda\u0142a, \u017ce SO w Warszawie w uzasadnieniu przedstawi\u0142 ocen\u0119 prawn\u0105 wniosku Sejmowej Komisji \u015aledczej i wyja\u015bni\u0142 motywy swojej decyzji, w tym odni\u00f3s\u0142 si\u0119 do zagadnienia postanowienia tymczasowego z 8 sierpnia 2025 r.<\/p>\n<p class=\"Paragraph_desktopParagraph__U31Gm\">&#8222;Dzia\u0142anie Bogdana \u015awi\u0119czkowskiego stanowi pr\u00f3b\u0119 wp\u0142ywania na orzecznictwo niezawis\u0142ych s\u0105d\u00f3w powszechnych, do czego Konstytucja Rzeczypospolitej Polskiej nie nadaje mu \u017cadnych uprawnie\u0144&#8221; \u2014 podkre\u015bli\u0142a. Przekaza\u0142a te\u017c, \u017ce &#8222;to nieakceptowalne zachowanie jest obecnie analizowane przez Prezesa S\u0105du Okr\u0119gowego w Warszawie pod k\u0105tem naruszenia przepis\u00f3w kodeksu karnego&#8221;.<\/p>\n<p class=\"Paragraph_desktopParagraph__U31Gm\">W pi\u0105tkowym komunikacie TK podkre\u015bli\u0142, \u017ce &#8222;w my\u015bl art. 190 ust. 1 Konstytucji orzeczenia Trybuna\u0142u Konstytucyjnego s\u0105 ostateczne i wi\u0105\u017c\u0105ce dla wszystkich organ\u00f3w pa\u0144stwa, w tym s\u0105d\u00f3w powszechnych&#8221;. Doda\u0142, \u017ce &#8222;zgodnie z podstawow\u0105 zasad\u0105 legalizmu wyra\u017con\u0105 w art. 7 Konstytucji, s\u0105dy i inne organy w\u0142adzy publicznej dzia\u0142aj\u0105 na podstawie i w granicach prawa, a tym samym s\u0105 zobowi\u0105zane do respektowania orzecze\u0144 Trybuna\u0142u&#8221;.<\/p>\n<p class=\"Paragraph_desktopParagraph__U31Gm\">Ponadto w komunikacie napisano, \u017ce zawiadomienie wskazuje r\u00f3wnie\u017c na &#8222;usi\u0142owanie sprawstwa polecaj\u0105cego pozbawienia wolno\u015bci przez funkcjonariuszy Policji pozostaj\u0105cych w stosunku uzale\u017cnienia wobec s\u0119dziego&#8221;.<\/p>\n<p class=\"Paragraph_desktopParagraph__U31Gm\">Sejmowa komisja \u015bledcza ds. Pegasusa chce przes\u0142ucha\u0107 by\u0142ego szefa MS Zbigniewa Ziobr\u0119 od ponad roku. Ma to zwi\u0105zek z wykorzystywaniem w Polsce oprogramowania Pegasus do inwigilacji m.in. polityk\u00f3w. Mia\u0142o do tego dochodzi\u0107 w czasie, gdy Ziobro by\u0142 ministrem sprawiedliwo\u015bci i prokuratorem generalnym.<\/p>\n<p class=\"Paragraph_desktopParagraph__U31Gm\">Na poniedzia\u0142ek zaplanowano przes\u0142uchanie by\u0142ego szefa MS Zbigniewa Ziobry przez komisj\u0119 \u015bledcz\u0105 ds. Pegasusa. S\u0105d wyrazi\u0142 zgod\u0119, aby polityka zatrzyma\u0142a Policja w celu doprowadzenia na to posiedzenie. B\u0119dzie to 9. pr\u00f3ba przes\u0142uchania Ziobry. Zdaniem by\u0142ego szefa MS komisja jest nielegalna.<\/p>\n","protected":false},"excerpt":{"rendered":"Du\u017co czytania, a ma\u0142o czasu? Sprawd\u017a\u00a0skr\u00f3t\u00a0artyku\u0142u S\u0119dzia Ptaszek odnios\u0142a si\u0119 w ten spos\u00f3b do pi\u0105tkowego komunikatu Trybuna\u0142u Konstytucyjnego,&hellip;\n","protected":false},"author":2,"featured_media":17111,"comment_status":"","ping_status":"","sticky":false,"template":"","format":"standard","meta":{"footnotes":""},"categories":[5],"tags":[4718,32,33,36,37,310,27,67,34,35,28,31,53,25,52,68,51,232,6199,55,42,38,251,40,39,41,233,47,4717,29,30,65,50,26,4070],"class_list":{"0":"post-19163","1":"post","2":"type-post","3":"status-publish","4":"format-standard","5":"has-post-thumbnail","7":"category-naglowki","8":"tag-bogdan_swieczkowski","9":"tag-breaking-news","10":"tag-breakingnews","11":"tag-featured-news","12":"tag-featurednews","13":"tag-glowna_bb_prg_tst0","14":"tag-headlines","15":"tag-intextvideo_splayer","16":"tag-latest-news","17":"tag-latestnews","18":"tag-naglowki","19":"tag-najwazniejsze-artykuly","20":"tag-new_header","21":"tag-news","22":"tag-onet3","23":"tag-onet3d","24":"tag-onet3d_2i","25":"tag-pap_deb_tst0","26":"tag-pegasus","27":"tag-phx","28":"tag-pl","29":"tag-poland","30":"tag-policja_policjanci_policjant_policjantka_policjantki","31":"tag-polish","32":"tag-polska","33":"tag-polski","34":"tag-rewardedp_tst0","35":"tag-screening_general","36":"tag-tk_trybunal_konstytucyjny","37":"tag-top-stories","38":"tag-topstories","39":"tag-update_me","40":"tag-v2021","41":"tag-wiadomosci","42":"tag-zbigniew_ziobro_polityk"},"share_on_mastodon":{"url":"","error":""},"_links":{"self":[{"href":"https:\/\/www.europesays.com\/pl\/wp-json\/wp\/v2\/posts\/19163","targetHints":{"allow":["GET"]}}],"collection":[{"href":"https:\/\/www.europesays.com\/pl\/wp-json\/wp\/v2\/posts"}],"about":[{"href":"https:\/\/www.europesays.com\/pl\/wp-json\/wp\/v2\/types\/post"}],"author":[{"embeddable":true,"href":"https:\/\/www.europesays.com\/pl\/wp-json\/wp\/v2\/users\/2"}],"replies":[{"embeddable":true,"href":"https:\/\/www.europesays.com\/pl\/wp-json\/wp\/v2\/comments?post=19163"}],"version-history":[{"count":0,"href":"https:\/\/www.europesays.com\/pl\/wp-json\/wp\/v2\/posts\/19163\/revisions"}],"wp:featuredmedia":[{"embeddable":true,"href":"https:\/\/www.europesays.com\/pl\/wp-json\/wp\/v2\/media\/17111"}],"wp:attachment":[{"href":"https:\/\/www.europesays.com\/pl\/wp-json\/wp\/v2\/media?parent=19163"}],"wp:term":[{"taxonomy":"category","embeddable":true,"href":"https:\/\/www.europesays.com\/pl\/wp-json\/wp\/v2\/categories?post=19163"},{"taxonomy":"post_tag","embeddable":true,"href":"https:\/\/www.europesays.com\/pl\/wp-json\/wp\/v2\/tags?post=19163"}],"curies":[{"name":"wp","href":"https:\/\/api.w.org\/{rel}","templated":true}]}}