{"id":191656,"date":"2026-01-07T12:19:07","date_gmt":"2026-01-07T12:19:07","guid":{"rendered":"https:\/\/www.europesays.com\/pl\/191656\/"},"modified":"2026-01-07T12:19:07","modified_gmt":"2026-01-07T12:19:07","slug":"pensja-dla-pierwszej-damy-tyle-moglaby-zarobic-marta-nawrocka","status":"publish","type":"post","link":"https:\/\/www.europesays.com\/pl\/191656\/","title":{"rendered":"Pensja dla pierwszej damy. Tyle mog\u0142aby zarobi\u0107 Marta Nawrocka"},"content":{"rendered":"<ul class=\"typography ids-typeset-body ids-typeset-body--preset-large list ids-list ids-list--unordered ids-list--size-large \" datatype=\"disc\">\n<li class=\"ids-list-item\">\n<p>Debata o wynagrodzeniu pierwszej damy powr\u00f3ci\u0142a wraz z rozpocz\u0119ciem nowej prezydentury.<\/p>\n<\/li>\n<li class=\"ids-list-item\">\n<p>Obywatelska petycja trafi\u0142a do Sejmu, wnosz\u0105c o rekompensat\u0119 finansow\u0105 dla ma\u0142\u017conki prezydenta za rezygnacj\u0119 z kariery zawodowej.<\/p>\n<\/li>\n<li class=\"ids-list-item\">\n<p>Dotychczas pierwsze damy otrzymuj\u0105 jedynie sk\u0142adki na ubezpieczenie spo\u0142eczne, co nieznacznie podnosi ostateczne emerytury ma\u0142\u017conek prezydent\u00f3w.<\/p>\n<\/li>\n<li class=\"ids-list-item\">Wi\u0119cej podobnych informacji znajdziesz na <a class=\"ids-undecorated-link link ids-link link\" href=\"https:\/\/biznes.interia.pl\/#utm_source=Biznes&amp;utm_medium=bullet&amp;utm_campaign=powrot_z_wew&amp;iwa_source=bullet\" target=\"_blank\" rel=\"nofollow noopener\">stronie g\u0142\u00f3wnej serwisu<\/a><\/li>\n<\/ul>\n<p class=\"typography ids-typeset-body ids-typeset-body--preset-large link paragraph ids-paragraph ids-paragraph--default\">Marta Nawrocka jeszcze kilka miesi\u0119cy temu pracowa\u0142a w Krajowej Administracji Skarbowej. Jako pierwsza dama zrezygnowa\u0142a z pracy i dzi\u015b nie zarabia, a jej funkcja jest g\u0142\u00f3wnie reprezentatywna.<\/p>\n<p>Agata Duda po 10 latach prezydentury m\u0119\u017ca dostanie dodatkowe 450 z\u0142 emerytury<\/p>\n<p class=\"typography ids-typeset-body ids-typeset-body--preset-large link paragraph ids-paragraph ids-paragraph--default\">Obecnie ma\u0142\u017conkom prezydent\u00f3w pa\u0144stwo op\u0142aca jedynie sk\u0142adki na ubezpieczenie spo\u0142eczne\u00a0(naliczane od przeci\u0119tnego wynagrodzenia w gospodarce). Wszystko po to, by po latach prezydentury m\u0119\u017ca pierwsze damy mog\u0142y otrzyma\u0107 emerytur\u0119.<\/p>\n<ul class=\"typography ids-typeset-body ids-typeset-body--preset-small list--article-list ids-list ids-list--unordered ids-list--size-small \" datatype=\"disc\">\n<li class=\"ids-list-item ids-list-item__content brief-list-item\"><a class=\"ids-undecorated-link link ids-link \" data-spons=\"false\" href=\"https:\/\/biznes.interia.pl\/praca\/news-nowe-dane-o-zarobkach-polakow-widac-spore-roznice,nId,22505692\" rel=\"nofollow noopener\" target=\"_blank\">Nowe dane o zarobkach Polak\u00f3w. Wida\u0107 spore r\u00f3\u017cnice <\/a><\/li>\n<li class=\"ids-list-item ids-list-item__content brief-list-item\"><a class=\"ids-undecorated-link link ids-link \" data-spons=\"false\" href=\"https:\/\/biznes.interia.pl\/praca\/news-czarzasty-gotowy-na-ustepstwa-w-sprawie-pip-jezeli-nie-drzwi,nId,22505668\" rel=\"nofollow noopener\" target=\"_blank\">Czarzasty gotowy na ust\u0119pstwa w sprawie PIP. &#8222;Je\u017celi nie drzwiami, wjedziemy oknem&#8221;<\/a><\/li>\n<\/ul>\n<p class=\"typography ids-typeset-body ids-typeset-body--preset-large link paragraph ids-paragraph ids-paragraph--default\">Jak informuje &#8222;Fakt&#8221;,\u00a0nie s\u0105 to jednak ogromne kwoty. Agata Duda po osi\u0105gni\u0119ciu wieku emerytalnego i 10 latach prezydentury m\u0119\u017ca, otrzyma z ZUS dodatkowo ok. 450 z\u0142.<\/p>\n<p>Jest petycji w sprawie pensji dla pierwszej damy<\/p>\n<p class=\"typography ids-typeset-body ids-typeset-body--preset-large link paragraph ids-paragraph ids-paragraph--default\">Do Sejmu trafi\u0142a obywatelska petycja w sprawie rekompensaty dla pierwszej damy za czas trwania kadencji prezydenta RP.\u00a0Taka wyp\u0142ata mia\u0142aby nie mie\u0107 charakteru klasycznej pensji, a autor petycji wylicza szeroki zakres obowi\u0105zk\u00f3w, kt\u00f3ry tak\u0105 rekompensat\u0119 ma uzasadnia\u0107:<\/p>\n<p class=\"typography ids-typeset-body ids-typeset-body--preset-large link paragraph ids-paragraph ids-paragraph--default\">&#8222;Ma\u0142\u017conek prezydenta zgodnie z dobrym zwyczajem rezygnuje bowiem z realizowania si\u0119 na polu zawodowym i po\u015bwi\u0119ca na rzecz pa\u0144stwa. Bierze udzia\u0142 w wyjazdach zagranicznych, gdzie u boku prezydenta reprezentuje kraj oraz dzia\u0142a wewn\u0105trz kraju poprzez patronowanie akcjom charytatywnym, spo\u0142ecznym i kulturalnym. Wspiera r\u00f3wnie\u017c inicjatywy zwi\u0105zane, chocia\u017cby z edukacj\u0105, zdrowiem czy kwestiami rodzinnymi&#8221; &#8211; czytamy w petycji.<\/p>\n<p class=\"typography ids-typeset-body ids-typeset-body--preset-large link paragraph ids-paragraph ids-paragraph--default\">Jego zdaniem, pe\u0142nienie tych funkcji to przede wszystkim oczekiwania spo\u0142eczne, kt\u00f3rym stara si\u0119 sprosta\u0107 ka\u017cda kolejna pierwsza dama.<\/p>\n<p>Mog\u0142aby zarobi\u0107 p\u00f3\u0142 miliona z\u0142otych. Nie dostanie nic?<\/p>\n<p class=\"typography ids-typeset-body ids-typeset-body--preset-large link paragraph ids-paragraph ids-paragraph--default\">Podobne petycje pojawia\u0142y si\u0119 w przestrzeni medialnej ju\u017c w 2015 i 2019 roku. W drugim przypadku autorzy proponowali, by ma\u0142\u017conka Andrzeja Dudy otrzymywa\u0142a ponad 13,5 tys. z\u0142\u00a0<a href=\"https:\/\/biznes.interia.pl\/praca\/news-nowe-dane-o-zarobkach-polakow-widac-spore-roznice,nId,22505692\" target=\"_blank\" rel=\"nofollow noopener\">wynagrodzenia<\/a>, a niema\u0142a pensja mia\u0142a dotyczy\u0107 tak\u017ce by\u0142ych pierwszych dam. Ostatecznie PiS wycofa\u0142o si\u0119 jednak z procedowania tych przepis\u00f3w.<\/p>\n<p class=\"typography ids-typeset-body ids-typeset-body--preset-large link paragraph ids-paragraph ids-paragraph--default\">Tak\u017ce dzi\u015b, pos\u0142owie cz\u0119sto nie s\u0105 przekonani, czy pierwsza dama powinna zarabia\u0107 tyle samo, co prezydent. Przedstawiciel Konfederacji nie przeczy jednak, \u017ce pensja pierwszej damie powinna by\u0107 wyp\u0142acana.<\/p>\n<p class=\"typography ids-typeset-body ids-typeset-body--preset-large link paragraph ids-paragraph ids-paragraph--default\">&#8222;Dlatego, \u017ce jest to funkcja, kt\u00f3ra w praktyce uniemo\u017cliwia wykonywanie jakiejkolwiek aktywno\u015bci zawodowej, czyli jest etatem pa\u0144stwowym&#8221; &#8211; m\u00f3wi\u0142 Micha\u0142 Wawer cytowany przez &#8222;Fakt&#8221;.<\/p>\n<p class=\"typography ids-typeset-body ids-typeset-body--preset-large link paragraph ids-paragraph ids-paragraph--default\">Ma\u0142\u017conka Karola Nawrockiego dotychczas w KAS zarabia\u0142a od 5,5 do 9,3 tys. z\u0142 wynagrodzenia zasadniczego. Pi\u0119\u0107 kolejnych lat takiej pracy przynios\u0142oby\u00a0<a href=\"https:\/\/biznes.interia.pl\/polityka\/news-taka-pensje-miala-marta-nawrocka-ile-zarobi-jako-pierwsza-da,nId,8007326\" target=\"_blank\" rel=\"nofollow noopener\">Marcie Nawrockiej<\/a>\u00a0blisko p\u00f3\u0142 miliona z\u0142otych pensji (g\u00f3rne wide\u0142ki) i znacznie powi\u0119kszy\u0142o jej kapita\u0142 do przysz\u0142ej emerytury.<\/p>\n<p>Stra\u017cacy bez pieni\u0119dzy. Burmistrz odm\u00f3wi\u0142a pokrycia koszt\u00f3w ubezpieczeniaPolsat News<\/p>\n","protected":false},"excerpt":{"rendered":"Debata o wynagrodzeniu pierwszej damy powr\u00f3ci\u0142a wraz z rozpocz\u0119ciem nowej prezydentury. Obywatelska petycja trafi\u0142a do Sejmu, wnosz\u0105c o&hellip;\n","protected":false},"author":2,"featured_media":191657,"comment_status":"","ping_status":"","sticky":false,"template":"","format":"standard","meta":{"footnotes":""},"categories":[12],"tags":[32,33,36,37,27,34,35,28,31,25,42,38,40,39,41,29,30,26],"class_list":{"0":"post-191656","1":"post","2":"type-post","3":"status-publish","4":"format-standard","5":"has-post-thumbnail","7":"category-polska","8":"tag-breaking-news","9":"tag-breakingnews","10":"tag-featured-news","11":"tag-featurednews","12":"tag-headlines","13":"tag-latest-news","14":"tag-latestnews","15":"tag-naglowki","16":"tag-najwazniejsze-artykuly","17":"tag-news","18":"tag-pl","19":"tag-poland","20":"tag-polish","21":"tag-polska","22":"tag-polski","23":"tag-top-stories","24":"tag-topstories","25":"tag-wiadomosci"},"share_on_mastodon":{"url":"https:\/\/pubeurope.com\/@pl\/115853784751901685","error":""},"_links":{"self":[{"href":"https:\/\/www.europesays.com\/pl\/wp-json\/wp\/v2\/posts\/191656","targetHints":{"allow":["GET"]}}],"collection":[{"href":"https:\/\/www.europesays.com\/pl\/wp-json\/wp\/v2\/posts"}],"about":[{"href":"https:\/\/www.europesays.com\/pl\/wp-json\/wp\/v2\/types\/post"}],"author":[{"embeddable":true,"href":"https:\/\/www.europesays.com\/pl\/wp-json\/wp\/v2\/users\/2"}],"replies":[{"embeddable":true,"href":"https:\/\/www.europesays.com\/pl\/wp-json\/wp\/v2\/comments?post=191656"}],"version-history":[{"count":0,"href":"https:\/\/www.europesays.com\/pl\/wp-json\/wp\/v2\/posts\/191656\/revisions"}],"wp:featuredmedia":[{"embeddable":true,"href":"https:\/\/www.europesays.com\/pl\/wp-json\/wp\/v2\/media\/191657"}],"wp:attachment":[{"href":"https:\/\/www.europesays.com\/pl\/wp-json\/wp\/v2\/media?parent=191656"}],"wp:term":[{"taxonomy":"category","embeddable":true,"href":"https:\/\/www.europesays.com\/pl\/wp-json\/wp\/v2\/categories?post=191656"},{"taxonomy":"post_tag","embeddable":true,"href":"https:\/\/www.europesays.com\/pl\/wp-json\/wp\/v2\/tags?post=191656"}],"curies":[{"name":"wp","href":"https:\/\/api.w.org\/{rel}","templated":true}]}}