{"id":191751,"date":"2026-01-07T13:15:09","date_gmt":"2026-01-07T13:15:09","guid":{"rendered":"https:\/\/www.europesays.com\/pl\/191751\/"},"modified":"2026-01-07T13:15:09","modified_gmt":"2026-01-07T13:15:09","slug":"zabrala-z-hali-przylotow-nie-swoja-torbe-akcja-sluzb-w-balicach-onet","status":"publish","type":"post","link":"https:\/\/www.europesays.com\/pl\/191751\/","title":{"rendered":"Zabra\u0142a z hali przylot\u00f3w nie swoj\u0105 torb\u0119. Akcja s\u0142u\u017cb w Balicach &#8211; Onet"},"content":{"rendered":"<ol>\n<li><a href=\"https:\/\/news.google.com\/rss\/articles\/CBMiugFBVV95cUxNNHpnYUpTdEVWSUVILWplYU9vUENxNzBCTmRkVENTMHdOUWE1NWRORUZRdTZURV95YXYxNDgxbk50cTFMSkhxOUI4MzVENXNKY3VzZ19mSG56UnNaT3UtV1FDSXgtSDE3NXFia2tsQmE0YVVYNHllSzQtYXRGOG9zNmg2bXh6ZEc2Yk5CZTNFeUpVZVVqa1E1S3pXQ1FMeVp4UHJiR3dkMVJVbzloMTJDcU0zT2E5QXNsNVE?oc=5\" target=\"_blank\" rel=\"nofollow noopener\">Zabra\u0142a z hali przylot\u00f3w nie swoj\u0105 torb\u0119. Akcja s\u0142u\u017cb w Balicach<\/a>&nbsp;&nbsp;Onet<\/li>\n<li><a href=\"https:\/\/news.google.com\/rss\/articles\/CBMirwFBVV95cUxNTEFGQnlFWDA1a1FGV1Y3YjBYM0hXYnExa3FXWlBjY0pKcXV1MDdVN1BYWlh6aGJsOWFKLW96czI2VU5yNjR4RU5JYVo3a0xGQi1nbTljQ1lySE1YdEpmUFdtMTQyY1I4dWFyaksybEFtaDgtWjlUeUw2NnhSbFFhdXBnN0dEOHRkdHdNVUQ0dS1PMkt6MzlxOGlySjNpdUl6b3p5c25uZ1MzZnpuSElR?oc=5\" target=\"_blank\" rel=\"nofollow noopener\">Pomy\u0142ka z walizk\u0105 i dzia\u0142ania minersko-pirotechniczne na krakowskim lotnisku<\/a>&nbsp;&nbsp;informatorbrzeski.pl<\/li>\n<li><a href=\"https:\/\/news.google.com\/rss\/articles\/CBMimAFBVV95cUxNMjFkS2xUNXdGYzh2dXRRc1dETVAtTXFEczdqNEUzbW9hQjEtSnB3Q3V0OGhPU2paVFdiS29DWndRanZmQUxnaGJ0OXE5Skg1aXY3X2pQMXBaYk9tOVN1ZkdYbGZrTGhoVW5vXy1kOXRqbFIwcFZlNy1QbHFvZXA0WFpqOVhMUTRnSFF0bER5UHlKOUNTYndiWA?oc=5\" target=\"_blank\" rel=\"nofollow noopener\">Zostawi\u0142a walizk\u0119 i wysz\u0142a. S\u0142u\u017cby ruszy\u0142y do akcji w terminalu<\/a>&nbsp;&nbsp;Co w Krakowie<\/li>\n<li><a href=\"https:\/\/news.google.com\/rss\/articles\/CBMixgFBVV95cUxQVUk1UlpvX0ttLUtlRVoxSFpxQjZzSlhhWTJOQXZ1NXpQMHAwMWlabEdaN2U0NlQzMnZyY2tfb0tRYnVKRVBhaEhFMmZHemVhTElrQlFBNWt3NjdrU3BfOVBybXZWLXZCRXR6TEtUSEdKd1lLRkJJR215R3dtbldXYzhmeGd2cEVfUlpXY2wybHdDbk5vanVRM3B0VmNxeFZFandLREhXbFE3NUhaMUVVQThaUGhuVm9HWVlpNGp0SzIwejNpYkE?oc=5\" target=\"_blank\" rel=\"nofollow noopener\">Baga\u017c bez w\u0142a\u015bciciela i wstrzymany ruch kolejowy na krakowskim lotnisku<\/a>&nbsp;&nbsp;Komenda G\u0142\u00f3wna Stra\u017cy Granicznej<\/li>\n<li><a href=\"https:\/\/news.google.com\/rss\/articles\/CBMirAFBVV95cUxNR1lZaGl2bldsNGhsb2hFdHV1TExEWGo5Y0IzakJGb25YYWY2LS0yMjlQNEw0Y1EzT2t2MXBobnluRFoxcFBwUWlRQXRHMzhBQXBHZmhMOUtOMDBhSkdwYl9uTW9hbHhWckNRbmpGVnRPbzVRcGlLTEN5LXJlVmNpYll1STFiQmFHMDE0TERlRy1GSWhRQlFXQWI0bmljS3VsMVZ4RVZqVFBOckF6?oc=5\" target=\"_blank\" rel=\"nofollow noopener\">Balice: Alarm na stacji PKP przy krakowskim lotnisku. Interweniowa\u0142y s\u0142u\u017cby<\/a>&nbsp;&nbsp;S\u0105deckie.pl<\/li>\n<\/ol>\n","protected":false},"excerpt":{"rendered":"Zabra\u0142a z hali przylot\u00f3w nie swoj\u0105 torb\u0119. Akcja s\u0142u\u017cb w Balicach&nbsp;&nbsp;Onet Pomy\u0142ka z walizk\u0105 i dzia\u0142ania minersko-pirotechniczne na&hellip;\n","protected":false},"author":2,"featured_media":191752,"comment_status":"","ping_status":"","sticky":false,"template":"","format":"standard","meta":{"footnotes":""},"categories":[12],"tags":[1009,32,33,36,37,8889,27,34,35,28,31,53,25,52,68,51,55,42,38,40,39,41,47,29,30,50,26],"class_list":{"0":"post-191751","1":"post","2":"type-post","3":"status-publish","4":"format-standard","5":"has-post-thumbnail","7":"category-polska","8":"tag-anejus","9":"tag-breaking-news","10":"tag-breakingnews","11":"tag-featured-news","12":"tag-featurednews","13":"tag-glos24","14":"tag-headlines","15":"tag-latest-news","16":"tag-latestnews","17":"tag-naglowki","18":"tag-najwazniejsze-artykuly","19":"tag-new_header","20":"tag-news","21":"tag-onet3","22":"tag-onet3d","23":"tag-onet3d_2i","24":"tag-phx","25":"tag-pl","26":"tag-poland","27":"tag-polish","28":"tag-polska","29":"tag-polski","30":"tag-screening_general","31":"tag-top-stories","32":"tag-topstories","33":"tag-v2021","34":"tag-wiadomosci"},"share_on_mastodon":{"url":"https:\/\/pubeurope.com\/@pl\/115854005132215258","error":""},"_links":{"self":[{"href":"https:\/\/www.europesays.com\/pl\/wp-json\/wp\/v2\/posts\/191751","targetHints":{"allow":["GET"]}}],"collection":[{"href":"https:\/\/www.europesays.com\/pl\/wp-json\/wp\/v2\/posts"}],"about":[{"href":"https:\/\/www.europesays.com\/pl\/wp-json\/wp\/v2\/types\/post"}],"author":[{"embeddable":true,"href":"https:\/\/www.europesays.com\/pl\/wp-json\/wp\/v2\/users\/2"}],"replies":[{"embeddable":true,"href":"https:\/\/www.europesays.com\/pl\/wp-json\/wp\/v2\/comments?post=191751"}],"version-history":[{"count":0,"href":"https:\/\/www.europesays.com\/pl\/wp-json\/wp\/v2\/posts\/191751\/revisions"}],"wp:featuredmedia":[{"embeddable":true,"href":"https:\/\/www.europesays.com\/pl\/wp-json\/wp\/v2\/media\/191752"}],"wp:attachment":[{"href":"https:\/\/www.europesays.com\/pl\/wp-json\/wp\/v2\/media?parent=191751"}],"wp:term":[{"taxonomy":"category","embeddable":true,"href":"https:\/\/www.europesays.com\/pl\/wp-json\/wp\/v2\/categories?post=191751"},{"taxonomy":"post_tag","embeddable":true,"href":"https:\/\/www.europesays.com\/pl\/wp-json\/wp\/v2\/tags?post=191751"}],"curies":[{"name":"wp","href":"https:\/\/api.w.org\/{rel}","templated":true}]}}