{"id":191755,"date":"2026-01-07T13:17:09","date_gmt":"2026-01-07T13:17:09","guid":{"rendered":"https:\/\/www.europesays.com\/pl\/191755\/"},"modified":"2026-01-07T13:17:09","modified_gmt":"2026-01-07T13:17:09","slug":"po-transferze-gwiazdora-bayernu-nie-przeprowadzila-sie-z-nim-tlumaczy-dlaczego","status":"publish","type":"post","link":"https:\/\/www.europesays.com\/pl\/191755\/","title":{"rendered":"Po transferze gwiazdora Bayernu nie przeprowadzi\u0142a si\u0119 z nim. T\u0142umaczy dlaczego"},"content":{"rendered":"\n<p class=\"contentpart contentpart--default contentpart--text\" data-position=\"0\">Latem 2025 roku\u00a0<a href=\"https:\/\/sportowefakty.wp.pl\/pilka-nozna\/thomas-mueller\" rel=\"nofollow noopener\" target=\"_blank\">Thomas Mueller<\/a>\u00a0podj\u0105\u0142 nie\u0142atw\u0105 decyzj\u0119. Po wielu latach wychowanek Bayernu Monachium opu\u015bci\u0142 klub i zosta\u0142 pi\u0142karzem\u00a0<a href=\"https:\/\/sportowefakty.wp.pl\/pilka-nozna\/vancouver-whitecaps\" rel=\"nofollow noopener\" target=\"_blank\">Vancouver Whitecaps<\/a>. W barwach tej dru\u017cyny dotar\u0142 do fina\u0142u\u00a0<a href=\"https:\/\/sportowefakty.wp.pl\/pilka-nozna\/major-league-soccer\" rel=\"nofollow noopener\" target=\"_blank\">MLS<\/a>, w kt\u00f3rym lepsi okazali si\u0119 prowadzeni przez Lionela Messiego zawodnicy Interu Miami.<\/p>\n<p class=\"contentpart contentpart--default contentpart--text\" data-position=\"1\">36-letnia\u00a0<a href=\"https:\/\/sportowefakty.wp.pl\/sportowybar\/nina-mueller\" rel=\"nofollow noopener\" target=\"_blank\">Lisa Mueller<\/a>\u00a0w rozmowie z &#8222;Sueddeutsche Zeitung&#8221; odnios\u0142a si\u0119 do medialnych spekulacji wok\u00f3\u0142 roz\u0142\u0105ki z m\u0119\u017cem, kt\u00f3ry obecnie gra w Vancouver Whitecaps. &#8211; Nie by\u0142oby w og\u00f3le mo\u017cliwe, \u017cebym mu towarzyszy\u0142a. Startuj\u0119 w zawodach je\u017adzieckich, to jest m\u00f3j zaw\u00f3d &#8211; wyja\u015bni\u0142a.<\/p>\n<p> <img role=\"presentation\" src=\"https:\/\/std.wpcdn.pl\/images\/adv\/placeholder_wp.svg\" loading=\"lazy\" alt=\"\" decoding=\"async\"\/>  <\/p>\n<p class=\"contentpart contentpart--default contentpart--text\" data-position=\"2\">ZOBACZ WIDEO: Fabia\u0144ski zaskoczy\u0142 histori\u0105 z przesz\u0142o\u015bci. &#8222;Podbieg\u0142em i go kopn\u0105\u0142em&#8221;<\/p>\n<p class=\"contentpart contentpart--default contentpart--text\" data-position=\"4\">Mueller podkre\u015bli\u0142a, \u017ce jej obecno\u015b\u0107 w Niemczech jest konieczna tak\u017ce ze wzgl\u0119du na prowadzenie stadniny Gut Wettlkam pod Monachium. &#8211; Konie musz\u0105 trenowa\u0107 mi\u0119dzy zawodami, a kto\u015b musi te\u017c dogl\u0105da\u0107 gospodarstwa &#8211; doda\u0142a, odnosz\u0105c si\u0119 do rodzinnego biznesu, kt\u00f3ry od lat prowadzi wsp\u00f3lnie z Thomasem.<\/p>\n<p class=\"contentpart contentpart--default contentpart--text\" data-position=\"5\">Lisa Mueller przyzna\u0142a, \u017ce obecnie unika komentarzy na temat \u017cycia prywatnego. &#8211; Musia\u0142abym si\u0119 t\u0142umaczy\u0107, a poza tym, cokolwiek si\u0119 powie, i tak zostanie to przekr\u0119cone &#8211; stwierdzi\u0142a.<\/p>\n<p class=\"contentpart contentpart--default contentpart--text\" data-position=\"6\">Jako przyk\u0142ad poda\u0142a sytuacje, w kt\u00f3rych zdj\u0119cia z \u017cycia prywatnego s\u0105 nadinterpretowane. &#8211; Wtedy wszystko zn\u00f3w jest \u017ale. W ko\u0144cu jest mi to oboj\u0119tne &#8211; wtedy jestem po prostu t\u0105 g\u0142upi\u0105 \u017con\u0105 pi\u0142karza, kt\u00f3ra potrafi tylko malowa\u0107 paznokcie &#8211; wyzna\u0142a.<\/p>\n<p> <img role=\"presentation\" src=\"https:\/\/std.wpcdn.pl\/images\/adv\/placeholder_wp.svg\" loading=\"lazy\" alt=\"\" decoding=\"async\"\/>  <\/p>\n<p class=\"contentpart contentpart--default contentpart--text\" data-position=\"7\">\u017bona by\u0142ego reprezentanta Niemiec zwr\u00f3ci\u0142a uwag\u0119, \u017ce spotyka si\u0119 z uprzedzeniami nie tylko jako partnerka pi\u0142karza, ale tak\u017ce ze wzgl\u0119du na zainteresowanie polityk\u0105. Niedawno odby\u0142a sta\u017c u przewodnicz\u0105cej bawarskiego parlamentu Ilse Aigner (CSU) i wst\u0105pi\u0142a do partii. &#8211; Ja w og\u00f3le jeszcze nie uprawiam polityki, ja odbywam sta\u017ce &#8211; zaznaczy\u0142a.<\/p>\n<p class=\"contentpart contentpart--default contentpart--text\" data-position=\"8\">W rozmowie z &#8222;SZ&#8221; Lisa Mueller odnios\u0142a si\u0119 tak\u017ce do wsp\u00f3lnej pasji z m\u0119\u017cem. &#8211; Thomas nie wywodzi si\u0119 ze \u015brodowiska je\u017adzieckiego, ale bardzo mocno zaanga\u017cowa\u0142 si\u0119 w hodowl\u0119 i wiele si\u0119 nauczy\u0142 &#8211; powiedzia\u0142a. Podkre\u015bli\u0142a, \u017ce pi\u0142karz potrafi oceni\u0107 jako\u015b\u0107 i ruch konia, co ma kluczowe znaczenie w uje\u017cd\u017ceniu.<\/p>\n","protected":false},"excerpt":{"rendered":"Latem 2025 roku\u00a0Thomas Mueller\u00a0podj\u0105\u0142 nie\u0142atw\u0105 decyzj\u0119. Po wielu latach wychowanek Bayernu Monachium opu\u015bci\u0142 klub i zosta\u0142 pi\u0142karzem\u00a0Vancouver Whitecaps.&hellip;\n","protected":false},"author":2,"featured_media":191756,"comment_status":"","ping_status":"","sticky":false,"template":"","format":"standard","meta":{"footnotes":""},"categories":[24],"tags":[933,37444,12740,295,269,930,278,42,38,40,39,41,127,268,126,37445,71,28301],"class_list":{"0":"post-191755","1":"post","2":"type-post","3":"status-publish","4":"format-standard","5":"has-post-thumbnail","7":"category-sport","8":"tag-bundesliga","9":"tag-lisa-mueller","10":"tag-major-league-soccer","11":"tag-niemcy","12":"tag-pilka-nozna","13":"tag-pilka-nozna-w-niemczech","14":"tag-pilka-w-europie","15":"tag-pl","16":"tag-poland","17":"tag-polish","18":"tag-polska","19":"tag-polski","20":"tag-sport","21":"tag-sportowybar","22":"tag-sports","23":"tag-thomas-mueller","24":"tag-usa","25":"tag-vancouver-whitecaps"},"share_on_mastodon":{"url":"https:\/\/pubeurope.com\/@pl\/115854012995951143","error":""},"_links":{"self":[{"href":"https:\/\/www.europesays.com\/pl\/wp-json\/wp\/v2\/posts\/191755","targetHints":{"allow":["GET"]}}],"collection":[{"href":"https:\/\/www.europesays.com\/pl\/wp-json\/wp\/v2\/posts"}],"about":[{"href":"https:\/\/www.europesays.com\/pl\/wp-json\/wp\/v2\/types\/post"}],"author":[{"embeddable":true,"href":"https:\/\/www.europesays.com\/pl\/wp-json\/wp\/v2\/users\/2"}],"replies":[{"embeddable":true,"href":"https:\/\/www.europesays.com\/pl\/wp-json\/wp\/v2\/comments?post=191755"}],"version-history":[{"count":0,"href":"https:\/\/www.europesays.com\/pl\/wp-json\/wp\/v2\/posts\/191755\/revisions"}],"wp:featuredmedia":[{"embeddable":true,"href":"https:\/\/www.europesays.com\/pl\/wp-json\/wp\/v2\/media\/191756"}],"wp:attachment":[{"href":"https:\/\/www.europesays.com\/pl\/wp-json\/wp\/v2\/media?parent=191755"}],"wp:term":[{"taxonomy":"category","embeddable":true,"href":"https:\/\/www.europesays.com\/pl\/wp-json\/wp\/v2\/categories?post=191755"},{"taxonomy":"post_tag","embeddable":true,"href":"https:\/\/www.europesays.com\/pl\/wp-json\/wp\/v2\/tags?post=191755"}],"curies":[{"name":"wp","href":"https:\/\/api.w.org\/{rel}","templated":true}]}}