{"id":191761,"date":"2026-01-07T13:21:10","date_gmt":"2026-01-07T13:21:10","guid":{"rendered":"https:\/\/www.europesays.com\/pl\/191761\/"},"modified":"2026-01-07T13:21:10","modified_gmt":"2026-01-07T13:21:10","slug":"rosji-sie-to-nie-spodoba","status":"publish","type":"post","link":"https:\/\/www.europesays.com\/pl\/191761\/","title":{"rendered":"Rosji si\u0119 to nie spodoba"},"content":{"rendered":"<p>Przez wiele miesi\u0119cy europejskie plany dotycz\u0105ce gwarancji bezpiecze\u0144stwa dla Ukrainy po ewentualnym zawieszeniu broni wygl\u0105da\u0142y ambitnie na papierze, ale w praktyce pozostawa\u0142y niejasne. <a href=\"https:\/\/wiadomosci.onet.pl\/swiat\/europa-osiagnela-wstepne-porozumienie-w-sprawie-ukrainy-amerykanie-wchodza-do-gry\/5s8ev91\" id=\"8b61c262-8894-4db1-999f-d2df66d9c782\" rel=\"nofollow noopener\" target=\"_blank\">We wtorek 6 stycznia<\/a> w Pa\u0142acu Elizejskim te koncepcje zacz\u0119\u0142y nabiera\u0107 realnych kszta\u0142t\u00f3w \u2014 po cichu, lecz z wyra\u017anym udzia\u0142em Waszyngtonu.<\/p>\n<p>Po raz pierwszy administracja Donalda Trumpa oficjalnie popar\u0142a europejskie ramy powojennych gwarancji bezpiecze\u0144stwa dla Ukrainy, w tym udzia\u0142 USA w monitorowaniu zawieszenia broni. Decyzja zapad\u0142a podczas paryskiego szczytu z udzia\u0142em ponad dw\u00f3ch tuzin\u00f3w pa\u0144stw sojuszniczych i zosta\u0142a formalnie zapisana w nowo og\u0142oszonej <a href=\"https:\/\/wiadomosci.onet.pl\/swiat\/gwarancje-sojusznikow-wobec-ukrainy-jest-tresc-deklaracji-paryskiej\/ryf7547\" id=\"93af5401-48f5-4ff7-968d-425c67a069d3\" rel=\"nofollow noopener\" target=\"_blank\">deklaracji paryskiej<\/a>.<\/p>\n<p>Cho\u0107 zaproponowane rozwi\u0105zania s\u0105 dalekie od artyku\u0142u 5 Traktatu P\u00f3\u0142nocnoatlantyckiego, m\u00f3wi\u0105cego o zbiorowej obronie, to i tak id\u0105 znacznie dalej ni\u017c wszystko, co Ukraina uzyska\u0142a do tej pory. To zasadnicza r\u00f3\u017cnica \u2014 zaznacza Daniel Fried, by\u0142y zast\u0119pca sekretarza stanu USA i wieloletni znawca spraw rosyjskich.<\/p>\n<p><img decoding=\"async\" src=\"https:\/\/www.europesays.com\/pl\/wp-content\/uploads\/2026\/01\/Ovck9lBaHR0cHM6Ly9vY2RuLmV1L3B1bHNjbXMvTURBXy9iM2U3OGEwMzAwMjU5YmU5NDI3ODg2YTdmZTBmMDlkNC5qcGeRlQLNB.jpeg\" height=\"627\" width=\"940\" alt=\"Prezydent Ukrainy Wo\u0142odymyr Ze\u0142enski, prezydent Francji Emmanuel Macron i premier Wielkiej Brytanii Keir Starmer po podpisaniu deklaracji w sprawie rozmieszczenia si\u0142 po zawieszeniu broni w Ukrainie podczas szczytu koalicji ch\u0119tnych, Pary\u017c, Francja, 6 stycznia 2026 r.\" loading=\"lazy\" class=\"ods-c-image__img ods-c-image__img--viewport-width\"\/><\/p>\n<p>Prezydent Ukrainy Wo\u0142odymyr Ze\u0142enski, prezydent Francji Emmanuel Macron i premier Wielkiej Brytanii Keir Starmer po podpisaniu deklaracji w sprawie rozmieszczenia si\u0142 po zawieszeniu broni w Ukrainie podczas szczytu koalicji ch\u0119tnych, Pary\u017c, Francja, 6 stycznia 2026 r.PAP\/EPA\/LUDOVIC MARIN \/ POOL \/ PAP<\/p>\n<p>Pary\u017c nie przyni\u00f3s\u0142 obietnic, lecz konkrety, kt\u00f3re po raz pierwszy realnie wzmacniaj\u0105 bezpiecze\u0144stwo Ukrainy i wci\u0105gaj\u0105 USA w europejsk\u0105 gr\u0119. Dla Kremla mo\u017ce to by\u0107 pocz\u0105tek sytuacji, nad kt\u00f3r\u0105 coraz trudniej b\u0119dzie zapanowa\u0107.<\/p>\n<p class=\"ods-c-paragraph \">Prezydent Francji Emmanuel Macron wykorzysta\u0142 szczyt do zaprezentowania deklaracji paryskiej \u2014 politycznych ram gwarancji bezpiecze\u0144stwa, kt\u00f3re mia\u0142yby wej\u015b\u0107 w \u017cycie w przypadku zawieszenia broni z Rosj\u0105.<\/p>\n<p class=\"ods-c-paragraph \">Wielka Brytania i Francja posz\u0142y o krok dalej, formalnie deklaruj\u0105c gotowo\u015b\u0107 wys\u0142ania wojsk do Ukrainy po zawarciu porozumienia pokojowego. To posuni\u0119cie, o kt\u00f3rym m\u00f3wi\u0142o si\u0119 od miesi\u0119cy, jednak dopiero teraz doczeka\u0142o si\u0119 formalnego potwierdzenia.<\/p>\n<p class=\"ods-c-paragraph \">Premier Wielkiej Brytanii Keir Starmer zapowiedzia\u0142, \u017ce po zawieszeniu broni oba kraje utworz\u0105 na terenie Ukrainy centra wojskowe \u2014 zabezpieczone bazy sprz\u0119towe oraz o\u015brodki szkoleniowe i logistyczne.<\/p>\n<p class=\"ods-c-paragraph \">P\u00f3\u017anym wieczorem, po wielogodzinnych rozmowach, Starmer, Macron oraz Ze\u0142enski podpisali tr\u00f3jstronn\u0105 deklaracj\u0119 intencji. Prezydent Ukrainy nazwa\u0142 to prze\u0142omem.<\/p>\n<blockquote class=\"ods-o-quota\">\n<p class=\"ods-o-quota__paragraph\">To nie s\u0105 tylko s\u0142owa. Za tym stoi konkretna tre\u015b\u0107<\/p>\n<\/blockquote>\n<p class=\"ods-c-paragraph \">\u2014 podkre\u015bli\u0142.<\/p>\n<p class=\"ods-c-paragraph \">Za kulisami szczeg\u00f3ln\u0105 wag\u0119 spotkaniu nadawa\u0142a <a href=\"https:\/\/wiadomosci.onet.pl\/swiat\/znaczne-postepy-wyslannik-usa-reaguje-po-spotkaniu-koalicji-chetnych\/c0gjftc\" id=\"17d04b35-9d27-4032-acf7-65be5b00b2b5\" rel=\"nofollow noopener\" target=\"_blank\">obecno\u015b\u0107 ameryka\u0144skiego wys\u0142annika Steve\u2019a Witkoffa<\/a> oraz zi\u0119cia prezydenta Donalda Trumpa Jareda Kushnera.<\/p>\n<p class=\"ods-c-paragraph \">Kushner o\u015bwiadczy\u0142, \u017ce Trump &#8222;zdecydowanie popiera&#8221; t\u0119 inicjatyw\u0119, okre\u015blaj\u0105c szczyt jako &#8222;bardzo, bardzo wa\u017cny kamie\u0144 milowy&#8221;, jednocze\u015bnie zaznaczaj\u0105c, \u017ce nie oznacza to rych\u0142ego pokoju.<\/p>\n<p class=\"ods-c-paragraph \">Jednak zawieszenia broni wci\u0105\u017c nie ma \u2014 i nic nie wskazuje na to, by Rosja by\u0142a gotowa je zaakceptowa\u0107.<\/p>\n<p>Wi\u0119cej ni\u017c s\u0142owa, mniej ni\u017c sojusz<\/p>\n<p class=\"ods-c-paragraph \">Fried ostro\u017cnie podchodzi do ocen paryskich ustale\u0144. Nowe gwarancje nie oznaczaj\u0105 <a href=\"https:\/\/wiadomosci.onet.pl\/swiat\/nato-nie-pyta-putina-o-zdanie-sojusz-jasno-o-czlonkostwie-ukrainy-rosja-nie-ma-prawa\/vbmfmr8\" id=\"56e7eab5-e3de-409b-879f-cdb8f03bcbbd\" rel=\"nofollow noopener\" target=\"_blank\">cz\u0142onkostwa Ukrainy w NATO<\/a> ani automatycznej obrony zbiorowej. Jednocze\u015bnie maj\u0105 niewiele wsp\u00f3lnego z pustymi obietnicami, kt\u00f3re towarzyszy\u0142y porozumieniom mi\u0144skim sprzed dekady.<\/p>\n<blockquote class=\"ods-o-quota\">\n<p class=\"ods-o-quota__paragraph\">Ukraina tak naprawd\u0119 nie mia\u0142a nic poza deklaracjami. Nigdy wcze\u015bniej nie by\u0142o mowy o realnej obecno\u015bci wojsk czy monitorowaniu linii zawieszenia broni. To jest zupe\u0142nie nowa jako\u015b\u0107<\/p>\n<\/blockquote>\n<p class=\"ods-c-paragraph \">\u2014 zauwa\u017ca Fried.<\/p>\n<p class=\"ods-c-paragraph \">Cho\u0107 zachodni \u017co\u0142nierze ju\u017c wcze\u015bniej szkolili ukrai\u0144skie si\u0142y zbrojne, nowa formu\u0142a idzie znacznie dalej. Otwiera drog\u0119 do monitorowania przestrzeni powietrznej i l\u0105dowej, a tak\u017ce do rozmieszczenia si\u0142, kt\u00f3re pe\u0142ni\u0142yby zar\u00f3wno funkcj\u0119 odstraszaj\u0105c\u0105, jak i szkoleniow\u0105. Szczeg\u00f3\u0142y nie s\u0105 jeszcze ustalone, ale \u2014 jak podkre\u015bla Fried \u2014 ta celowa niejednoznaczno\u015b\u0107 ma swoje zalety.<\/p>\n<p class=\"ods-c-paragraph \">\u2014 To nie s\u0105 gwarancje w stylu artyku\u0142u 5 \u2014 przyznaje. \u2014 Ale to zdecydowanie wi\u0119cej, ni\u017c Ukraina kiedykolwiek wcze\u015bniej mia\u0142a. Mamy teraz ca\u0142y wachlarz mo\u017cliwo\u015bci: od mocniejszych po s\u0142absze rozwi\u0105zania \u2014 m\u00f3wi. \u2014 Rosjan to b\u0119dzie niepokoi\u0107, bo ta elastyczno\u015b\u0107 i otwarto\u015b\u0107 dzia\u0142a na ich niekorzy\u015b\u0107. A oni tego bardzo nie lubi\u0105.<\/p>\n<p>Warunek, kt\u00f3ry wi\u0105\u017ce r\u0119ce<\/p>\n<p class=\"ods-c-paragraph \">Najwi\u0119ksz\u0105 s\u0142abo\u015bci\u0105 tych gwarancji \u2014 ale te\u017c warunkiem ich politycznej akceptowalno\u015bci \u2014 jest to, \u017ce zaczn\u0105 obowi\u0105zywa\u0107 dopiero po <a href=\"https:\/\/www.onet.pl\/informacje\/onetwiadomosci\/ekspertka-wprost-o-zawieszeniu-broni-w-ukrainie-wskazuje-co-musialoby-sie-stac\/rjzyg8e,79cfc278\" id=\"60582809-c5e7-4d68-a32e-407739040838\" rel=\"nofollow noopener\" target=\"_blank\">zawieszeniu broni<\/a>. Daje to W\u0142adimirowi Putinowi wyra\u017any bodziec, by odwleka\u0107 rozejm lub ca\u0142kowicie go odrzuci\u0107, je\u015bli mia\u0142by on oznacza\u0107 obecno\u015b\u0107 zachodnich wojsk w Ukrainie.<\/p>\n<p><img decoding=\"async\" src=\"https:\/\/www.europesays.com\/pl\/wp-content\/uploads\/2026\/01\/a8Ok9lBaHR0cHM6Ly9vY2RuLmV1L3B1bHNjbXMvTURBXy9mOGQzZWM0YTE2Yzg4ZWZhMTI3OGMzZGY5NGRkYjJhZS5qcGeRlQLNB.jpeg\" height=\"627\" width=\"940\" alt=\"Prezydent Rosji W\u0142adimir Putin w Moskwie, 25 grudnia 2025 r.\" loading=\"lazy\" class=\"ods-c-image__img ods-c-image__img--viewport-width\"\/><\/p>\n<p>Prezydent Rosji W\u0142adimir Putin w Moskwie, 25 grudnia 2025 r.Contributor\/Getty Images \/ Getty Images<\/p>\n<p class=\"ods-c-paragraph \">Fried przyznaje, \u017ce to realny problem, cho\u0107 niekoniecznie nie do obej\u015bcia. Powi\u0105zanie gwarancji z zawieszeniem broni umo\u017cliwi\u0142o rz\u0105dom rozpocz\u0119cie powa\u017cnych przygotowa\u0144, a sam warunek mo\u017ce w przysz\u0142o\u015bci sta\u0107 si\u0119 narz\u0119dziem nacisku.<\/p>\n<p class=\"ods-c-paragraph \">\u2014 Je\u015bli Rosjanie b\u0119d\u0105 zachowywa\u0107 si\u0119 skrajnie konfrontacyjnie, zawsze mo\u017cna znie\u015b\u0107 ten warunek albo zagrozi\u0107 jego zniesieniem \u2014 relacjonuje Fried, przytaczaj\u0105c prywatne wyja\u015bnienia wysokiego rang\u0105 europejskiego wojskowego. \u2014 To ca\u0142kiem sprytne rozwi\u0105zanie.<\/p>\n<p class=\"ods-c-paragraph \">Taka elastyczno\u015b\u0107 daje Europie \u2014 i Trumpowi \u2014 pole manewru, je\u015bli Moskwa b\u0119dzie gra\u0142a na zw\u0142ok\u0119.<\/p>\n<p>USA po cichu wracaj\u0105 do gry<\/p>\n<p class=\"ods-c-paragraph \">Macron powiedzia\u0142 o &#8222;zmianie stanowiska&#8221; USA w ostatnich tygodniach, nie wchodz\u0105c jednak w szczeg\u00f3\u0142y. Fried m\u00f3wi wprost: Europejczykom uda\u0142o si\u0119 przekona\u0107 Trumpa, \u017ce skoro to oni <a href=\"https:\/\/www.onet.pl\/informacje\/onetwiadomosci\/europa-stoi-w-rozkroku-a-putin-zaciera-rece-od-pieniedzy-dla-ukrainy-zalezy-takze\/w9ly07g,79cfc278\" id=\"d6c7280f-67fa-4493-b1a5-6b5b6024202f\" rel=\"nofollow noopener\" target=\"_blank\">bior\u0105 na siebie inicjatyw\u0119<\/a>, Stany Zjednoczone musz\u0105 by\u0107 tu\u017c za nimi.<\/p>\n<p class=\"ods-c-paragraph \">Najbardziej wymownym sygna\u0142em jest zapis o ameryka\u0144skim dow\u00f3dztwie operacji monitoruj\u0105cej zawieszenie broni \u2014 o czym nie by\u0142o mowy w trakcie porozumie\u0144 mi\u0144skich.<\/p>\n<p class=\"ods-c-paragraph \">\u2014 To oznacza ameryka\u0144skie drony i obserwator\u00f3w na miejscu \u2014 t\u0142umaczy Fried.<\/p>\n<blockquote class=\"ods-o-quota\">\n<p class=\"ods-o-quota__paragraph\">Rosji si\u0119 to nie spodoba, bo odbierze jej mo\u017cliwo\u015b\u0107 bezkarnego przeprowadzania rajd\u00f3w<\/p>\n<\/blockquote>\n<p class=\"ods-c-paragraph \">\u2014 dodaje.<\/p>\n<p class=\"ods-c-paragraph \">Nie jest to si\u0142a odstraszaj\u0105ca w klasycznym sensie, ale realny mechanizm egzekwowania ustale\u0144 \u2014 a to czyni go istotnym.<\/p>\n<p>Panikuj\u0105ca Moskwa<\/p>\n<p class=\"ods-c-paragraph \">Rosja nie wykazuje \u017cadnych oznak gotowo\u015bci do kompromisu. Jej przedstawiciele wci\u0105\u017c twierdz\u0105, \u017ce zawieszenie broni nie jest mo\u017cliwe bez ca\u0142o\u015bciowego porozumienia, i stanowczo <a href=\"https:\/\/www.onet.pl\/informacje\/onetwiadomosci\/waszyngton-kusi-ukraine-gwarancjami-bezpieczenstwa-na-wzor-nato-analitycy-mowia\/c2kc1rq,79cfc278\" id=\"f7280203-610e-4b2c-b531-df31415a1643\" rel=\"nofollow noopener\" target=\"_blank\">sprzeciwiaj\u0105 si\u0119 obecno\u015bci wojsk pa\u0144stw NATO w Ukrainie<\/a>.<\/p>\n<p class=\"ods-c-paragraph \">Fried uwa\u017ca jednak, \u017ce ostatnie dzia\u0142ania Rosji \u015bwiadcz\u0105 raczej o nerwowo\u015bci ni\u017c pewno\u015bci siebie.<\/p>\n<p class=\"ods-c-paragraph \">\u2014 Ten absurdalny i \u0142atwy do obalenia zarzut o <a href=\"https:\/\/wiadomosci.onet.pl\/swiat\/rosja-oskarza-ukraine-o-atak-dronami-cia-rezydencja-putina-ani-on-sam-nie-byli-celami\/ny3h5en\" id=\"7c19f45b-feeb-4f17-93f3-e0dc324cecd1\" rel=\"nofollow noopener\" target=\"_blank\">rzekomy atak Ukrainy<\/a> na rezydencj\u0119 Putina pachnie panik\u0105 \u2014 m\u00f3wi. \u2014 I po\u015bpiechem.<\/p>\n<p class=\"ods-c-paragraph \">W jego ocenie Rosja wcale nie jest bli\u017cej pokoju. Jej pozycja jest dzi\u015b s\u0142absza \u2014 a Zachodu wyra\u017anie silniejsza.<\/p>\n<p>Dalszy ci\u0105g artyku\u0142u pod materia\u0142em wideo<br \/>\nPost\u0119p bez z\u0142udze\u0144<\/p>\n<p class=\"ods-c-paragraph \">\u017baden z przyw\u00f3dc\u00f3w w Pary\u017cu nie og\u0142osi\u0142 rych\u0142ego prze\u0142omu. Starmer ostrzeg\u0142, \u017ce &#8222;najtrudniejsza droga wci\u0105\u017c przed nami&#8221;. Ze\u0142enski zwr\u00f3ci\u0142 uwag\u0119, \u017ce wiele zobowi\u0105za\u0144 b\u0119dzie wymaga\u0142o zgody parlament\u00f3w, a kwestie sk\u0142adu, finansowania i dowodzenia ewentualnych si\u0142 mi\u0119dzynarodowych pozostaj\u0105 otwarte.<\/p>\n<p class=\"ods-c-paragraph \">Nad wszystkim unosi si\u0119 pytanie, kt\u00f3re \u2014 zdaniem Frieda \u2014 jest kluczowe:<\/p>\n<blockquote class=\"ods-o-quota\">\n<p class=\"ods-o-quota__paragraph\">Co zrobi Rosja \u2014 a gdy odm\u00f3wi powa\u017cnych rozm\u00f3w, co zrobimy my? A przede wszystkim: co zrobi Trump?<\/p>\n<\/blockquote>\n<p class=\"ods-c-paragraph \">Na razie odpowied\u017a pozostaje niepe\u0142na. Ale po paryskim szczycie nie jest ju\u017c pusta.<\/p>\n<p class=\"ods-c-paragraph \">Europa postawi\u0142a na szali w\u0142asn\u0105 wiarygodno\u015b\u0107 \u2014 a Stany Zjednoczone, ostro\u017cnie, lecz jednoznacznie, wr\u00f3ci\u0142y do gry.<\/p>\n","protected":false},"excerpt":{"rendered":"Przez wiele miesi\u0119cy europejskie plany dotycz\u0105ce gwarancji bezpiecze\u0144stwa dla Ukrainy po ewentualnym zawieszeniu broni wygl\u0105da\u0142y ambitnie na papierze,&hellip;\n","protected":false},"author":2,"featured_media":191762,"comment_status":"","ping_status":"","sticky":false,"template":"","format":"standard","meta":{"footnotes":""},"categories":[14],"tags":[56,32,33,44,340,189,27,76,34,35,28,31,48,160,25,46,40,41,87,47,80,29,30,415,26,408,82,83,84],"class_list":{"0":"post-191761","1":"post","2":"type-post","3":"status-publish","4":"format-standard","5":"has-post-thumbnail","7":"category-swiat","8":"tag-article_premium","9":"tag-breaking-news","10":"tag-breakingnews","11":"tag-donald_trump","12":"tag-emmanuel_macron","13":"tag-europa","14":"tag-headlines","15":"tag-inwazja_rosji_na_ukraine","16":"tag-latest-news","17":"tag-latestnews","18":"tag-naglowki","19":"tag-najwazniejsze-artykuly","20":"tag-nat_styl","21":"tag-nato","22":"tag-news","23":"tag-omp","24":"tag-polish","25":"tag-polski","26":"tag-rosja","27":"tag-screening_general","28":"tag-swiat","29":"tag-top-stories","30":"tag-topstories","31":"tag-ukraina","32":"tag-wiadomosci","33":"tag-wladimir_putin","34":"tag-world","35":"tag-world-news","36":"tag-worldnews"},"share_on_mastodon":{"url":"https:\/\/pubeurope.com\/@pl\/115854028555215641","error":""},"_links":{"self":[{"href":"https:\/\/www.europesays.com\/pl\/wp-json\/wp\/v2\/posts\/191761","targetHints":{"allow":["GET"]}}],"collection":[{"href":"https:\/\/www.europesays.com\/pl\/wp-json\/wp\/v2\/posts"}],"about":[{"href":"https:\/\/www.europesays.com\/pl\/wp-json\/wp\/v2\/types\/post"}],"author":[{"embeddable":true,"href":"https:\/\/www.europesays.com\/pl\/wp-json\/wp\/v2\/users\/2"}],"replies":[{"embeddable":true,"href":"https:\/\/www.europesays.com\/pl\/wp-json\/wp\/v2\/comments?post=191761"}],"version-history":[{"count":0,"href":"https:\/\/www.europesays.com\/pl\/wp-json\/wp\/v2\/posts\/191761\/revisions"}],"wp:featuredmedia":[{"embeddable":true,"href":"https:\/\/www.europesays.com\/pl\/wp-json\/wp\/v2\/media\/191762"}],"wp:attachment":[{"href":"https:\/\/www.europesays.com\/pl\/wp-json\/wp\/v2\/media?parent=191761"}],"wp:term":[{"taxonomy":"category","embeddable":true,"href":"https:\/\/www.europesays.com\/pl\/wp-json\/wp\/v2\/categories?post=191761"},{"taxonomy":"post_tag","embeddable":true,"href":"https:\/\/www.europesays.com\/pl\/wp-json\/wp\/v2\/tags?post=191761"}],"curies":[{"name":"wp","href":"https:\/\/api.w.org\/{rel}","templated":true}]}}