{"id":191819,"date":"2026-01-07T13:59:14","date_gmt":"2026-01-07T13:59:14","guid":{"rendered":"https:\/\/www.europesays.com\/pl\/191819\/"},"modified":"2026-01-07T13:59:14","modified_gmt":"2026-01-07T13:59:14","slug":"ta-rozmowa-zmienila-zycie-lewandowskiego-hiszpanie-poruszeni","status":"publish","type":"post","link":"https:\/\/www.europesays.com\/pl\/191819\/","title":{"rendered":"Ta rozmowa zmieni\u0142a \u017cycie Lewandowskiego. Hiszpanie poruszeni"},"content":{"rendered":"<p class=\"typography ids-typeset-body ids-typeset-body--preset-large link paragraph ids-paragraph ids-paragraph--default\">W 2010 roku Borussia Dortmund nie oszcz\u0119dza\u0142a na transferze <a href=\"https:\/\/sport.interia.pl\/pilka-nozna\/profil-robert-lewandowski,sppi,2157\" rel=\"nofollow noopener\" target=\"_blank\">Roberta Lewandowskiego<\/a>. Niemiecki klub zap\u0142aci\u0142 Lechowi Pozna\u0144 za m\u0142odego, polskiego napastnika prawie pi\u0119\u0107 milion\u00f3w euro, co jak na tamte czasy by\u0142o imponuj\u0105c\u0105 kwot\u0105, bior\u0105c pod uwag\u0119 poziom Ekstraklasy.<\/p>\n<p class=\"typography ids-typeset-body ids-typeset-body--preset-large link paragraph ids-paragraph ids-paragraph--default\">W barwach &#8222;Czarno-\u017b\u00f3\u0142tych&#8221; Lewandowski rozkwit\u0142. Sta\u0142 si\u0119 jednym z najlepszych &#8222;dziewi\u0105tek&#8221; \u015bwiata. Za jego rozw\u00f3j w du\u017cej mierze odpowiedzialny by\u0142 Juergen Klopp &#8211; charyzmatyczny, uczynny i jednocze\u015bnie niezwykle wymagaj\u0105cy szkoleniowiec.<\/p>\n<p>Iga \u015awi\u0105tek: Z tego jestem najbardziej zadowolona. WIDEOPolsat SportPolsat Sport<\/p>\n<p>Hiszpanie tr\u0105bi\u0105 o Kloppie i Lewandowskim. Oto pow\u00f3d. Istny prze\u0142om<\/p>\n<p class=\"typography ids-typeset-body ids-typeset-body--preset-large link paragraph ids-paragraph ids-paragraph--default\">Ostatnio sam lider naszej kadry w rozmowie na kanale &#8222;High Performance&#8221; wspomina\u0142 cztery lata wsp\u00f3\u0142pracy z Kloppem. Jego s\u0142owa b\u0142yskawicznie wychwyci\u0142 katalo\u0144ski dziennik &#8222;Sport&#8221;. &#8222;Historia Roberta Lewandowskiego i Juergena Kloppa w <a href=\"https:\/\/sport.interia.pl\/pilka-nozna\/druzyna-borussia-dortmund,spti,3375\" rel=\"nofollow noopener\" target=\"_blank\">Borussii Dortmund<\/a> nie opiera si\u0119 na bramkach, ale na rozmowie, kt\u00f3ra wyznaczy\u0142a punkt zwrotny w \u017cyciu Polaka. By\u0142a to wi\u0119\u017a zbudowana na wymaganiach, tarciach, a przede wszystkim na nauce&#8221; &#8211; opisuj\u0105 poruszeni eksperci z P\u00f3\u0142wyspu Iberyjskiego, zdaniem kt\u00f3rych spotkanie to &#8222;zmieni\u0142o los&#8221; by\u0142ego zawodnika &#8222;Kolejorza&#8221;.<\/p>\n<p class=\"typography ids-typeset-body ids-typeset-body--preset-large link paragraph ids-paragraph ids-paragraph--default\">&#8211; Nauczy\u0142 mnie dobrej mentalno\u015bci. To on najbardziej mnie gani\u0142, ale te\u017c najbardziej mnie uczy\u0142 &#8211; m\u00f3wi sam 37-latek. \u00d3wczesny okres w \u017cyciu Lewandowskiego by\u0142 niezwykle trudny. Mia\u0142 zaledwie 21 lat, kiedy przeprowadza\u0142 si\u0119 do Niemiec. Nowy kraj, nowa rzeczywisto\u015b\u0107, oraz &#8222;wci\u0105\u017c otwarta rana po \u015bmierci ojca&#8221;.<\/p>\n<p class=\"typography ids-typeset-body ids-typeset-body--preset-large link paragraph ids-paragraph ids-paragraph--default\">Pomocn\u0105 d\u0142o\u0144 wyci\u0105gn\u0105\u0142 trener, kt\u00f3ry przeprowadzi\u0142 z Polakiem kluczow\u0105 rozmow\u0119 dotycz\u0105c\u0105 nie tylko sportu, ale i \u017cycia. &#8222;Prze\u0142om nast\u0105pi\u0142 po trudnej pora\u017cce 0:3 z <a href=\"https:\/\/sport.interia.pl\/pilka-nozna\/druzyna-olympique-marsylia,spti,3277\" rel=\"nofollow noopener\" target=\"_blank\">Olympique Marsylia<\/a>. Lewandowski spojrza\u0142 na Kloppa, by zrozumie\u0107, co si\u0119 dzieje&#8221; &#8211; pisze &#8222;Sport&#8221;.<\/p>\n<p class=\"typography ids-typeset-body ids-typeset-body--preset-large link paragraph ids-paragraph ids-paragraph--default\">&#8211; Zapyta\u0142em go, czego ode mnie chce, bo czu\u0142em, \u017ce tego nie dostaje. Mia\u0142em rozmow\u0119 z Kloppem, kt\u00f3ra zmieni\u0142a moje \u017cycie. Widzia\u0142em na jego twarzy, \u017ce we mnie wierzy. To by\u0142a rozmowa, kt\u00f3rej nie prowadzi\u0142em od \u015bmierci ojca &#8211; dodaje kapitan &#8222;Bia\u0142o-Czerwonych&#8221;, cytowany przez wspomniane \u017ar\u00f3d\u0142o, kt\u00f3re jego spotkanie z Juergenem Kloppem podsumowa\u0142o jako &#8222;wype\u0142nienie pustki noszonej przez lata&#8221;.<\/p>\n<p class=\"typography ids-typeset-body ids-typeset-body--preset-large link paragraph ids-paragraph ids-paragraph--default\">Efekt by\u0142 taki, \u017ce w nast\u0119pnym meczu Bundesligi Borussia wygra\u0142a 4:0, a Robert Lewandowski ustrzeli\u0142 hat-tricka i zanotowa\u0142 asyst\u0119. Jak wida\u0107, niemiecki trener mia\u0142 ogromny wp\u0142yw nie tylko na pi\u0142karskie umiej\u0119tno\u015bci Polaka, ale r\u00f3wnie\u017c jego mentalno\u015b\u0107 i psychik\u0119. \u0141\u0105cznie w 187 meczach w barwach klubu z Dortmundu nasz napastnik zdoby\u0142 103 bramki i sta\u0142 si\u0119 legend\u0105 na Signal Iduna Park.<\/p>\n<p><img decoding=\"async\" class=\"ids-image-holder__img\" loading=\"lazy\" alt=\"Pi\u0142karz u\u015bmiechaj\u0105cy si\u0119, ubrany w z\u0142ot\u0105 koszulk\u0119 klubu FC Barcelona, wykonuj\u0105cy gest d\u0142o\u0144mi, z wyra\u017anie widocznym logo klubu i sponsor\u00f3w.\" title=\"W dniu swoich 34. urodzin Robert Lewandowski strzeli\u0142 premierowego gola w barwach FC Barcelony\" width=\"4500\" height=\"3000\" src=\"https:\/\/www.europesays.com\/pl\/wp-content\/uploads\/2026\/01\/000LHWX1ECJMJUMN-C323-F4.webp.webp\"\/><\/p>\n<p>W dniu swoich 34. urodzin Robert Lewandowski strzeli\u0142 premierowego gola w barwach FC BarcelonyJOSE BRETON \/ NURPHOTO \/ NURPHOTO VIA AFPAFP<\/p>\n<p><img decoding=\"async\" class=\"ids-image-holder__img\" loading=\"lazy\" alt=\"Pi\u0142karz w koszulce FC Barcelony z uniesionymi r\u0119koma, banda\u017cem na lewej d\u0142oni i opuszczon\u0105 g\u0142ow\u0105 podczas meczu na stadionie.\" title=\"Robert Lewandowski\u00a0\" width=\"1389\" height=\"765\" src=\"https:\/\/www.europesays.com\/pl\/wp-content\/uploads\/2025\/12\/000LN02YNHFQG1U5-C323-F4.webp.webp\"\/><\/p>\n<p>Robert Lewandowski\u00a0AFP<\/p>\n<p><img decoding=\"async\" class=\"ids-image-holder__img\" loading=\"lazy\" alt=\"Pi\u0142karz w czarnym stroju FC Barcelony z wyra\u017anym logiem sponsora, z banda\u017cem na lewej d\u0142oni, wykonuje gest r\u0119koma w stron\u0119 twarzy, w tle rozmyte sylwetki oraz trybuny stadionu.\" title=\"Robert Lewandowski\" width=\"2266\" height=\"1511\" src=\"https:\/\/www.europesays.com\/pl\/wp-content\/uploads\/2025\/12\/000LD9J5U55DEXJT-C323-F4.webp.webp\"\/><\/p>\n<p>Robert LewandowskiAFP<\/p>\n<p><a class=\"ids-undecorated-link source ids-page-info--source__link\" href=\"https:\/\/www.interia.pl\" rel=\"nofollow noopener\" target=\"_blank\"><img decoding=\"async\" class=\"ids-image-holder__img\" loading=\"lazy\" alt=\"\" title=\"\" height=\"24px\" src=\"https:\/\/www.europesays.com\/pl\/wp-content\/uploads\/2026\/01\/1767782590_880_0009A60QQ5I2TYF7-C202-F4.webp.webp\"\/><\/a><\/p>\n<p>Masz sugestie, uwagi albo widzisz b\u0142\u0105d? Napisz do nas<\/p>\n","protected":false},"excerpt":{"rendered":"W 2010 roku Borussia Dortmund nie oszcz\u0119dza\u0142a na transferze Roberta Lewandowskiego. Niemiecki klub zap\u0142aci\u0142 Lechowi Pozna\u0144 za m\u0142odego,&hellip;\n","protected":false},"author":2,"featured_media":191820,"comment_status":"","ping_status":"","sticky":false,"template":"","format":"standard","meta":{"footnotes":""},"categories":[24],"tags":[42,38,40,39,41,127,126],"class_list":{"0":"post-191819","1":"post","2":"type-post","3":"status-publish","4":"format-standard","5":"has-post-thumbnail","7":"category-sport","8":"tag-pl","9":"tag-poland","10":"tag-polish","11":"tag-polska","12":"tag-polski","13":"tag-sport","14":"tag-sports"},"share_on_mastodon":{"url":"https:\/\/pubeurope.com\/@pl\/115854178270264397","error":""},"_links":{"self":[{"href":"https:\/\/www.europesays.com\/pl\/wp-json\/wp\/v2\/posts\/191819","targetHints":{"allow":["GET"]}}],"collection":[{"href":"https:\/\/www.europesays.com\/pl\/wp-json\/wp\/v2\/posts"}],"about":[{"href":"https:\/\/www.europesays.com\/pl\/wp-json\/wp\/v2\/types\/post"}],"author":[{"embeddable":true,"href":"https:\/\/www.europesays.com\/pl\/wp-json\/wp\/v2\/users\/2"}],"replies":[{"embeddable":true,"href":"https:\/\/www.europesays.com\/pl\/wp-json\/wp\/v2\/comments?post=191819"}],"version-history":[{"count":0,"href":"https:\/\/www.europesays.com\/pl\/wp-json\/wp\/v2\/posts\/191819\/revisions"}],"wp:featuredmedia":[{"embeddable":true,"href":"https:\/\/www.europesays.com\/pl\/wp-json\/wp\/v2\/media\/191820"}],"wp:attachment":[{"href":"https:\/\/www.europesays.com\/pl\/wp-json\/wp\/v2\/media?parent=191819"}],"wp:term":[{"taxonomy":"category","embeddable":true,"href":"https:\/\/www.europesays.com\/pl\/wp-json\/wp\/v2\/categories?post=191819"},{"taxonomy":"post_tag","embeddable":true,"href":"https:\/\/www.europesays.com\/pl\/wp-json\/wp\/v2\/tags?post=191819"}],"curies":[{"name":"wp","href":"https:\/\/api.w.org\/{rel}","templated":true}]}}