{"id":191838,"date":"2026-01-07T14:13:08","date_gmt":"2026-01-07T14:13:08","guid":{"rendered":"https:\/\/www.europesays.com\/pl\/191838\/"},"modified":"2026-01-07T14:13:08","modified_gmt":"2026-01-07T14:13:08","slug":"oficjalny-komunikat-w-sprawie-powolania-nowego-zarzadu-ks-cracovia","status":"publish","type":"post","link":"https:\/\/www.europesays.com\/pl\/191838\/","title":{"rendered":"Oficjalny komunikat w sprawie powo\u0142ania nowego Zarz\u0105du KS Cracovia."},"content":{"rendered":"<p style=\"text-align: justify;\">Rada Nadzorcza KS Cracovia S.A. informuje, \u017ce zosta\u0142 powo\u0142any nowy Zarz\u0105d Klubu. W sk\u0142ad Zarz\u0105du weszli: El\u017cbieta Filipiak \u2013 Prezes Zarz\u0105du, David Amdurer \u2013 Wiceprezes Zarz\u0105du oraz Murat \u00c7olak \u2013 Wiceprezes Zarz\u0105du.<\/p>\n<p style=\"text-align: justify;\">Nowo powo\u0142any Zarz\u0105d wnosi do Klubu sp\u00f3jn\u0105 wizj\u0119 rozwoju, wysokie kompetencje mened\u017cerskie oraz pe\u0142ne zaanga\u017cowanie w realizacj\u0119 cel\u00f3w strategicznych KS Cracovia, obejmuj\u0105cych w szczeg\u00f3lno\u015bci rozw\u00f3j sportowy, wzmacnianie relacji z kibicami oraz dalsze budowanie i umacnianie partnerstw biznesowych.<\/p>\n<p>Rada Nadzorcza wyra\u017ca przekonanie, \u017ce nowy Zarz\u0105d b\u0119dzie skutecznie realizowa\u0142 powierzone mu zadania i zwraca si\u0119 do kibic\u00f3w, partner\u00f3w oraz wszystkich interesariuszy Klubu z pro\u015bb\u0105 o wsparcie w kolejnym etapie rozwoju KS Cracovia. Jednocze\u015bnie Rada Nadzorcza sk\u0142ada podzi\u0119kowania ust\u0119puj\u0105cemu Zarz\u0105dowi za dotychczasow\u0105 prac\u0119 i wk\u0142ad w funkcjonowanie Klubu. <\/p>\n","protected":false},"excerpt":{"rendered":"Rada Nadzorcza KS Cracovia S.A. informuje, \u017ce zosta\u0142 powo\u0142any nowy Zarz\u0105d Klubu. W sk\u0142ad Zarz\u0105du weszli: El\u017cbieta Filipiak&hellip;\n","protected":false},"author":2,"featured_media":191839,"comment_status":"","ping_status":"","sticky":false,"template":"","format":"standard","meta":{"footnotes":""},"categories":[24],"tags":[42,38,40,39,41,127,126],"class_list":{"0":"post-191838","1":"post","2":"type-post","3":"status-publish","4":"format-standard","5":"has-post-thumbnail","7":"category-sport","8":"tag-pl","9":"tag-poland","10":"tag-polish","11":"tag-polska","12":"tag-polski","13":"tag-sport","14":"tag-sports"},"share_on_mastodon":{"url":"https:\/\/pubeurope.com\/@pl\/115854233180459251","error":""},"_links":{"self":[{"href":"https:\/\/www.europesays.com\/pl\/wp-json\/wp\/v2\/posts\/191838","targetHints":{"allow":["GET"]}}],"collection":[{"href":"https:\/\/www.europesays.com\/pl\/wp-json\/wp\/v2\/posts"}],"about":[{"href":"https:\/\/www.europesays.com\/pl\/wp-json\/wp\/v2\/types\/post"}],"author":[{"embeddable":true,"href":"https:\/\/www.europesays.com\/pl\/wp-json\/wp\/v2\/users\/2"}],"replies":[{"embeddable":true,"href":"https:\/\/www.europesays.com\/pl\/wp-json\/wp\/v2\/comments?post=191838"}],"version-history":[{"count":0,"href":"https:\/\/www.europesays.com\/pl\/wp-json\/wp\/v2\/posts\/191838\/revisions"}],"wp:featuredmedia":[{"embeddable":true,"href":"https:\/\/www.europesays.com\/pl\/wp-json\/wp\/v2\/media\/191839"}],"wp:attachment":[{"href":"https:\/\/www.europesays.com\/pl\/wp-json\/wp\/v2\/media?parent=191838"}],"wp:term":[{"taxonomy":"category","embeddable":true,"href":"https:\/\/www.europesays.com\/pl\/wp-json\/wp\/v2\/categories?post=191838"},{"taxonomy":"post_tag","embeddable":true,"href":"https:\/\/www.europesays.com\/pl\/wp-json\/wp\/v2\/tags?post=191838"}],"curies":[{"name":"wp","href":"https:\/\/api.w.org\/{rel}","templated":true}]}}