{"id":191857,"date":"2026-01-07T14:25:10","date_gmt":"2026-01-07T14:25:10","guid":{"rendered":"https:\/\/www.europesays.com\/pl\/191857\/"},"modified":"2026-01-07T14:25:10","modified_gmt":"2026-01-07T14:25:10","slug":"pobicie-bylego-adama-niedzielskiego-akt-oskarzenia-trafil-do-sadu","status":"publish","type":"post","link":"https:\/\/www.europesays.com\/pl\/191857\/","title":{"rendered":"Pobicie by\u0142ego Adama Niedzielskiego. Akt oskar\u017cenia trafi\u0142 do s\u0105du"},"content":{"rendered":"<p class=\"ods-c-paragraph \">Dw\u00f3m podejrzanym grozi kara od 3 miesi\u0119cy do 7,5 lat wi\u0119zienia. To mieszka\u0144cy Siedlec \u2014 39-letni Aleksander B. i 35-letni Rafa\u0142 G.<\/p>\n<p class=\"ods-c-paragraph \">Prokuratura oskar\u017cy\u0142a ich o dokonanie wsp\u00f3lnie i w porozumieniu pobicia Adama Niedzielskiego, co narazi\u0142o go na niebezpiecze\u0144stwo ci\u0119\u017ckiego uszczerbku na zdrowiu. Oskar\u017cenie obejmuje te\u017c kierowanie wobec b. ministra zdrowia gr\u00f3\u017ab pozbawienia \u017cycia. \u015aledczy ocenili dzia\u0142anie m\u0119\u017cczyzn jako wyst\u0119pek chuliga\u0144ski.<\/p>\n<p>Dalszy ci\u0105g artyku\u0142u pod materia\u0142em wideo<\/p>\n<p> Kiedy mia\u0142o miejsce pobicie Adama Niedzielskiego? <\/p>\n<p> Jakie kary gro\u017c\u0105 podejrzanym? <\/p>\n<p> Kto jest oskar\u017cony o pobicie by\u0142ego ministra zdrowia? <\/p>\n<p> Jakie by\u0142y okoliczno\u015bci napa\u015bci na Niedzielskiego? <\/p>\n<p class=\"ods-c-paragraph \">W ocenie prokuratury pobicie Niedzielskiego nie by\u0142o przypadkowe, do napa\u015bci mia\u0142o doj\u015b\u0107 z powod\u00f3w jego przynale\u017cno\u015bci politycznej.<\/p>\n<p>Pobicie by\u0142ego ministra zdrowia<\/p>\n<p class=\"ods-c-paragraph \">Pod koniec sierpnia 2025 r. <a href=\"https:\/\/wiadomosci.onet.pl\/kraj\/adam-niedzielski-w-szpitalu-nieoficjalnie-zostal-pobity\/j6vqczv\" id=\"291f5cbd-f52f-4f0a-9632-ddfc076ca7ca\" rel=\"nofollow noopener\" target=\"_blank\">by\u0142y szef resortu zdrowia zosta\u0142 pobity przez dw\u00f3ch m\u0119\u017cczyzn, <\/a>gdy wyszed\u0142 z restauracji w Siedlcach, w kt\u00f3rej wcze\u015bniej zjad\u0142 posi\u0142ek w towarzystwie znajomych. Napastnicy uciekli, ale jeszcze tego samego dnia wieczorem zg\u0142osili si\u0119 na policj\u0119. Obaj byli pijani, mieli ponad dwa promile alkoholu w organizmie.<\/p>\n<p class=\"ods-c-paragraph \">Aleksander B. i Rafa\u0142 G. przyznali si\u0119 do zarzut\u00f3w. Jeden z nich odm\u00f3wi\u0142 jednak sk\u0142adania wyja\u015bnie\u0144. M\u0119\u017cczy\u017ani twierdzili, \u017ce nie pami\u0119taj\u0105, co si\u0119 sta\u0142o, poniewa\u017c byli pod wp\u0142ywem alkoholu.<\/p>\n<p class=\"ods-c-paragraph \"><a href=\"https:\/\/wiadomosci.onet.pl\/kraj\/sprawa-pobicia-adama-niedzielskiego-sad-zdecydowal-w-sprawie-podejrzanych\/lrs9ee5\" id=\"420479dc-1b84-467a-9a8e-0adfc0f8afa6\" rel=\"nofollow noopener\" target=\"_blank\">S\u0105d zdecydowa\u0142 o tymczasowym aresztowaniu m\u0119\u017cczyzn na dwa miesi\u0105ce.<\/a> Na wolno\u015b\u0107 wyszli jednak po miesi\u0105cu. S\u0105d uwzgl\u0119dni\u0142 za\u017calenia ich obro\u0144c\u00f3w i zamieni\u0142 areszty na por\u0119czenia maj\u0105tkowe w wysoko\u015bci 30 tys. z\u0142. M\u0119\u017cczy\u017ani nie byli wcze\u015bniej karani. Spraw\u0105 b\u0119dzie zajmowa\u0142 si\u0119 S\u0105d Okr\u0119gowy w Siedlcach<\/p>\n","protected":false},"excerpt":{"rendered":"Dw\u00f3m podejrzanym grozi kara od 3 miesi\u0119cy do 7,5 lat wi\u0119zienia. To mieszka\u0144cy Siedlec \u2014 39-letni Aleksander B.&hellip;\n","protected":false},"author":2,"featured_media":97591,"comment_status":"","ping_status":"","sticky":false,"template":"","format":"standard","meta":{"footnotes":""},"categories":[12],"tags":[24031,32,33,36,37,3308,27,49,34,35,28,31,48,25,46,42,3823,38,40,39,41,412,1627,47,29,30,26],"class_list":{"0":"post-191857","1":"post","2":"type-post","3":"status-publish","4":"format-standard","5":"has-post-thumbnail","7":"category-polska","8":"tag-adam_niedzielski","9":"tag-breaking-news","10":"tag-breakingnews","11":"tag-featured-news","12":"tag-featurednews","13":"tag-grozby","14":"tag-headlines","15":"tag-kraj","16":"tag-latest-news","17":"tag-latestnews","18":"tag-naglowki","19":"tag-najwazniejsze-artykuly","20":"tag-nat_styl","21":"tag-news","22":"tag-omp","23":"tag-pl","24":"tag-pobicie","25":"tag-poland","26":"tag-polish","27":"tag-polska","28":"tag-polski","29":"tag-prawo_sady_prawnicy","30":"tag-prokuratura","31":"tag-screening_general","32":"tag-top-stories","33":"tag-topstories","34":"tag-wiadomosci"},"share_on_mastodon":{"url":"https:\/\/pubeurope.com\/@pl\/115854280374854767","error":""},"_links":{"self":[{"href":"https:\/\/www.europesays.com\/pl\/wp-json\/wp\/v2\/posts\/191857","targetHints":{"allow":["GET"]}}],"collection":[{"href":"https:\/\/www.europesays.com\/pl\/wp-json\/wp\/v2\/posts"}],"about":[{"href":"https:\/\/www.europesays.com\/pl\/wp-json\/wp\/v2\/types\/post"}],"author":[{"embeddable":true,"href":"https:\/\/www.europesays.com\/pl\/wp-json\/wp\/v2\/users\/2"}],"replies":[{"embeddable":true,"href":"https:\/\/www.europesays.com\/pl\/wp-json\/wp\/v2\/comments?post=191857"}],"version-history":[{"count":0,"href":"https:\/\/www.europesays.com\/pl\/wp-json\/wp\/v2\/posts\/191857\/revisions"}],"wp:featuredmedia":[{"embeddable":true,"href":"https:\/\/www.europesays.com\/pl\/wp-json\/wp\/v2\/media\/97591"}],"wp:attachment":[{"href":"https:\/\/www.europesays.com\/pl\/wp-json\/wp\/v2\/media?parent=191857"}],"wp:term":[{"taxonomy":"category","embeddable":true,"href":"https:\/\/www.europesays.com\/pl\/wp-json\/wp\/v2\/categories?post=191857"},{"taxonomy":"post_tag","embeddable":true,"href":"https:\/\/www.europesays.com\/pl\/wp-json\/wp\/v2\/tags?post=191857"}],"curies":[{"name":"wp","href":"https:\/\/api.w.org\/{rel}","templated":true}]}}