{"id":191905,"date":"2026-01-07T14:54:17","date_gmt":"2026-01-07T14:54:17","guid":{"rendered":"https:\/\/www.europesays.com\/pl\/191905\/"},"modified":"2026-01-07T14:54:17","modified_gmt":"2026-01-07T14:54:17","slug":"tak-kamil-stoch-pozegnal-sie-z-tcs-i-ten-gest-po-ostatnim-skoku-przeglad-sportowy-onet","status":"publish","type":"post","link":"https:\/\/www.europesays.com\/pl\/191905\/","title":{"rendered":"Tak Kamil Stoch po\u017cegna\u0142 si\u0119 z TCS. I ten gest po ostatnim skoku &#8211; Przegl\u0105d Sportowy Onet"},"content":{"rendered":"<ol>\n<li><a href=\"https:\/\/news.google.com\/rss\/articles\/CBMi0gFBVV95cUxQV3BuVGVmaUQ2dG1vTmIwUTdLaHhoQTlZS0kwTlNTQjhGS3NiRHZESDRUbUJHRUNsU2dRMzVfQTNMdVBJMWN2NUxWWV9wLVVGMDZ2NjdWVTk3RDc5dTJfTmJVNXNpa2hCWXFYakkxQmZtTDFiVmIzN2lvNG9udDJlMmhlc3FITG9jMzBJNUNMZkU3UHlvS29KSkJjbHZMZGZxdlk5YWpWU0NoMlRVY1c5MGp0cDRNU2oxY1JBMC1ac0pzbm9iaGhlQmtHeFppcnFWa1E?oc=5\" target=\"_blank\" rel=\"nofollow noopener\">Tak Kamil Stoch po\u017cegna\u0142 si\u0119 z TCS. I ten gest po ostatnim skoku<\/a>&nbsp;&nbsp;Przegl\u0105d Sportowy Onet<\/li>\n<li><a href=\"https:\/\/news.google.com\/rss\/articles\/CBMiugFBVV95cUxQSE5RMGllbi1xTlZqb2NxQXBrNmZNdWFuME84T01fVDItQ2RLN3ZPd1BOdU00bjAwYWloM1NJcHptZldMQlFHTzZ1Vm5pclNmbTNNLWN6M1U2UTd4N0c0V043Ny1tV25TSXFoSVRuQ2JrdmhJRVhod3ViZlpDNEc4Z2R4WVlwN0JyR2pSRXZwdHhteGtkejhCT0lKRDdkamhBMXBhckxyc3Ficm16cVBpNWNyVXVnSVg0Q3c?oc=5\" target=\"_blank\" rel=\"nofollow noopener\">To by\u0142 jego ostatni Turniej Czterech Skoczni. Tyle na nim zarobi\u0142<\/a>&nbsp;&nbsp;SportoweFakty<\/li>\n<li><a href=\"https:\/\/news.google.com\/rss\/articles\/CBMirAFBVV95cUxQQUI1enp5Sk1Ld3FCbHV2cjdlX09aNTVZel9QNFBBVEsyaTlzNC1Wekt3elJDNUNqN2owMmdnU2EwUnduOWNYd1lUQThRelkxZE16QkJSaGs2cWM1eDREVkx2MGxxUjE0RFRpMlRRZzdhWFFtaERIMUNXd0NWZTFMcFVZOGUyTzZjUEJFdXA5LXV4dUNZWFRKN3RSQmY1VVhSbkNxM3d1U0ctT3pZ?oc=5\" target=\"_blank\" rel=\"nofollow noopener\">Niebywa\u0142e, jak Austriacy potraktowali Stocha. To przejdzie do historii<\/a>&nbsp;&nbsp;Sport.pl<\/li>\n<li><a href=\"https:\/\/news.google.com\/rss\/articles\/CBMiqwFBVV95cUxNSjNBY3pzbWprY1d3UHpGNjMtMTNDNmVPbG51U1k1THlTTHo2UE5aQWh2QU9uQVBHSUtteXZPaWtFMnR5RVBTcnY0aElkMlZJUEdoTTVUelkwMWFzRnZNcjV3OWpRa2dZbWxjTnVsamt5UnNLNW9INFdIbzNQRHJjRVI3bVZnZkd0aWJBTS15T2Z1RlR5czhBejBHTVpCMU1BcjlwR2xqZGpUeG8?oc=5\" target=\"_blank\" rel=\"nofollow noopener\">&#8222;Fakty&#8221; TVN b\u0119d\u0105 op\u00f3\u017anione. Oto pow\u00f3d<\/a>&nbsp;&nbsp;Przegl\u0105d Sportowy Onet<\/li>\n<li><a href=\"https:\/\/news.google.com\/rss\/articles\/CBMiwwFBVV95cUxPUHYtNk92UGR0cTFXMHJmQ1NzSDQzZnpqWmhMNzAzMnM0elpFbmVwWGlEeTRSWDBnTFUwZGM2YlFpZlhTRHdOLWhPQXYyRVA3eUx6MWEyVC1YcjZ3c3E5T1Q2T2dILTlWS3BfamxnT0gyVl9oV0pfdEJyN0pub1RPTFBMMTdQNDNZSzhObDZCYWljVTU3REY0RUlsOGd5TWtIZVFpS3lBOEo2emdLdVBacWRTN0QxZUlKOGRTMFUyWDdLMEU?oc=5\" target=\"_blank\" rel=\"nofollow noopener\">Z\u0142oty Orze\u0142 dla Polaka. Historyczny moment Turnieju Czterech Skoczni<\/a>&nbsp;&nbsp;Sport w INTERIA.PL<\/li>\n<\/ol>\n","protected":false},"excerpt":{"rendered":"Tak Kamil Stoch po\u017cegna\u0142 si\u0119 z TCS. I ten gest po ostatnim skoku&nbsp;&nbsp;Przegl\u0105d Sportowy Onet To by\u0142 jego&hellip;\n","protected":false},"author":2,"featured_media":191906,"comment_status":"","ping_status":"","sticky":false,"template":"","format":"standard","meta":{"footnotes":""},"categories":[5],"tags":[35514,32,33,36,37,27,67,3515,34,35,746,28,31,25,42,38,40,39,41,136,128,47,1874,135,29,30,28548,26,130],"class_list":{"0":"post-191905","1":"post","2":"type-post","3":"status-publish","4":"format-standard","5":"has-post-thumbnail","7":"category-naglowki","8":"tag-bischofshofen","9":"tag-breaking-news","10":"tag-breakingnews","11":"tag-featured-news","12":"tag-featurednews","13":"tag-headlines","14":"tag-intextvideo_splayer","15":"tag-kamil_stoch","16":"tag-latest-news","17":"tag-latestnews","18":"tag-lysy","19":"tag-naglowki","20":"tag-najwazniejsze-artykuly","21":"tag-news","22":"tag-pl","23":"tag-poland","24":"tag-polish","25":"tag-polska","26":"tag-polski","27":"tag-ps_detal_new","28":"tag-psv2","29":"tag-screening_general","30":"tag-skoki_narciarskie","31":"tag-sport_sport","32":"tag-top-stories","33":"tag-topstories","34":"tag-turniej_czterech_skoczni","35":"tag-wiadomosci","36":"tag-wiadomosci_sportowe"},"share_on_mastodon":{"url":"https:\/\/pubeurope.com\/@pl\/115854394315191070","error":""},"_links":{"self":[{"href":"https:\/\/www.europesays.com\/pl\/wp-json\/wp\/v2\/posts\/191905","targetHints":{"allow":["GET"]}}],"collection":[{"href":"https:\/\/www.europesays.com\/pl\/wp-json\/wp\/v2\/posts"}],"about":[{"href":"https:\/\/www.europesays.com\/pl\/wp-json\/wp\/v2\/types\/post"}],"author":[{"embeddable":true,"href":"https:\/\/www.europesays.com\/pl\/wp-json\/wp\/v2\/users\/2"}],"replies":[{"embeddable":true,"href":"https:\/\/www.europesays.com\/pl\/wp-json\/wp\/v2\/comments?post=191905"}],"version-history":[{"count":0,"href":"https:\/\/www.europesays.com\/pl\/wp-json\/wp\/v2\/posts\/191905\/revisions"}],"wp:featuredmedia":[{"embeddable":true,"href":"https:\/\/www.europesays.com\/pl\/wp-json\/wp\/v2\/media\/191906"}],"wp:attachment":[{"href":"https:\/\/www.europesays.com\/pl\/wp-json\/wp\/v2\/media?parent=191905"}],"wp:term":[{"taxonomy":"category","embeddable":true,"href":"https:\/\/www.europesays.com\/pl\/wp-json\/wp\/v2\/categories?post=191905"},{"taxonomy":"post_tag","embeddable":true,"href":"https:\/\/www.europesays.com\/pl\/wp-json\/wp\/v2\/tags?post=191905"}],"curies":[{"name":"wp","href":"https:\/\/api.w.org\/{rel}","templated":true}]}}