{"id":191939,"date":"2026-01-07T15:14:10","date_gmt":"2026-01-07T15:14:10","guid":{"rendered":"https:\/\/www.europesays.com\/pl\/191939\/"},"modified":"2026-01-07T15:14:10","modified_gmt":"2026-01-07T15:14:10","slug":"byly-minister-zdrowia-pobity-jest-akt-oskarzenia","status":"publish","type":"post","link":"https:\/\/www.europesays.com\/pl\/191939\/","title":{"rendered":"By\u0142y minister zdrowia pobity. Jest akt oskar\u017cenia"},"content":{"rendered":"<p>Najwa\u017cniejsze informacje:<\/p>\n<p>Prokuratura Okr\u0119gowa w\u00a0Siedlcach potwierdzi\u0142a skierowanie aktu oskar\u017cenia w\u00a0sprawie pobicia Adama Niedzielskiego. Informacj\u0119 przekaza\u0142 PAP prok. Bart\u0142omiej \u015awiderski. Odpowiedz\u0105 dwaj mieszka\u0144cy Siedlec: 39-letni Aleksander B. i\u00a035-letni Rafa\u0142 G.<\/p>\n<p>Zamach w\u00a0Kijowie. Kamera nagra\u0142a pod\u0142o\u017cenie \u0142adunku i\u00a0eksplozj\u0119 <\/p>\n<p>Do zdarzenia dosz\u0142o pod koniec sierpnia 2025 roku, gdy by\u0142y szef resortu zdrowia wychodzi\u0142 z\u00a0restauracji w\u00a0Siedlcach. Napastnicy zbiegli, lecz jeszcze tego samego dnia zg\u0142osili si\u0119 na policj\u0119. Obaj byli pijani, mieli ponad dwa promile alkoholu.<\/p>\n<p>Podejrzani przyznali si\u0119 do zarzut\u00f3w. Jeden odm\u00f3wi\u0142 sk\u0142adania wyja\u015bnie\u0144. Jak podano, t\u0142umaczyli niepami\u0119ci\u0105 z\u00a0powodu alkoholu. S\u0105d najpierw aresztowa\u0142 ich na dwa miesi\u0105ce, jednak po miesi\u0105cu zamieni\u0142 areszt na por\u0119czenia maj\u0105tkowe po 30 tys. z\u0142.<\/p>\n<p>W ocenie prokuratury napa\u015b\u0107 nie by\u0142a przypadkowa i\u00a0mia\u0142a zwi\u0105zek z\u00a0przynale\u017cno\u015bci\u0105 polityczn\u0105 pokrzywdzonego. Spraw\u0105 zajmie si\u0119 S\u0105d Okr\u0119gowy w\u00a0Siedlcach. Oskar\u017conym grozi od 3\u00a0miesi\u0119cy do 7,5 roku wi\u0119zienia.<\/p>\n","protected":false},"excerpt":{"rendered":"Najwa\u017cniejsze informacje: Prokuratura Okr\u0119gowa w\u00a0Siedlcach potwierdzi\u0142a skierowanie aktu oskar\u017cenia w\u00a0sprawie pobicia Adama Niedzielskiego. Informacj\u0119 przekaza\u0142 PAP prok. Bart\u0142omiej&hellip;\n","protected":false},"author":2,"featured_media":191940,"comment_status":"","ping_status":"","sticky":false,"template":"","format":"standard","meta":{"footnotes":""},"categories":[12],"tags":[32,33,36,37,27,34,35,28,31,25,42,38,40,39,41,29,30,26],"class_list":{"0":"post-191939","1":"post","2":"type-post","3":"status-publish","4":"format-standard","5":"has-post-thumbnail","7":"category-polska","8":"tag-breaking-news","9":"tag-breakingnews","10":"tag-featured-news","11":"tag-featurednews","12":"tag-headlines","13":"tag-latest-news","14":"tag-latestnews","15":"tag-naglowki","16":"tag-najwazniejsze-artykuly","17":"tag-news","18":"tag-pl","19":"tag-poland","20":"tag-polish","21":"tag-polska","22":"tag-polski","23":"tag-top-stories","24":"tag-topstories","25":"tag-wiadomosci"},"share_on_mastodon":{"url":"https:\/\/pubeurope.com\/@pl\/115854472952183621","error":""},"_links":{"self":[{"href":"https:\/\/www.europesays.com\/pl\/wp-json\/wp\/v2\/posts\/191939","targetHints":{"allow":["GET"]}}],"collection":[{"href":"https:\/\/www.europesays.com\/pl\/wp-json\/wp\/v2\/posts"}],"about":[{"href":"https:\/\/www.europesays.com\/pl\/wp-json\/wp\/v2\/types\/post"}],"author":[{"embeddable":true,"href":"https:\/\/www.europesays.com\/pl\/wp-json\/wp\/v2\/users\/2"}],"replies":[{"embeddable":true,"href":"https:\/\/www.europesays.com\/pl\/wp-json\/wp\/v2\/comments?post=191939"}],"version-history":[{"count":0,"href":"https:\/\/www.europesays.com\/pl\/wp-json\/wp\/v2\/posts\/191939\/revisions"}],"wp:featuredmedia":[{"embeddable":true,"href":"https:\/\/www.europesays.com\/pl\/wp-json\/wp\/v2\/media\/191940"}],"wp:attachment":[{"href":"https:\/\/www.europesays.com\/pl\/wp-json\/wp\/v2\/media?parent=191939"}],"wp:term":[{"taxonomy":"category","embeddable":true,"href":"https:\/\/www.europesays.com\/pl\/wp-json\/wp\/v2\/categories?post=191939"},{"taxonomy":"post_tag","embeddable":true,"href":"https:\/\/www.europesays.com\/pl\/wp-json\/wp\/v2\/tags?post=191939"}],"curies":[{"name":"wp","href":"https:\/\/api.w.org\/{rel}","templated":true}]}}