{"id":191943,"date":"2026-01-07T15:16:10","date_gmt":"2026-01-07T15:16:10","guid":{"rendered":"https:\/\/www.europesays.com\/pl\/191943\/"},"modified":"2026-01-07T15:16:10","modified_gmt":"2026-01-07T15:16:10","slug":"kibice-nie-wytrzymali-po-ogloszeniu-ws-igi-swiatek-wybuchla-burza-tenis","status":"publish","type":"post","link":"https:\/\/www.europesays.com\/pl\/191943\/","title":{"rendered":"Kibice nie wytrzymali po og\u0142oszeniu ws. Igi \u015awi\u0105tek. Wybuch\u0142a burza Tenis"},"content":{"rendered":"<p class=\"art_paragraph\">Iga \u015awi\u0105tek rozpocz\u0119\u0142a sezon od dw\u00f3ch zwyci\u0119stw. 24-latka bierze obecnie udzia\u0142 w <a href=\"https:\/\/www.sport.pl\/manchester-united#anchorLink\" rel=\"nofollow noopener\" target=\"_blank\">United<\/a> Cup, turnieju dru\u017cyn mieszanych. Najpierw rozprawi\u0142a si\u0119 z Niemk\u0105 Ev\u0105 Lys, a nast\u0119pnie pokona\u0142a Holenderk\u0119 Suzan Lamens. W obu meczach <a href=\"https:\/\/www.sport.pl\/polska#anchorLink\" rel=\"nofollow noopener\" target=\"_blank\">Polska<\/a> wygrywa\u0142a ze swoimi rywalami 3:0, wchodz\u0105c do \u0107wier\u0107fina\u0142u imprezy. Na tym etapie rywalem naszej reprezentacji b\u0119dzie Australia, a \u015awi\u0105tek ma zmierzy\u0107 si\u0119 z May\u0105 Joint.\u00a0<\/p>\n<p>\n    Zobacz wideo Jak\u0105 Ig\u0119 \u015awi\u0105tek zobaczymy w 2026? Jej trener zapowiada zmiany\n  <\/p>\n<p> Sporo komentarzy przed Australian Open. Chodzi o str\u00f3j \u015awi\u0105tek<\/p>\n<p class=\"art_paragraph\">Od 20 marca 2023 roku \u015awi\u0105tek jest zwi\u0105zana z firm\u0105 On, kt\u00f3ra przygotowuje dla niej stroje na poszczeg\u00f3lne turnieje. To podmiot, w kt\u00f3ry bezpo\u015brednio zaanga\u017cowany jest Roger Federer. Szwajcar w swoim teamie ma jeszcze kilku tenisist\u00f3w. Nale\u017c\u0105 do nich m.in. Ben Shelton, Joao Fonseca, czy te\u017c Flavio Cobolli.\u00a0<\/p>\n<p class=\"art_paragraph\">Wielkimi krokami zbli\u017ca si\u0119 wielkoszlemowy <a href=\"https:\/\/www.sport.pl\/tenis\/0,103960.html#anchorLink\" rel=\"nofollow noopener\" target=\"_blank\">Australian Open<\/a>, a jeden z u\u017cytkownik\u00f3w platformy Reddit pokaza\u0142, jakie stroje na ten turniej zaprojektowa\u0142a firma On. \u015awi\u0105tek zagra w bia\u0142ej koszulce z granatowymi paskami po prawej stronie.\u00a0<\/p>\n<p class=\"art_paragraph\">Taki minimalizm oburzy\u0142 <a href=\"https:\/\/www.sport.pl\/kibice#anchorLink\" rel=\"nofollow noopener\" target=\"_blank\">kibic\u00f3w<\/a>, kt\u00f3rzy twierdz\u0105, \u017ce <a href=\"https:\/\/www.sport.pl\/siatkowka\/7,64948,30038648,polki-zachwycaja-na-ms-kolejny-kapitalny-mecz-ida-jak-burza.html#anchorLink\" rel=\"nofollow noopener\" target=\"_blank\">Polka<\/a> zosta\u0142a pokrzywdzona. Padaj\u0105 mocne opinie na temat szwajcarskiej firmy.<\/p>\n<p class=\"art_paragraph\">&#8222;Znowu zaczynamy&#8230; Iga zas\u0142uguje na zdecydowanie co\u015b lepszego&#8221;, &#8222;Dlaczego ich rzeczy s\u0105 zawsze tak okropne?&#8221;, &#8222;Oni nie s\u0105 dobrzy w tworzeniu zestaw\u00f3w meczowych&#8221; &#8211; to niekt\u00f3re opinie na Reddicie.\u00a0<\/p>\n<p> Te s\u0142owa zaskoczy\u0142y kibic\u00f3w. Oto co napisano o sstroju<\/p>\n<p class=\"art_paragraph\">Kibice w komentarzach zastanawiaj\u0105 si\u0119 tak\u017ce, co firma On mia\u0142a na my\u015bli, publikuj\u0105c opis stroju meczowego Igi \u015awi\u0105tek. Podkre\u015blono bowiem, i\u017c jest inspirowany jej stylem gry.\u00a0<\/p>\n<p class=\"art_paragraph\">Jak wida\u0107, temat ubioru polskiej tenisistki budzi emocje ju\u017c teraz, a przecie\u017c trwa jeszcze United Cup. Rozgrywki g\u0142\u00f3wnej drabinki w Australian Open rusz\u0105 natomiast 18 stycznia. Turniej potrwa do 1 lutego. To jedyna wielkoszlemowa impreza, kt\u00f3rej \u015awi\u0105tek jeszcze nie wygra\u0142a.<\/p>\n","protected":false},"excerpt":{"rendered":"Iga \u015awi\u0105tek rozpocz\u0119\u0142a sezon od dw\u00f3ch zwyci\u0119stw. 24-latka bierze obecnie udzia\u0142 w United Cup, turnieju dru\u017cyn mieszanych. Najpierw&hellip;\n","protected":false},"author":2,"featured_media":191577,"comment_status":"","ping_status":"","sticky":false,"template":"","format":"standard","meta":{"footnotes":""},"categories":[24],"tags":[42,38,40,39,41,127,126],"class_list":{"0":"post-191943","1":"post","2":"type-post","3":"status-publish","4":"format-standard","5":"has-post-thumbnail","7":"category-sport","8":"tag-pl","9":"tag-poland","10":"tag-polish","11":"tag-polska","12":"tag-polski","13":"tag-sport","14":"tag-sports"},"share_on_mastodon":{"url":"https:\/\/pubeurope.com\/@pl\/115854480844182610","error":""},"_links":{"self":[{"href":"https:\/\/www.europesays.com\/pl\/wp-json\/wp\/v2\/posts\/191943","targetHints":{"allow":["GET"]}}],"collection":[{"href":"https:\/\/www.europesays.com\/pl\/wp-json\/wp\/v2\/posts"}],"about":[{"href":"https:\/\/www.europesays.com\/pl\/wp-json\/wp\/v2\/types\/post"}],"author":[{"embeddable":true,"href":"https:\/\/www.europesays.com\/pl\/wp-json\/wp\/v2\/users\/2"}],"replies":[{"embeddable":true,"href":"https:\/\/www.europesays.com\/pl\/wp-json\/wp\/v2\/comments?post=191943"}],"version-history":[{"count":0,"href":"https:\/\/www.europesays.com\/pl\/wp-json\/wp\/v2\/posts\/191943\/revisions"}],"wp:featuredmedia":[{"embeddable":true,"href":"https:\/\/www.europesays.com\/pl\/wp-json\/wp\/v2\/media\/191577"}],"wp:attachment":[{"href":"https:\/\/www.europesays.com\/pl\/wp-json\/wp\/v2\/media?parent=191943"}],"wp:term":[{"taxonomy":"category","embeddable":true,"href":"https:\/\/www.europesays.com\/pl\/wp-json\/wp\/v2\/categories?post=191943"},{"taxonomy":"post_tag","embeddable":true,"href":"https:\/\/www.europesays.com\/pl\/wp-json\/wp\/v2\/tags?post=191943"}],"curies":[{"name":"wp","href":"https:\/\/api.w.org\/{rel}","templated":true}]}}