{"id":191956,"date":"2026-01-07T15:24:12","date_gmt":"2026-01-07T15:24:12","guid":{"rendered":"https:\/\/www.europesays.com\/pl\/191956\/"},"modified":"2026-01-07T15:24:12","modified_gmt":"2026-01-07T15:24:12","slug":"barbara-nowacka-wystepowala-w-kultowym-show-jej-wyksztalcenie-zaskakuje","status":"publish","type":"post","link":"https:\/\/www.europesays.com\/pl\/191956\/","title":{"rendered":"Barbara Nowacka wyst\u0119powa\u0142a w kultowym show. Jej wykszta\u0142cenie zaskakuje"},"content":{"rendered":"<p class=\"Paragraph_desktopParagraph__U31Gm\">Barbara Nowacka w 2006 r. zosta\u0142a absolwentk\u0105 Polsko-Japo\u0144skiej Akademii Technik Komputerowych na Wydziale Informatyki. Siedem lat p\u00f3\u017aniej kszta\u0142ci\u0142a si\u0119 na Wydziale Zarz\u0105dzania Uniwersytetu Warszawskiego, a w 2014 r. uko\u0144czy\u0142a studia MBA we Francuskim Instytucie Zarz\u0105dzania. Jeszcze zanim rozpocz\u0119\u0142a karier\u0119 polityczn\u0105, obecna ministra edukacji narodowej pojawi\u0142a si\u0119 w popularnym programie.<\/p>\n<ul class=\"OchatFollowUps_wrapper__1ry7X\">\n<li class=\"OchatFollowUps_item__Dhyly OchatFollowUps_itemDesktop__R6aBv\">W jakim programie wyst\u0119powa\u0142a Barbara Nowacka w wieku 12 lat?<\/li>\n<li class=\"OchatFollowUps_item__Dhyly OchatFollowUps_itemDesktop__R6aBv\">Kto by\u0142 nauczycielem Barbary Nowackiej, kt\u00f3ry pom\u00f3g\u0142 jej wzi\u0105\u0107 udzia\u0142 w programie?<\/li>\n<li class=\"OchatFollowUps_item__Dhyly OchatFollowUps_itemDesktop__R6aBv\">Jakie studia uko\u0144czy\u0142a Barbara Nowacka?<\/li>\n<li class=\"OchatFollowUps_item__Dhyly OchatFollowUps_itemDesktop__R6aBv\">Z kim Barbara Nowacka si\u0119 zna z czas\u00f3w programu 5-10-15?<\/li>\n<\/ul>\n<p>Barbara Nowacka wyst\u0119powa\u0142a w kultowym show. Jej wykszta\u0142cenie zaskakuje <\/p>\n<p class=\"Paragraph_desktopParagraph__U31Gm\">Gdy mia\u0142a 12 lat, <a href=\"https:\/\/www.onet.pl\/styl-zycia\/plejada\/barbara-nowacka-o-pracy-w-mlodosci-ten-program-telewizji-polskiej-zna-kazdy\/hvymks3,0898b825\" id=\"0afdecfb-ff81-4e08-bc01-e2fe8458591b\" rel=\"nofollow noopener\" target=\"_blank\">Barbara Nowacka pojawi\u0142a si\u0119 w kultowym programie &#8222;5-10-15&#8221;<\/a>, w kt\u00f3rym udzia\u0142 brali tak\u017ce m.in. Marcin Tyszka i Marta Nikli\u0144ska. W jednej z rozm\u00f3w dla &#8222;Dzie\u0144 Dobry TVN&#8221; minister edukacji narodowej ujawni\u0142a, \u017ce dosz\u0142o do tego za spraw\u0105 jej nauczycielki j\u0119zyka polskiego.<\/p>\n<blockquote>\n<p class=\"Paragraph_desktopParagraph__U31Gm\">Przysz\u0142a kamera do szko\u0142y i szuka\u0142a dzieciaka, kt\u00f3ry \u0142adnie m\u00f3wi po polsku. Moja pani polonistka wytypowa\u0142a mnie i koleg\u0119. Poszli\u015bmy do jednego programu, a potem zaproszono nas na casting. No i ten casting uda\u0142o mi si\u0119 wygra\u0107<\/p>\n<\/blockquote>\n<p class=\"Paragraph_desktopParagraph__U31Gm\">\u2014 opowiada\u0142a. \u2014 Mia\u0142am wtedy 12 lat. Potem mia\u0142am tych lat 14, 15, 16, a tu w zasadzie ka\u017cda sobota wyj\u0119ta na prac\u0119, gdzie trzeba by\u0142o by\u0107 przygotowanym, odpowiedzialnym, u\u015bmiechni\u0119tym. Siedzieli\u015bmy czasami cztery, pi\u0119\u0107, czasami osiem godzin, nagrywaj\u0105c w k\u00f3\u0142ko, powtarzaj\u0105c, wi\u0119c oczywi\u015bcie to by\u0142a tak\u017ce praca. By\u0142o to fajne, by\u0142a super ekipa, no ale jednak dla tego 12-latka to by\u0142a po prostu praca \u2014 wyjawi\u0142a w programie.<\/p>\n<p class=\"Paragraph_desktopParagraph__U31Gm\">Co ciekawe, <a href=\"https:\/\/www.onet.pl\/styl-zycia\/plejada\/marcin-tyszka-od-lat-zna-sie-z-barbara-nowacka-tak-mowi-o-relacji-z-ministra\/wjzwtcl,0898b825\" id=\"42e8740c-6fdc-48f6-8265-bcf2ac0914a4\" rel=\"nofollow noopener\" target=\"_blank\">prywatnie Barbara Nowacka zna si\u0119 z Marcinem Tyszk\u0105<\/a>, kt\u00f3ry wielokrotnie wspomina\u0142 o ich relacji w mediach spo\u0142eczno\u015bciowych. Mia\u0142a nawet okazj\u0119 pozowa\u0107 przed jego aparatem.<\/p>\n<p class=\"Paragraph_desktopParagraph__U31Gm\">&#8222;Dok\u0142adnie 30 lat temu zrobili\u015bmy t\u0119 sesj\u0119, moj\u0105 pierwsz\u0105 ok\u0142adk\u0119, przynios\u0142a mi szcz\u0119\u015bcie i ponad tysi\u0105c ok\u0142adek na ca\u0142ym \u015bwiecie. Mo\u017cna \u015bmieszkowa\u0107 z pracy w telewizji ale uczy ona bardzo bardzo wiele. Razem prowadzili\u015bmy &#8222;szortpress&#8221; w 5\u2014 10 \u2014 15 i by\u0142a to niesamowita nauka dziennikarstwa i \u017cycia&#8221; \u2014 napisa\u0142 w 2023 r.<\/p>\n<p><img decoding=\"async\" class=\"Image_image__0tuHp Image_autoHeight__f2n87 \" height=\"587\" width=\"390\" src=\"https:\/\/www.europesays.com\/pl\/wp-content\/uploads\/2026\/01\/JnSk9kpTURBXy82MzcwYjg5YmE0MjIwZjZkY2E5NjljNDFkZTY4ODZkOC5qcGeSlQLNA6wAwsOVAgDNAkvCw94AA6EwAaExAaEzw.jpeg\" alt=\"Barbara Nowacka\" loading=\"lazy\" \/>MWMEDIA\/MWMEDIA WARSZAWA \/ MW Media<\/p>\n<p>Barbara Nowacka<\/p>\n<p class=\"Paragraph_desktopParagraph__U31Gm\">Dzi\u0119kujemy, \u017ce przeczyta\u0142a\u015b\/e\u015b nasz artyku\u0142 do ko\u0144ca. W serwisie Plejada.pl ka\u017cdego dnia piszemy o najwa\u017cniejszych wydarzeniach show-biznesowych. B\u0105d\u017a na bie\u017c\u0105co! <a rel=\"nofollow noopener\" href=\"https:\/\/profile.google.com\/cp\/Cg0vZy8xMWJ6X19wdHBx\" id=\"e2c4b9cf-c775-4ea3-9c9e-2bd2cd2cd878\" target=\"_blank\">Obserwuj<\/a> Plejad\u0119 w Google. Odwied\u017a nas tak\u017ce na <a rel=\"nofollow noopener\" href=\"https:\/\/www.facebook.com\/plejadapl\" id=\"55a99683-f33d-4e4d-a8b8-724ffee42d63\" target=\"_blank\">Facebooku<\/a>, <a rel=\"nofollow noopener\" href=\"https:\/\/www.instagram.com\/plejadapl\/\" id=\"b26c0607-081f-4821-beba-a6228426595d\" target=\"_blank\">Instagramie<\/a>, <a rel=\"nofollow noopener\" href=\"https:\/\/www.youtube.com\/c\/plejada\" id=\"bec24410-885c-4c95-9d4a-6c9385be9324\" target=\"_blank\">YouTube<\/a> oraz <a rel=\"nofollow noopener\" href=\"https:\/\/www.tiktok.com\/@plejada_pl\" id=\"de89fb8f-5d2d-4bc8-a545-aa39ce1ed707\" target=\"_blank\">TikToku<\/a>.<\/p>\n<p class=\"Paragraph_desktopParagraph__U31Gm\">Chcesz podzieli\u0107 si\u0119 ciekawym newsem lub zaproponowa\u0107 temat? Skontaktuj si\u0119 z nami, pisz\u0105c e-maila na adres: <a href=\"https:\/\/www.onet.pl\/styl-zycia\/plejada\/barbara-nowacka-wystepowala-w-kultowym-show-jej-wyksztalcenie-zaskakuje\/mailto:plejada@redakcjaonet.pl\" id=\"996578a5-46ea-4ca4-8051-585a1c5b12e7\" rel=\"nofollow noopener\" target=\"_blank\">plejada@redakcjaonet.pl<\/a><\/p>\n<p><script async src=\"\/\/www.instagram.com\/embed.js\"><\/script><script async src=\"\/\/www.tiktok.com\/embed.js\"><\/script><\/p>\n","protected":false},"excerpt":{"rendered":"Barbara Nowacka w 2006 r. zosta\u0142a absolwentk\u0105 Polsko-Japo\u0144skiej Akademii Technik Komputerowych na Wydziale Informatyki. Siedem lat p\u00f3\u017aniej kszta\u0142ci\u0142a&hellip;\n","protected":false},"author":2,"featured_media":191957,"comment_status":"","ping_status":"","sticky":false,"template":"","format":"standard","meta":{"footnotes":""},"categories":[22],"tags":[3621,244,470,122,67,53,52,68,51,55,42,38,40,39,41,123,47,196,65,50],"class_list":{"0":"post-191956","1":"post","2":"type-post","3":"status-publish","4":"format-standard","5":"has-post-thumbnail","7":"category-rozrywka","8":"tag-barbara_nowacka_polityczka","9":"tag-ctr_tst","10":"tag-educate_me","11":"tag-entertainment","12":"tag-intextvideo_splayer","13":"tag-new_header","14":"tag-onet3","15":"tag-onet3d","16":"tag-onet3d_2i","17":"tag-phx","18":"tag-pl","19":"tag-poland","20":"tag-polish","21":"tag-polska","22":"tag-polski","23":"tag-rozrywka","24":"tag-screening_general","25":"tag-styl_zycia","26":"tag-update_me","27":"tag-v2021"},"share_on_mastodon":{"url":"https:\/\/pubeurope.com\/@pl\/115854512178122776","error":""},"_links":{"self":[{"href":"https:\/\/www.europesays.com\/pl\/wp-json\/wp\/v2\/posts\/191956","targetHints":{"allow":["GET"]}}],"collection":[{"href":"https:\/\/www.europesays.com\/pl\/wp-json\/wp\/v2\/posts"}],"about":[{"href":"https:\/\/www.europesays.com\/pl\/wp-json\/wp\/v2\/types\/post"}],"author":[{"embeddable":true,"href":"https:\/\/www.europesays.com\/pl\/wp-json\/wp\/v2\/users\/2"}],"replies":[{"embeddable":true,"href":"https:\/\/www.europesays.com\/pl\/wp-json\/wp\/v2\/comments?post=191956"}],"version-history":[{"count":0,"href":"https:\/\/www.europesays.com\/pl\/wp-json\/wp\/v2\/posts\/191956\/revisions"}],"wp:featuredmedia":[{"embeddable":true,"href":"https:\/\/www.europesays.com\/pl\/wp-json\/wp\/v2\/media\/191957"}],"wp:attachment":[{"href":"https:\/\/www.europesays.com\/pl\/wp-json\/wp\/v2\/media?parent=191956"}],"wp:term":[{"taxonomy":"category","embeddable":true,"href":"https:\/\/www.europesays.com\/pl\/wp-json\/wp\/v2\/categories?post=191956"},{"taxonomy":"post_tag","embeddable":true,"href":"https:\/\/www.europesays.com\/pl\/wp-json\/wp\/v2\/tags?post=191956"}],"curies":[{"name":"wp","href":"https:\/\/api.w.org\/{rel}","templated":true}]}}