{"id":191988,"date":"2026-01-07T15:41:07","date_gmt":"2026-01-07T15:41:07","guid":{"rendered":"https:\/\/www.europesays.com\/pl\/191988\/"},"modified":"2026-01-07T15:41:07","modified_gmt":"2026-01-07T15:41:07","slug":"napieta-sytuacja-w-sprawie-grenlandii-szef-nato-sugeruje-rozwiazanie-onet","status":"publish","type":"post","link":"https:\/\/www.europesays.com\/pl\/191988\/","title":{"rendered":"Napi\u0119ta sytuacja w sprawie Grenlandii. Szef NATO sugeruje rozwi\u0105zanie &#8211; Onet"},"content":{"rendered":"<ol>\n<li><a href=\"https:\/\/news.google.com\/rss\/articles\/CBMiywFBVV95cUxQQ3ExaGJEZUdaX2o5SHVfQnFTZE5Ka2lpaE9mMzBReXhTWDJic1V3X1Y2by11RXF1UTc3SEhwWTlrLVNEcmZWaTdEX0xpazl4REtTZmNLSUJ1ZlhNc1RDVndzVkNObkZ0UVpRcG1WRVBWS3c0TVh5MjFpRVZONzFXYllrdkpiX2VXYlFLc3VpZjY0cGZjVDBlYjlkenQxekw4ZTNycHlrd1VUNHdGT1FaM0JvWGhncUhCRXhlNkJvN2hvWHJ6OVRac1l3dw?oc=5\" target=\"_blank\" rel=\"nofollow noopener\">Napi\u0119ta sytuacja w sprawie Grenlandii. Szef NATO sugeruje rozwi\u0105zanie<\/a>&nbsp;&nbsp;Onet<\/li>\n<li><a href=\"https:\/\/news.google.com\/rss\/articles\/CBMijwFBVV95cUxPeHN1alBXRHJMMXJ2UkFsdW9qdjF0djFvS050N092QzVEZ05LZEgzX0UzVXVHdlhSOHJtNTlscHR2eE11SHd2YmtNekFmdFBCNnRYZVpZMTBWbG5jcmxOLUpDZ0FWMjF3S0RKNTFnR3Z3ZUhuOTdzNnZLZUJ0UzBSZWxQd042RUw2bEdwTWtLSQ?oc=5\" target=\"_blank\" rel=\"nofollow noopener\">Awantura wok\u00f3\u0142 Grenlandii. NATO zabiera g\u0142os<\/a>&nbsp;&nbsp;WP Wiadomo\u015bci<\/li>\n<li><a href=\"https:\/\/news.google.com\/rss\/articles\/CBMirAFBVV95cUxPZDV6dnV6aG1RcWZuLWNhVzhPMk9hYnlpUTVPZ2k2aXpTTzl2WExhRjR2eHgya0pJRERfZ01VQzR2Y21ZYS1OTjFxaWVfX19yR1hka3dDczZwNGYyQlpwNEt1dGozeGppTE5Ed0V4TWQ3OXJrVk93WERzb2paNEhGaHpMWUNsMlpHUVlRcTFBbWt6bnB1YUdaMlZvM1gtYVo5TThwM050SlRrbjAx?oc=5\" target=\"_blank\" rel=\"nofollow noopener\">Grenlandia kolejnym celem Donalda Trumpa<\/a>&nbsp;&nbsp;GazetaPrawna.pl<\/li>\n<li><a href=\"https:\/\/news.google.com\/rss\/articles\/CBMirgFBVV95cUxPREYzSmlYSkg3STlyazVHMWhzV2FXR09FRXFKSEs3ZUxKM2dLeGJBRGV1aFVTWmEwWlg4emZNZEo3d2U2LTJFdVMwbVFPdVo4cVBSb0JOYTdxcEhPRVh2MkNfMzgyWjQtU3BUNVhJYTBQRVM0OXJGb1BYLTZheGc4UDFYM1hfQVM5aVpWRVpnLVZqV2cwVFpUWEZkOG1BNGxOOWxEQkRtdDd2VnY5MFE?oc=5\" target=\"_blank\" rel=\"nofollow noopener\">Chiny nie odpuszczaj\u0105 Stanom Zjednoczonym. &#8222;Bezczelnie u\u017cy\u0142y si\u0142y&#8221;<\/a>&nbsp;&nbsp;Wydarzenia w INTERIA.PL<\/li>\n<li><a href=\"https:\/\/news.google.com\/rss\/articles\/CBMivAFBVV95cUxQQ1Z1ajh6RWdGYlVyUXdzb203V0E2Q3FGMXM0aFI3RGhxSnF3S0dVWGV2eGM3SGk4X2tKZGFuNmY0STBhYkl6Y0JHc0RHYmZlMDZmVUgyNFR6eVRDVHZEYTRZVWFfNjhHMEdEZUJzUjFjZlItVmRHdl9PWEpfd3lKelFkM1pYUlZQcWE3Tk5saXp5a2J4U2NGMnliR3Jwcmpvdmk4LVAxQ1FTaUNJU0Nwb0padHNwT1ZKVi1sUQ?oc=5\" target=\"_blank\" rel=\"nofollow noopener\">To kolejny cel Donalda Trumpa? Portugalscy politycy boj\u0105 si\u0119 USA<\/a>&nbsp;&nbsp;Gazeta<\/li>\n<\/ol>\n","protected":false},"excerpt":{"rendered":"Napi\u0119ta sytuacja w sprawie Grenlandii. Szef NATO sugeruje rozwi\u0105zanie&nbsp;&nbsp;Onet Awantura wok\u00f3\u0142 Grenlandii. NATO zabiera g\u0142os&nbsp;&nbsp;WP Wiadomo\u015bci Grenlandia kolejnym&hellip;\n","protected":false},"author":2,"featured_media":191989,"comment_status":"","ping_status":"","sticky":false,"template":"","format":"standard","meta":{"footnotes":""},"categories":[14],"tags":[12794,32,33,244,2798,58,9796,27,34,35,7470,28,31,1395,53,25,52,68,51,55,40,41,47,80,29,30,65,50,26,82,83,84],"class_list":{"0":"post-191988","1":"post","2":"type-post","3":"status-publish","4":"format-standard","5":"has-post-thumbnail","7":"category-swiat","8":"tag-arktyka_region","9":"tag-breaking-news","10":"tag-breakingnews","11":"tag-ctr_tst","12":"tag-dania_kraj","13":"tag-donald_trump_prezydent_usa","14":"tag-grenlandia","15":"tag-headlines","16":"tag-latest-news","17":"tag-latestnews","18":"tag-mark_rutte_holenderski_premier","19":"tag-naglowki","20":"tag-najwazniejsze-artykuly","21":"tag-nato_sojusz_polnocnoatlantycki","22":"tag-new_header","23":"tag-news","24":"tag-onet3","25":"tag-onet3d","26":"tag-onet3d_2i","27":"tag-phx","28":"tag-polish","29":"tag-polski","30":"tag-screening_general","31":"tag-swiat","32":"tag-top-stories","33":"tag-topstories","34":"tag-update_me","35":"tag-v2021","36":"tag-wiadomosci","37":"tag-world","38":"tag-world-news","39":"tag-worldnews"},"share_on_mastodon":{"url":"","error":"Validation failed: Text character limit of 500 exceeded"},"_links":{"self":[{"href":"https:\/\/www.europesays.com\/pl\/wp-json\/wp\/v2\/posts\/191988","targetHints":{"allow":["GET"]}}],"collection":[{"href":"https:\/\/www.europesays.com\/pl\/wp-json\/wp\/v2\/posts"}],"about":[{"href":"https:\/\/www.europesays.com\/pl\/wp-json\/wp\/v2\/types\/post"}],"author":[{"embeddable":true,"href":"https:\/\/www.europesays.com\/pl\/wp-json\/wp\/v2\/users\/2"}],"replies":[{"embeddable":true,"href":"https:\/\/www.europesays.com\/pl\/wp-json\/wp\/v2\/comments?post=191988"}],"version-history":[{"count":0,"href":"https:\/\/www.europesays.com\/pl\/wp-json\/wp\/v2\/posts\/191988\/revisions"}],"wp:featuredmedia":[{"embeddable":true,"href":"https:\/\/www.europesays.com\/pl\/wp-json\/wp\/v2\/media\/191989"}],"wp:attachment":[{"href":"https:\/\/www.europesays.com\/pl\/wp-json\/wp\/v2\/media?parent=191988"}],"wp:term":[{"taxonomy":"category","embeddable":true,"href":"https:\/\/www.europesays.com\/pl\/wp-json\/wp\/v2\/categories?post=191988"},{"taxonomy":"post_tag","embeddable":true,"href":"https:\/\/www.europesays.com\/pl\/wp-json\/wp\/v2\/tags?post=191988"}],"curies":[{"name":"wp","href":"https:\/\/api.w.org\/{rel}","templated":true}]}}