{"id":192110,"date":"2026-01-07T16:44:08","date_gmt":"2026-01-07T16:44:08","guid":{"rendered":"https:\/\/www.europesays.com\/pl\/192110\/"},"modified":"2026-01-07T16:44:08","modified_gmt":"2026-01-07T16:44:08","slug":"donald-trump-przejmie-sila-grenlandie-czlonkowie-nato-pelni-obaw-juz-dzialaja","status":"publish","type":"post","link":"https:\/\/www.europesays.com\/pl\/192110\/","title":{"rendered":"Donald Trump przejmie si\u0142\u0105 Grenlandi\u0119? Cz\u0142onkowie NATO pe\u0142ni obaw. Ju\u017c dzia\u0142aj\u0105"},"content":{"rendered":"<p> Dlaczego to jest wa\u017cne? <\/p>\n<p class=\"ods-c-paragraph \">Donald Trump ju\u017c wielokrotnie m\u00f3wi\u0142 wprost, \u017ce USA potrzebuj\u0105 Grenlandii, czyli autonomicznego terytorium zale\u017cnego Danii, dla ich &#8222;bezpiecze\u0144stwa narodowego&#8221;. Teraz rzeczniczka Bia\u0142ego Domu Karoline Leavitt poinformowa\u0142a, \u017ce prezydent Stan\u00f3w Zjednoczonych &#8222;nie wyklucza u\u017cycia si\u0142 zbrojnych w celu pozyskania du\u0144skiej wyspy&#8221;. Doda\u0142a te\u017c, \u017ce jej przy\u0142\u0105czenie jest dla Amerykan\u00f3w &#8222;priorytetem&#8221;.<\/p>\n<p>  Jaka jest reakcja cz\u0142onk\u00f3w NATO? <\/p>\n<p class=\"ods-c-paragraph \">Plany i strategia przyj\u0119ta przez Trumpa oraz jego administracj\u0119 wywo\u0142uj\u0105 du\u017ce obawy w\u015br\u00f3d pa\u0144stw cz\u0142onkowskich NATO, szczeg\u00f3lnie tych europejskich. Z doniesie\u0144 Agencji Reutera wynika, \u017ce zacz\u0119\u0142y ju\u017c one \u015bci\u015ble ze sob\u0105 wsp\u00f3\u0142pracowa\u0107 nad planem ewentualnej reakcji, je\u015bli USA podejm\u0105 dzia\u0142ania maj\u0105ce na celu przej\u0119cie Grenlandii. W gronie kraj\u00f3w, kt\u00f3re pracuj\u0105 nad obmy\u015bleniem strategii, s\u0105 m.in. Niemcy i Francja.<\/p>\n<p>     Jak NATO odpowie na dzia\u0142ania Trumpa? <\/p>\n<p class=\"ods-c-paragraph \">&#8222;Chcemy podj\u0105\u0107 dzia\u0142ania, ale chcemy to zrobi\u0107 razem z naszymi europejskimi partnerami&#8221; \u2014 podkre\u015bla francuski minister spraw zagranicznych Jean-Noel Barrot. Z kolei \u017ar\u00f3d\u0142o w niemieckim rz\u0105dzie przekaza\u0142o, \u017ce Niemcy &#8222;\u015bci\u015ble wsp\u00f3\u0142pracuj\u0105 z innymi krajami europejskimi i Dani\u0105 nad kolejnymi krokami dotycz\u0105cymi Grenlandii&#8221;.<\/p>\n<p class=\"ods-c-paragraph \">Wysoki rang\u0105 europejski urz\u0119dnik podkre\u015bli\u0142 za\u015b, \u017ce to Dania musi przewodzi\u0107 wysi\u0142kom koordynuj\u0105cym reakcj\u0119. Doda\u0142 jednak, \u017ce &#8222;Du\u0144czycy jeszcze nie przekazali swoim europejskim sojusznikom, jakiego rodzaju konkretnego wsparcia oczekuj\u0105&#8221;.<\/p>\n<p> Jakie dzia\u0142ania podejmuj\u0105 kraje NATO w zwi\u0105zku z planami Trumpa? <\/p>\n<p> Dlaczego Trump uwa\u017ca Grenlandi\u0119 za wa\u017cn\u0105? <\/p>\n<p> Jakie kraje wsp\u00f3\u0142pracuj\u0105 nad strategi\u0105 reakcji? <\/p>\n<p> Co m\u00f3wi\u0105 Niemcy o wsp\u00f3\u0142pracy z Dani\u0105? <\/p>\n<p class=\"ods-c-paragraph \">Zobacz tak\u017ce: <\/p>\n","protected":false},"excerpt":{"rendered":"Dlaczego to jest wa\u017cne? Donald Trump ju\u017c wielokrotnie m\u00f3wi\u0142 wprost, \u017ce USA potrzebuj\u0105 Grenlandii, czyli autonomicznego terytorium zale\u017cnego&hellip;\n","protected":false},"author":2,"featured_media":192111,"comment_status":"","ping_status":"","sticky":false,"template":"","format":"standard","meta":{"footnotes":""},"categories":[14],"tags":[32,33,2787,44,9796,27,34,35,28,31,48,160,25,46,40,41,47,80,29,30,71,26,82,83,84],"class_list":{"0":"post-192110","1":"post","2":"type-post","3":"status-publish","4":"format-standard","5":"has-post-thumbnail","7":"category-swiat","8":"tag-breaking-news","9":"tag-breakingnews","10":"tag-dania","11":"tag-donald_trump","12":"tag-grenlandia","13":"tag-headlines","14":"tag-latest-news","15":"tag-latestnews","16":"tag-naglowki","17":"tag-najwazniejsze-artykuly","18":"tag-nat_styl","19":"tag-nato","20":"tag-news","21":"tag-omp","22":"tag-polish","23":"tag-polski","24":"tag-screening_general","25":"tag-swiat","26":"tag-top-stories","27":"tag-topstories","28":"tag-usa","29":"tag-wiadomosci","30":"tag-world","31":"tag-world-news","32":"tag-worldnews"},"share_on_mastodon":{"url":"https:\/\/pubeurope.com\/@pl\/115854826786747974","error":""},"_links":{"self":[{"href":"https:\/\/www.europesays.com\/pl\/wp-json\/wp\/v2\/posts\/192110","targetHints":{"allow":["GET"]}}],"collection":[{"href":"https:\/\/www.europesays.com\/pl\/wp-json\/wp\/v2\/posts"}],"about":[{"href":"https:\/\/www.europesays.com\/pl\/wp-json\/wp\/v2\/types\/post"}],"author":[{"embeddable":true,"href":"https:\/\/www.europesays.com\/pl\/wp-json\/wp\/v2\/users\/2"}],"replies":[{"embeddable":true,"href":"https:\/\/www.europesays.com\/pl\/wp-json\/wp\/v2\/comments?post=192110"}],"version-history":[{"count":0,"href":"https:\/\/www.europesays.com\/pl\/wp-json\/wp\/v2\/posts\/192110\/revisions"}],"wp:featuredmedia":[{"embeddable":true,"href":"https:\/\/www.europesays.com\/pl\/wp-json\/wp\/v2\/media\/192111"}],"wp:attachment":[{"href":"https:\/\/www.europesays.com\/pl\/wp-json\/wp\/v2\/media?parent=192110"}],"wp:term":[{"taxonomy":"category","embeddable":true,"href":"https:\/\/www.europesays.com\/pl\/wp-json\/wp\/v2\/categories?post=192110"},{"taxonomy":"post_tag","embeddable":true,"href":"https:\/\/www.europesays.com\/pl\/wp-json\/wp\/v2\/tags?post=192110"}],"curies":[{"name":"wp","href":"https:\/\/api.w.org\/{rel}","templated":true}]}}