{"id":192112,"date":"2026-01-07T16:45:23","date_gmt":"2026-01-07T16:45:23","guid":{"rendered":"https:\/\/www.europesays.com\/pl\/192112\/"},"modified":"2026-01-07T16:45:23","modified_gmt":"2026-01-07T16:45:23","slug":"przechadzal-sie-ulicami-ustki-nagle-wyciagnal-telefon-totalny-odlot-2","status":"publish","type":"post","link":"https:\/\/www.europesays.com\/pl\/192112\/","title":{"rendered":"Przechadza\u0142 si\u0119 ulicami Ustki, nagle wyci\u0105gn\u0105\u0142 telefon. &#8222;Totalny odlot&#8221;"},"content":{"rendered":"<p class=\"ods-c-paragraph \">Pierwsze dni stycznia wystawi\u0142y nas na prawdziw\u0105 pr\u00f3b\u0119 zimowej odporno\u015bci. W wielu cz\u0119\u015bciach kraju mr\u00f3z trzyma zar\u00f3wno w dzie\u0144, jak i w nocy, a otoczenie coraz bardziej przypomina surowe zimy z dawnych lat.<\/p>\n<p>Dalszy ci\u0105g artyku\u0142u pod materia\u0142em wideo<\/p>\n<p> Jakie zdj\u0119cia opublikowa\u0142 Grzegorz Zawi\u015blak? <\/p>\n<p> Jakie s\u0105 prognozy na nadchodz\u0105cy weekend? <\/p>\n<p> Jak\u0105 temperatur\u0119 prognozuj\u0105 meteorolodzy na \u015brod\u0119? <\/p>\n<p> Co s\u0105dz\u0105 internauci o widokach z Ustki? <\/p>\n<p class=\"ods-c-paragraph \">Grzegorz Zawi\u015blak, popularyzator zjawisk atmosferycznych i znany \u0142owca burz, podzieli\u0142 si\u0119 na Facebooku zdj\u0119ciami zasypanej Ustki. Na fotografiach wida\u0107 chodniki, ulice i samochody pokryte grub\u0105 warstw\u0105 \u015bniegu.<\/p>\n<blockquote class=\"ods-o-quota\">\n<p class=\"ods-o-quota__paragraph\">I\u015bcie zimowa aura rozpakowa\u0142a walizki! W takich warunkach nawet nie my\u015bl\u0119 o przebywaniu w domu, tylko w miar\u0119 mo\u017cliwo\u015bci czasowych staram si\u0119 przez wiele godzin hartowa\u0107 organizm i jak najwi\u0119cej spacerowa\u0107 \u2014 czy to brzegiem morza, czy po zasypanym mie\u015bcie<\/p>\n<\/blockquote>\n<p class=\"ods-c-paragraph \">\u2014 napisa\u0142.<\/p>\n<p class=\"ods-c-paragraph \">&#8222;Od wielu lat Wybrze\u017ce S\u0142owi\u0144skie nie notowa\u0142o tak du\u017cej akumulacji pokrywy \u015bnie\u017cnej, a ostatnie &#8222;efekty morza&#8221;, pocz\u0105tkowo na Warmii i Mazowszu, nast\u0119pnie na Pomorzu oraz Kaszubach zapisa\u0142y si\u0119 na kartach historii polskiej meteorologii. A kto wie \u2014 by\u0107 mo\u017ce ju\u017c w najbli\u017cszy weekend czekaj\u0105 nas kolejne \u015bnie\u017cyce i burze \u015bnie\u017cne zwi\u0105zane z intensywnymi procesami konwekcyjnymi inicjuj\u0105cymi si\u0119 nad wodami Ba\u0142tyku&#8221; \u2014 doda\u0142.<\/p>\n<p class=\"ods-c-paragraph \">Na reakcj\u0119 internaut\u00f3w nie trzeba by\u0142o d\u0142ugo czeka\u0107. Pod zdj\u0119ciami i relacjami z zimowej Ustki pojawi\u0142y si\u0119 entuzjastyczne komentarze.<\/p>\n<blockquote class=\"ods-o-quota\">\n<p class=\"ods-o-quota__paragraph\">&#8222;Ale pi\u0119knie. Zazdroszcz\u0119 takich widok\u00f3w&#8221;, &#8222;Pi\u0119kne&#8221;, &#8222;No nareszcie prawdziwa zima&#8221;, &#8222;Cudo&#8221;, &#8222;Totalny odlot&#8221;, &#8222;Bajkowo!&#8221;, &#8222;Bajecznie to wygl\u0105da naprawd\u0119&#8221;<\/p>\n<\/blockquote>\n<p class=\"ods-c-paragraph \">\u2014 pisz\u0105.<\/p>\n<p class=\"ods-c-paragraph \">Pewna u\u017cytkowniczka przyzna\u0142a, \u017ce dotychczas odwiedza\u0142a t\u0119 nadmorsk\u0105 miejscowo\u015b\u0107 tylko latem, a teraz, po obejrzeniu zimowych widok\u00f3w, rozwa\u017ca wyjazd w\u0142a\u015bnie w tym okresie.<\/p>\n<p class=\"ods-c-paragraph \">&#8222;Je\u015bli chodzi o nadmorskie miejscowo\u015bci, Ustka to moje ukochane miejsce. Przyznam szczerze, \u017ce zawsze odwiedzamy j\u0105 latem, po twoich relacjach mam ochot\u0119 jecha\u0107 tam zim\u0105 \u2014 jest bajecznie&#8221; \u2014 napisa\u0142a.<\/p>\n<p>Pogoda, \u015broda 7 stycznia   <\/p>\n<p class=\"ods-c-paragraph \">W \u015brod\u0119 na przewa\u017caj\u0105cym obszarze kraju zachmurzenie du\u017ce z wi\u0119kszymi przeja\u015bnieniami i rozpogodzeniami, miejscami s\u0142abe opady \u015bniegu; na po\u0142udniowym wschodzie kraju zachmurzenie ca\u0142kowite z opadami \u015bniegu, okresami o nat\u0119\u017ceniu umiarkowanym lub silnym i tam przyrost pokrywy \u015bnie\u017cnej o 5 cm do 10 cm.<\/p>\n<p class=\"ods-c-paragraph \">Temperatura maksymalna od \u20136 st. C do \u20132 st. C, na wybrze\u017cu do oko\u0142o \u20131 st. C; ch\u0142odniej miejscami w rejonach podg\u00f3rskich oko\u0142o \u20137 st. C. Wiatr s\u0142aby i umiarkowany, na po\u0142udniowym wschodzie kraju p\u00f3\u0142nocny i p\u00f3\u0142nocno-wschodni, na zachodzie z kierunk\u00f3w po\u0142udniowych, a na pozosta\u0142ym obszarze s\u0142aby, zmienny. W Bieszczadach wiatr umiarkowany i do\u015b\u0107 silny, w porywach do 60 km na godz., powoduj\u0105cy zawieje i zamiecie \u015bnie\u017cne.<\/p>\n<p class=\"ods-c-paragraph \">W nocy na zachodzie zachmurzenie ma\u0142e i umiarkowane, na pozosta\u0142ym obszarze kraju zachmurzenie du\u017ce i ca\u0142kowite, lokalnie z wi\u0119kszymi przeja\u015bnieniami i opady \u015bniegu; na po\u0142udniowym wschodzie opady o nat\u0119\u017ceniu umiarkowanym i tam przyrost pokrywy \u015bnie\u017cnej o 5 cm do 10 cm, w Bieszczadach do 12 cm. Temperatura minimalna od \u201315 st. C miejscami na p\u00f3\u0142nocy, oko\u0142o \u201312 st. C na przewa\u017caj\u0105cym obszarze kraju do \u20137 st. C miejscami nad morzem i na po\u0142udniowym wschodzie; ch\u0142odniej miejscami w rejonach podg\u00f3rskich Sudet\u00f3w do \u201320 st. C. Wiatr s\u0142aby i umiarkowany, na wschodzie kraju p\u00f3\u0142nocno-wschodni, a na pozosta\u0142ym obszarze wschodni i po\u0142udniowo-wschodni, na kra\u0144cach zachodnich kraju po\u0142udniowy. W Bieszczadach wiatr w porywach do 60 km na godz., powoduj\u0105cy zawieje i zamiecie \u015bnie\u017cne.<\/p>\n<p class=\"ods-c-paragraph \">\u0179r\u00f3d\u0142o: Onet, Facebook, PAP<\/p>\n","protected":false},"excerpt":{"rendered":"Pierwsze dni stycznia wystawi\u0142y nas na prawdziw\u0105 pr\u00f3b\u0119 zimowej odporno\u015bci. W wielu cz\u0119\u015bciach kraju mr\u00f3z trzyma zar\u00f3wno w&hellip;\n","protected":false},"author":2,"featured_media":192113,"comment_status":"","ping_status":"","sticky":false,"template":"","format":"standard","meta":{"footnotes":""},"categories":[12],"tags":[210,32,33,36,37,27,34,35,28,31,48,25,46,42,38,40,39,41,47,29,30,37438,26,7441],"class_list":{"0":"post-192112","1":"post","2":"type-post","3":"status-publish","4":"format-standard","5":"has-post-thumbnail","7":"category-polska","8":"tag-aktualnosci","9":"tag-breaking-news","10":"tag-breakingnews","11":"tag-featured-news","12":"tag-featurednews","13":"tag-headlines","14":"tag-latest-news","15":"tag-latestnews","16":"tag-naglowki","17":"tag-najwazniejsze-artykuly","18":"tag-nat_styl","19":"tag-news","20":"tag-omp","21":"tag-pl","22":"tag-poland","23":"tag-polish","24":"tag-polska","25":"tag-polski","26":"tag-screening_general","27":"tag-top-stories","28":"tag-topstories","29":"tag-ustka_miasto","30":"tag-wiadomosci","31":"tag-zima"},"share_on_mastodon":{"url":"https:\/\/pubeurope.com\/@pl\/115854830720740806","error":""},"_links":{"self":[{"href":"https:\/\/www.europesays.com\/pl\/wp-json\/wp\/v2\/posts\/192112","targetHints":{"allow":["GET"]}}],"collection":[{"href":"https:\/\/www.europesays.com\/pl\/wp-json\/wp\/v2\/posts"}],"about":[{"href":"https:\/\/www.europesays.com\/pl\/wp-json\/wp\/v2\/types\/post"}],"author":[{"embeddable":true,"href":"https:\/\/www.europesays.com\/pl\/wp-json\/wp\/v2\/users\/2"}],"replies":[{"embeddable":true,"href":"https:\/\/www.europesays.com\/pl\/wp-json\/wp\/v2\/comments?post=192112"}],"version-history":[{"count":0,"href":"https:\/\/www.europesays.com\/pl\/wp-json\/wp\/v2\/posts\/192112\/revisions"}],"wp:featuredmedia":[{"embeddable":true,"href":"https:\/\/www.europesays.com\/pl\/wp-json\/wp\/v2\/media\/192113"}],"wp:attachment":[{"href":"https:\/\/www.europesays.com\/pl\/wp-json\/wp\/v2\/media?parent=192112"}],"wp:term":[{"taxonomy":"category","embeddable":true,"href":"https:\/\/www.europesays.com\/pl\/wp-json\/wp\/v2\/categories?post=192112"},{"taxonomy":"post_tag","embeddable":true,"href":"https:\/\/www.europesays.com\/pl\/wp-json\/wp\/v2\/tags?post=192112"}],"curies":[{"name":"wp","href":"https:\/\/api.w.org\/{rel}","templated":true}]}}