{"id":192150,"date":"2026-01-07T17:06:09","date_gmt":"2026-01-07T17:06:09","guid":{"rendered":"https:\/\/www.europesays.com\/pl\/192150\/"},"modified":"2026-01-07T17:06:09","modified_gmt":"2026-01-07T17:06:09","slug":"przygarnela-z-drogi-zablakanego-zwierzaka-wcale-nie-siedzi-pies-to-jenot","status":"publish","type":"post","link":"https:\/\/www.europesays.com\/pl\/192150\/","title":{"rendered":"Przygarn\u0119\u0142a z drogi zab\u0142\u0105kanego zwierzaka. &#8222;Wcale nie siedzi pies&#8221;. To jenot"},"content":{"rendered":"<p class=\"ods-c-paragraph \">Mieszkanka powiatu lidzbarskiego wraca\u0142a wieczorem z G\u00f3rowa I\u0142aweckiego, kiedy przy drodze natkn\u0119\u0142a si\u0119 na samotne zwierz\u0119. &#8222;Zbli\u017ca\u0142a si\u0119 mro\u017ana noc, a zwierzak wygl\u0105da\u0142 na zagubionego&#8221; \u2014 podaj\u0105 w mediach spo\u0142eczno\u015bciowych funkcjonariusze z Komendy Powiatowej Policji w Lidzbarku Warmi\u0144skim. Kobieta przekonana, \u017ce ma do czynienia z zab\u0142\u0105kanym psem, postanowi\u0142a zaopiekowa\u0107 si\u0119 czworonogiem. &#8222;Post\u0105pi\u0142a z serca: zabra\u0142a go do auta i przywioz\u0142a prosto do policjant\u00f3w, licz\u0105c na pomoc&#8221; \u2014 dodaj\u0105 mundurowi.<\/p>\n<p class=\"ods-c-paragraph \">Policjanci natychmiast ustalili, gdzie mo\u017cna bezpiecznie przekaza\u0107 zwierz\u0119 i podj\u0119li decyzj\u0119, \u017ce sami odwioz\u0105 je do schroniska. &#8222;Jednak gdy podeszli do samochodu, okaza\u0142o si\u0119, \u017ce pod siedzeniem wcale nie siedzi pies. Tam siedzia\u0142 jenot&#8221; \u2014 informuj\u0105 przedstawiciele lidzbarskiej komendy.<\/p>\n<p>Dalszy ci\u0105g artyku\u0142u pod materia\u0142em wideo<\/p>\n<p> Jak\u0105 sytuacj\u0119 zg\u0142osili policjanci z Lidzbarka Warmi\u0144skiego? <\/p>\n<p> Co to za zwierz\u0119, kt\u00f3re kobieta przywioz\u0142a na policj\u0119? <\/p>\n<p> Dlaczego policja wezwa\u0142a stra\u017cak\u00f3w i weterynarza? <\/p>\n<p> Gdzie wypuszczono jenota po akcji? <\/p>\n<p>  Na pomoc policjanci musieli wezwa\u0107 stra\u017cak\u00f3w i weterynarza<\/p>\n<p class=\"ods-c-paragraph \">Do akcji w\u0142\u0105czyli si\u0119 stra\u017cacy z Komendy Powiatowej Pa\u0144stwowej Stra\u017cy Po\u017carnej w Lidzbarku Warmi\u0144skim, kt\u00f3rzy sprawnie wydobyli nietypowego pasa\u017cera. O konsultacj\u0119 w sprawie zwierzaka policjanci poprosili r\u00f3wnie\u017c powiatowego lekarza weterynarii. &#8222;Jenot zosta\u0142 wypuszczony do pobliskiego lasu, gdzie od razu ruszy\u0142 w swoj\u0105 stron\u0119&#8221; \u2014 podaj\u0105 funkcjonariusze.<\/p>\n<p class=\"ods-c-paragraph \">&#8222;Policja i stra\u017cacy dzi\u0119kuj\u0105 kobiecie za dobre intencje i ch\u0119\u0107 niesienia pomocy. Jednocze\u015bnie przypominaj\u0105, by zachowa\u0107 ostro\u017cno\u015b\u0107 wobec dzikich zwierz\u0105t \u2014 nawet je\u015bli wygl\u0105daj\u0105 na zagubione lub potrzebuj\u0105ce wsparcia&#8221; \u2014 dodaj\u0105 mundurowi w komunikacie. Podkre\u015blaj\u0105, \u017ce ranne lub zestresowane zwierz\u0119ta mog\u0105 by\u0107 nieprzewidywalne i stanowi\u0107 zagro\u017cenie. Zalecaj\u0105, by w przypadku spotkania z b\u0142\u0105kaj\u0105cym si\u0119 czworonogiem, kontaktowa\u0107 si\u0119 ze s\u0142u\u017cbami, takimi jak policja, stra\u017c miejska, weterynarz lub odpowiedni o\u015brodek.<\/p>\n<p>Jenoty nale\u017c\u0105 do psowatych. S\u0105 gatunkiem inwazyjnym   <\/p>\n<p class=\"ods-c-paragraph \">Jenot to ssak z rodziny psowatych. Osi\u0105ga d\u0142ugo\u015b\u0107 od 50 do 70 cm (bez ogona) i wag\u0119 od 4 do 9 kg. Ma d\u0142ugie, puszyste futro, niewielk\u0105 g\u0142ow\u0119, szpiczasty pysk i kr\u00f3tkie, zaokr\u0105glone uszy.<\/p>\n<p class=\"ods-c-paragraph \">Pochodz\u0105ce z Azji jenoty zosta\u0142y sprowadzone do Europy w 1939 r. W Zwi\u0105zku Radzieckim hodowane by\u0142y na futro. Uciekinierzy z ferm zaaklimatyzowali si\u0119 najpierw na Ukrainie, Bia\u0142orusi i Litwie. Stamt\u0105d zwierz\u0119ta rozprzestrzeni\u0142y si\u0119 po Europie. W Polsce jenoty po raz pierwszy zosta\u0142y zaobserwowane w latach 50., w Puszczy Bia\u0142owieskiej. Obecnie wyst\u0119puj\u0105 na terenie ca\u0142ego kraju, najliczniej w p\u00f3\u0142nocno-wschodnich wojew\u00f3dztwach. S\u0105 gatunkiem inwazyjnym.<\/p>\n","protected":false},"excerpt":{"rendered":"Mieszkanka powiatu lidzbarskiego wraca\u0142a wieczorem z G\u00f3rowa I\u0142aweckiego, kiedy przy drodze natkn\u0119\u0142a si\u0119 na samotne zwierz\u0119. &#8222;Zbli\u017ca\u0142a si\u0119&hellip;\n","protected":false},"author":2,"featured_media":192151,"comment_status":"","ping_status":"","sticky":false,"template":"","format":"standard","meta":{"footnotes":""},"categories":[12],"tags":[32,33,6633,36,37,27,37450,34,35,28,31,48,25,46,42,38,414,40,39,41,47,29,30,26],"class_list":{"0":"post-192150","1":"post","2":"type-post","3":"status-publish","4":"format-standard","5":"has-post-thumbnail","7":"category-polska","8":"tag-breaking-news","9":"tag-breakingnews","10":"tag-ciekawe","11":"tag-featured-news","12":"tag-featurednews","13":"tag-headlines","14":"tag-jenot","15":"tag-latest-news","16":"tag-latestnews","17":"tag-naglowki","18":"tag-najwazniejsze-artykuly","19":"tag-nat_styl","20":"tag-news","21":"tag-omp","22":"tag-pl","23":"tag-poland","24":"tag-policja","25":"tag-polish","26":"tag-polska","27":"tag-polski","28":"tag-screening_general","29":"tag-top-stories","30":"tag-topstories","31":"tag-wiadomosci"},"share_on_mastodon":{"url":"https:\/\/pubeurope.com\/@pl\/115854913377011462","error":""},"_links":{"self":[{"href":"https:\/\/www.europesays.com\/pl\/wp-json\/wp\/v2\/posts\/192150","targetHints":{"allow":["GET"]}}],"collection":[{"href":"https:\/\/www.europesays.com\/pl\/wp-json\/wp\/v2\/posts"}],"about":[{"href":"https:\/\/www.europesays.com\/pl\/wp-json\/wp\/v2\/types\/post"}],"author":[{"embeddable":true,"href":"https:\/\/www.europesays.com\/pl\/wp-json\/wp\/v2\/users\/2"}],"replies":[{"embeddable":true,"href":"https:\/\/www.europesays.com\/pl\/wp-json\/wp\/v2\/comments?post=192150"}],"version-history":[{"count":0,"href":"https:\/\/www.europesays.com\/pl\/wp-json\/wp\/v2\/posts\/192150\/revisions"}],"wp:featuredmedia":[{"embeddable":true,"href":"https:\/\/www.europesays.com\/pl\/wp-json\/wp\/v2\/media\/192151"}],"wp:attachment":[{"href":"https:\/\/www.europesays.com\/pl\/wp-json\/wp\/v2\/media?parent=192150"}],"wp:term":[{"taxonomy":"category","embeddable":true,"href":"https:\/\/www.europesays.com\/pl\/wp-json\/wp\/v2\/categories?post=192150"},{"taxonomy":"post_tag","embeddable":true,"href":"https:\/\/www.europesays.com\/pl\/wp-json\/wp\/v2\/tags?post=192150"}],"curies":[{"name":"wp","href":"https:\/\/api.w.org\/{rel}","templated":true}]}}