{"id":192221,"date":"2026-01-07T17:48:09","date_gmt":"2026-01-07T17:48:09","guid":{"rendered":"https:\/\/www.europesays.com\/pl\/192221\/"},"modified":"2026-01-07T17:48:09","modified_gmt":"2026-01-07T17:48:09","slug":"martwe-niemowle-w-mieszkaniu-w-warszawie-prokuratura-ujawnia-nowe-informacje-2","status":"publish","type":"post","link":"https:\/\/www.europesays.com\/pl\/192221\/","title":{"rendered":"Martwe niemowl\u0119 w mieszkaniu w Warszawie. Prokuratura ujawnia nowe informacje"},"content":{"rendered":"<p class=\"ods-c-paragraph \">Do tragicznego zdarzenia dosz\u0142o w nocy z poniedzia\u0142ku na wtorek. Oko\u0142o godz. 1 w nocy policja otrzyma\u0142a zg\u0142oszenie o awanturze domowej w bloku od jednego z s\u0105siad\u00f3w. Osoby mieszkaj\u0105ce we wskazanym mieszkaniu nie otwiera\u0142y drzwi, dlatego policjanci oraz stra\u017cacy zdecydowali si\u0119 na si\u0142owe wej\u015bcie do \u015brodka. Wewn\u0105trz znajdowa\u0142 si\u0119 siedmiomiesi\u0119czny ch\u0142opiec bez oznak \u017cycia.<\/p>\n<p> Kiedy mia\u0142o miejsce tragiczne zdarzenie? <\/p>\n<p> Co odkryto podczas sekcji zw\u0142ok niemowl\u0119cia? <\/p>\n<p> Jakie kroki podj\u0119to wobec matki dziecka? <\/p>\n<p> Czy rodzice byli pod wp\u0142ywem alkoholu? <\/p>\n<p class=\"ods-c-paragraph \">\u2014 Na tym etapie mo\u017cemy potwierdzi\u0107, \u017ce podniesione g\u0142osy, wymiana zda\u0144, krzyki, kt\u00f3re by\u0142y przyczyn\u0105 wezwania policji przez s\u0105siad\u00f3w, nie by\u0142y wynikiem awantury, tylko paniki zwi\u0105zanej z ujawnieniem zw\u0142ok dziecka w tym lokalu \u2014 poinformowa\u0142 podczas \u015brodowej konferencji prasowej rzecznik Prokuratury Okr\u0119gowej w Warszawie prok. Piotr Antoni Skiba.<\/p>\n<p>\u015amier\u0107 niemowl\u0119cia w Warszawie. Przes\u0142uchano ojca<\/p>\n<p class=\"ods-c-paragraph \">Przeprowadzona zosta\u0142a ju\u017c sekcja zw\u0142ok niemowl\u0119cia. \u2014 To, co stwierdzi\u0142 lekarz medycyny s\u0105dowej, to nag\u0142e ustanie kr\u0105\u017cenia. Bieg\u0142y zaobserwowa\u0142 te\u017c wrodzon\u0105 wad\u0119 m\u00f3zgu, kt\u00f3ra mog\u0142a by\u0107 odpowiedzialna za takie nag\u0142e ustanie funkcji \u017cyciowych \u2014 wskaza\u0142 Skiba.<\/p>\n<p class=\"ods-c-paragraph \">\u2014 W dniu dzisiejszym jako \u015bwiadek przes\u0142uchany zosta\u0142 ojciec dziecka. Z uwagi na stan zdrowia i silne reakcje psychiczne u matki, spowodowane \u015bmierci\u0105 tego dziecka, nie by\u0142o mo\u017cliwe jej przes\u0142uchanie. Zosta\u0142a ona przewieziona do szpitala psychiatrycznego, gdzie podlega sta\u0142emu monitorowaniu \u2014 przekaza\u0142 rzecznik warszawskiej prokuratury okr\u0119gowej.<\/p>\n<p class=\"ods-c-paragraph \">Zaznaczy\u0142, \u017ce bior\u0105c pod uwag\u0119 obraz sekcyjny, zeznania ojca, s\u0105siad\u00f3w oraz dotychczasowe wywiady dotycz\u0105ce tej rodziny, brak jest podstaw, by uzna\u0107, \u017ce do \u015bmierci dziecka dosz\u0142o przy spowodowaniu dzia\u0142a\u0144 innych os\u00f3b, zw\u0142aszcza rodzic\u00f3w. \u2014 Potwierdzamy, \u017ce rodzice w chwili zatrzymania byli pod wp\u0142ywem alkoholu, byli bardzo spanikowani i wstrz\u0105\u015bni\u0119ci tym, co si\u0119 wydarzy\u0142o \u2014 doda\u0142 prok. Skiba.<\/p>\n<p class=\"ods-c-paragraph \">\u2014 Je\u015bli chodzi o opinie dotycz\u0105ce tej rodziny, to nie by\u0142o \u017cadnych zg\u0142osze\u0144, \u017cadnych awantur czy interwencji policyjnych. Jak stwierdzi\u0142 bieg\u0142y, \u015bmier\u0107 dziecka zosta\u0142a wywo\u0142ana przez przyczyny naturalne \u2014 m\u00f3wi\u0142 w rozmowie z dziennikarzami rzecznik Prokuratury Okr\u0119gowej w Warszawie.<\/p>\n","protected":false},"excerpt":{"rendered":"Do tragicznego zdarzenia dosz\u0142o w nocy z poniedzia\u0142ku na wtorek. Oko\u0142o godz. 1 w nocy policja otrzyma\u0142a zg\u0142oszenie&hellip;\n","protected":false},"author":2,"featured_media":192222,"comment_status":"","ping_status":"","sticky":false,"template":"","format":"standard","meta":{"footnotes":""},"categories":[12],"tags":[32,33,183,36,37,27,34,35,28,31,48,25,37480,46,42,38,40,39,41,47,512,29,30,37481,435,26],"class_list":{"0":"post-192221","1":"post","2":"type-post","3":"status-publish","4":"format-standard","5":"has-post-thumbnail","7":"category-polska","8":"tag-breaking-news","9":"tag-breakingnews","10":"tag-dzieci_dziecko","11":"tag-featured-news","12":"tag-featurednews","13":"tag-headlines","14":"tag-latest-news","15":"tag-latestnews","16":"tag-naglowki","17":"tag-najwazniejsze-artykuly","18":"tag-nat_styl","19":"tag-news","20":"tag-niemowlaki","21":"tag-omp","22":"tag-pl","23":"tag-poland","24":"tag-polish","25":"tag-polska","26":"tag-polski","27":"tag-screening_general","28":"tag-smierc_dziecka","29":"tag-top-stories","30":"tag-topstories","31":"tag-wady_wrodzone","32":"tag-warszawa","33":"tag-wiadomosci"},"share_on_mastodon":{"url":"https:\/\/pubeurope.com\/@pl\/115855078410220779","error":""},"_links":{"self":[{"href":"https:\/\/www.europesays.com\/pl\/wp-json\/wp\/v2\/posts\/192221","targetHints":{"allow":["GET"]}}],"collection":[{"href":"https:\/\/www.europesays.com\/pl\/wp-json\/wp\/v2\/posts"}],"about":[{"href":"https:\/\/www.europesays.com\/pl\/wp-json\/wp\/v2\/types\/post"}],"author":[{"embeddable":true,"href":"https:\/\/www.europesays.com\/pl\/wp-json\/wp\/v2\/users\/2"}],"replies":[{"embeddable":true,"href":"https:\/\/www.europesays.com\/pl\/wp-json\/wp\/v2\/comments?post=192221"}],"version-history":[{"count":0,"href":"https:\/\/www.europesays.com\/pl\/wp-json\/wp\/v2\/posts\/192221\/revisions"}],"wp:featuredmedia":[{"embeddable":true,"href":"https:\/\/www.europesays.com\/pl\/wp-json\/wp\/v2\/media\/192222"}],"wp:attachment":[{"href":"https:\/\/www.europesays.com\/pl\/wp-json\/wp\/v2\/media?parent=192221"}],"wp:term":[{"taxonomy":"category","embeddable":true,"href":"https:\/\/www.europesays.com\/pl\/wp-json\/wp\/v2\/categories?post=192221"},{"taxonomy":"post_tag","embeddable":true,"href":"https:\/\/www.europesays.com\/pl\/wp-json\/wp\/v2\/tags?post=192221"}],"curies":[{"name":"wp","href":"https:\/\/api.w.org\/{rel}","templated":true}]}}