{"id":192236,"date":"2026-01-07T17:58:07","date_gmt":"2026-01-07T17:58:07","guid":{"rendered":"https:\/\/www.europesays.com\/pl\/192236\/"},"modified":"2026-01-07T17:58:07","modified_gmt":"2026-01-07T17:58:07","slug":"rodzina-marka-grechuty-zaskoczona-decyzja-sejmu-dopiero-teraz-sie-o-tym-dowiedzielismy","status":"publish","type":"post","link":"https:\/\/www.europesays.com\/pl\/192236\/","title":{"rendered":"Rodzina Marka Grechuty zaskoczona decyzj\u0105 Sejmu. &#8222;Dopiero teraz si\u0119 o tym dowiedzieli\u015bmy&#8221;"},"content":{"rendered":"<p class=\"ods-c-paragraph \">5 grudnia 2025 r. Sejm Rzeczypospolitej Polskiej jednog\u0142o\u015bnie przyj\u0105\u0142 uchwa\u0142\u0119 upami\u0119tniaj\u0105c\u0105 Marka Grechut\u0119, kt\u00f3ry pi\u0119\u0107 dni p\u00f3\u017aniej obchodzi\u0142by 80. urodziny. W dokumencie pos\u0142owie podkre\u015blili ogromne znaczenie tw\u00f3rczo\u015bci artysty dla polskiej kultury.<\/p>\n<blockquote class=\"ods-o-quota\">\n<p class=\"ods-o-quota__paragraph\">W osiemdziesi\u0105t\u0105 rocznic\u0119 urodzin Marka Grechuty Sejm Rzeczypospolitej Polskiej oddaje ho\u0142d temu wybitnemu arty\u015bcie, piosenkarzowi, poecie, kompozytorowi i malarzowi, kt\u00f3ry na trwa\u0142e zapisa\u0142 si\u0119 w historii polskiej kultury<\/p>\n<\/blockquote>\n<p class=\"ods-c-paragraph \">\u2014 mo\u017cna przeczyta\u0107. <\/p>\n<p>Dalszy ci\u0105g artyku\u0142u pod materia\u0142em wideo<\/p>\n<p> Kiedy Sejm przyj\u0105\u0142 uchwa\u0142\u0119 o upami\u0119tnieniu Marka Grechuty? <\/p>\n<p> Dlaczego rodzina Marka Grechuty nie wiedzia\u0142a o uchwale? <\/p>\n<p> Jak rodzina dowiedzia\u0142a si\u0119 o decyzji Sejmu? <\/p>\n<p> Jakie znaczenie mia\u0142a tw\u00f3rczo\u015b\u0107 Marka Grechuty dla polskiej kultury? <\/p>\n<p>  Rodzina Marka Grechuty nie kryje zaskoczenia. &#8222;Informujemy o tym dopiero teraz&#8221;<\/p>\n<p class=\"ods-c-paragraph \">Cho\u0107 polski parlament zdecydowa\u0142 o upami\u0119tnieniu <a href=\"https:\/\/plejada.pl\/temat\/marek-grechuta-piesniarz\/57pccdb\" id=\"360334b9-73e4-4f22-a99e-7f3a27df7c39\" rel=\"nofollow noopener\" target=\"_blank\">Marka Grechuty<\/a> na pocz\u0105tku grudnia, jego rodzina przez d\u0142ugi czas nie mia\u0142a o tym poj\u0119cia. Jak si\u0119 okazuje, informacja dotar\u0142a do nich niespodziewanie i zupe\u0142nie przypadkiem dopiero w pierwszym tygodniu nowego roku.<\/p>\n<blockquote class=\"ods-o-quota\">\n<p class=\"ods-o-quota__paragraph\">Bardzo mi\u0142o nam poinformowa\u0107, \u017ce 5 grudnia Sejm Rzeczypospolitej Polskiej przyj\u0105\u0142 jednog\u0142o\u015bnie uchwa\u0142\u0119 o upami\u0119tnieniu osoby Marka Grechuty w 80. rocznic\u0119 jego urodzin. Informujemy o tym dopiero teraz, bo dopiero teraz si\u0119 o tym sami dowiedzieli\u015bmy \u2014 zreszt\u0105 dzi\u0119ki komentarzowi Pani Pos\u0142anki, kt\u00f3ra wpisa\u0142a go na naszym Facebooku pod nasz\u0105 informacj\u0105 o rocznicy<\/p>\n<\/blockquote>\n<p class=\"ods-c-paragraph \">\u2014 przekazali za po\u015brednictwem Facebooka syn i wdowa po arty\u015bcie.<\/p>\n<blockquote class=\"ods-o-quota\">\n<p class=\"ods-o-quota__paragraph\">Dzi\u0119kujemy wszystkim Pos\u0142ankom i Pos\u0142om na Sejm Rzeczypospolitej Polskiej<\/p>\n<\/blockquote>\n<p class=\"ods-c-paragraph \">\u2014 napisali na koniec, do\u0142\u0105czaj\u0105c do wpisu nagranie udost\u0119pnione przez wicemarsza\u0142ek Monik\u0119 Wielichowsk\u0105 z obrad, podczas kt\u00f3rych procedowano uchwa\u0142\u0119.<\/p>\n<p class=\"ods-c-paragraph \">Marek Grechuta zmar\u0142 9 pa\u017adziernika 2006 r. w Krakowie na skutek niewydolno\u015bci kr\u0105\u017cenia. By\u0142a ona nast\u0119pstwem powik\u0142a\u0144 po chorobie p\u0142uc oraz d\u0142ugotrwa\u0142ej choroby afektywnej dwubiegunowej, kt\u00f3ra przez lata bywa\u0142a b\u0142\u0119dnie interpretowana jako problem z alkoholem.<\/p>\n<p class=\"ods-c-paragraph \">Dzi\u0119kujemy, \u017ce przeczyta\u0142a\u015b\/e\u015b nasz artyku\u0142 do ko\u0144ca. W serwisie Plejada.pl ka\u017cdego dnia piszemy o najwa\u017cniejszych wydarzeniach show-biznesowych. B\u0105d\u017a na bie\u017c\u0105co! <a rel=\"nofollow noopener\" href=\"https:\/\/profile.google.com\/cp\/Cg0vZy8xMWJ6X19wdHBx\" id=\"01885ba5-eb2a-4276-a591-8c5db0e4188e\" target=\"_blank\">Obserwuj<\/a> Plejad\u0119 w Google. Odwied\u017a nas tak\u017ce na <a rel=\"nofollow noopener\" href=\"https:\/\/www.facebook.com\/plejadapl\" id=\"d2ab141c-38f2-44ed-bf4d-439f82fcc9f3\" target=\"_blank\">Facebooku<\/a>, <a rel=\"nofollow noopener\" href=\"https:\/\/www.instagram.com\/plejadapl\/\" id=\"dd37113d-4de5-44e3-a1f1-d52572a735d2\" target=\"_blank\">Instagramie<\/a>, <a rel=\"nofollow noopener\" href=\"https:\/\/www.youtube.com\/c\/plejada\" id=\"0a24bfb4-16a9-4d76-96ff-4f570a9c3444\" target=\"_blank\">YouTube<\/a> oraz <a rel=\"nofollow noopener\" href=\"https:\/\/www.tiktok.com\/@plejada_pl\" id=\"ea44fe77-fb23-46dd-a2d7-88aa9c7771d9\" target=\"_blank\">TikToku<\/a>.<\/p>\n<p class=\"ods-c-paragraph \">Chcesz podzieli\u0107 si\u0119 ciekawym newsem lub zaproponowa\u0107 temat? Skontaktuj si\u0119 z nami, pisz\u0105c e-maila na adres: <a rel=\"nofollow noopener\" href=\"https:\/\/plejada.pl\/newsy\/rodzina-marka-grechuty-zaskoczona-decyzja-sejmu-dopiero-teraz-sie-o-tym\/mailto:plejada@redakcjaonet.pl\" id=\"12c0897a-90a1-4f20-b61b-a4362a65c91d\" target=\"_blank\">plejada@redakcjaonet.pl<\/a>.<\/p>\n<p><script async src=\"\/\/www.instagram.com\/embed.js\"><\/script><script async src=\"\/\/www.tiktok.com\/embed.js\"><\/script><\/p>\n","protected":false},"excerpt":{"rendered":"5 grudnia 2025 r. Sejm Rzeczypospolitej Polskiej jednog\u0142o\u015bnie przyj\u0105\u0142 uchwa\u0142\u0119 upami\u0119tniaj\u0105c\u0105 Marka Grechut\u0119, kt\u00f3ry pi\u0119\u0107 dni p\u00f3\u017aniej obchodzi\u0142by&hellip;\n","protected":false},"author":2,"featured_media":192237,"comment_status":"","ping_status":"","sticky":false,"template":"","format":"standard","meta":{"footnotes":""},"categories":[22],"tags":[122,11719,48,125,46,42,38,40,39,41,123,47],"class_list":{"0":"post-192236","1":"post","2":"type-post","3":"status-publish","4":"format-standard","5":"has-post-thumbnail","7":"category-rozrywka","8":"tag-entertainment","9":"tag-marek_grechuta","10":"tag-nat_styl","11":"tag-newsy","12":"tag-omp","13":"tag-pl","14":"tag-poland","15":"tag-polish","16":"tag-polska","17":"tag-polski","18":"tag-rozrywka","19":"tag-screening_general"},"share_on_mastodon":{"url":"https:\/\/pubeurope.com\/@pl\/115855117963293033","error":""},"_links":{"self":[{"href":"https:\/\/www.europesays.com\/pl\/wp-json\/wp\/v2\/posts\/192236","targetHints":{"allow":["GET"]}}],"collection":[{"href":"https:\/\/www.europesays.com\/pl\/wp-json\/wp\/v2\/posts"}],"about":[{"href":"https:\/\/www.europesays.com\/pl\/wp-json\/wp\/v2\/types\/post"}],"author":[{"embeddable":true,"href":"https:\/\/www.europesays.com\/pl\/wp-json\/wp\/v2\/users\/2"}],"replies":[{"embeddable":true,"href":"https:\/\/www.europesays.com\/pl\/wp-json\/wp\/v2\/comments?post=192236"}],"version-history":[{"count":0,"href":"https:\/\/www.europesays.com\/pl\/wp-json\/wp\/v2\/posts\/192236\/revisions"}],"wp:featuredmedia":[{"embeddable":true,"href":"https:\/\/www.europesays.com\/pl\/wp-json\/wp\/v2\/media\/192237"}],"wp:attachment":[{"href":"https:\/\/www.europesays.com\/pl\/wp-json\/wp\/v2\/media?parent=192236"}],"wp:term":[{"taxonomy":"category","embeddable":true,"href":"https:\/\/www.europesays.com\/pl\/wp-json\/wp\/v2\/categories?post=192236"},{"taxonomy":"post_tag","embeddable":true,"href":"https:\/\/www.europesays.com\/pl\/wp-json\/wp\/v2\/tags?post=192236"}],"curies":[{"name":"wp","href":"https:\/\/api.w.org\/{rel}","templated":true}]}}