{"id":192267,"date":"2026-01-07T18:16:07","date_gmt":"2026-01-07T18:16:07","guid":{"rendered":"https:\/\/www.europesays.com\/pl\/192267\/"},"modified":"2026-01-07T18:16:07","modified_gmt":"2026-01-07T18:16:07","slug":"zwloki-na-dachu-szpitala-przy-ulicy-polnej-w-poznaniu-trwa-sledztwo","status":"publish","type":"post","link":"https:\/\/www.europesays.com\/pl\/192267\/","title":{"rendered":"Zw\u0142oki na dachu szpitala przy ulicy Polnej w Poznaniu. Trwa \u015bledztwo"},"content":{"rendered":"<p>Zw\u0142oki na szpitalnym dachu. Policja bada spraw\u0119<\/p>\n<p class=\"ods-c-paragraph \">Jak poinformowa\u0142o Radio Zet, w \u015brod\u0119, tu\u017c po godzinie si\u00f3dmej rano, s\u0142u\u017cby otrzyma\u0142y zg\u0142oszenie o zw\u0142okach na dachu jednego z budynk\u00f3w szpitalnych przy ulicy Polnej. Na miejscu pojawi\u0142a si\u0119 policja oraz inne s\u0142u\u017cby, kt\u00f3re zabezpieczy\u0142y teren i rozpocz\u0119\u0142y czynno\u015bci \u015bledcze.<\/p>\n<p class=\"ods-c-paragraph \">Podkomisarz \u0141ukasz Paterski z Komendy Miejskiej Policji w Poznaniu poinformowa\u0142 Radio ZET, \u017ce koroner zako\u0144czy\u0142 ju\u017c swoje dzia\u0142ania na miejscu. Wed\u0142ug oficera prasowego <a href=\"https:\/\/www.medonet.pl\/biznes-system-i-zdrowie\/zmiany-prawne-w-ochronie-zdrowia,koroner-zastapi-lekarza-przy-stwierdzaniu-zgonu--nowe-przepisy-od-2027-r-,artykul,73679867.html\" id=\"29e36d34-df69-4ec2-bb0f-68a676d8d268\" rel=\"nofollow noopener\" target=\"_blank\">koroner<\/a> wykluczy\u0142 udzia\u0142 os\u00f3b trzecich, a za przyczyn\u0119 \u015bmierci uzna\u0142 chorob\u0119.<\/p>\n<p>Dalszy ci\u0105g artyku\u0142u pod materia\u0142em wideo<\/p>\n<p> Kim by\u0142 m\u0119\u017cczyzna, kt\u00f3rego zw\u0142oki znaleziono na dachu szpitala? <\/p>\n<p> Jaka by\u0142a przyczyna \u015bmierci m\u0119\u017cczyzny? <\/p>\n<p> Co ustali\u0142a policja w sprawie okoliczno\u015bci zdarzenia? <\/p>\n<p> Jakie dzia\u0142ania prowadzi policja w zwi\u0105zku z t\u0105 spraw\u0105? <\/p>\n<p class=\"ods-c-paragraph \">Policja prowadzi dalsze post\u0119powanie, skupiaj\u0105c si\u0119 obecnie na ustaleniu, w jakich okoliczno\u015bciach m\u0119\u017cczyzna dosta\u0142 si\u0119 na dach szpitala. Oficer prasowy zaznaczy\u0142, \u017ce teraz rol\u0105 funkcjonariuszy jest wyja\u015bnienie, jak zmar\u0142y znalaz\u0142 si\u0119 w tym miejscu.<\/p>\n<p class=\"ods-c-paragraph \">Na razie policja nie ujawnia kolejnych szczeg\u00f3\u0142\u00f3w dotycz\u0105cych sprawy. Czynno\u015bci procesowe na miejscu zdarzenia wci\u0105\u017c trwaj\u0105.<\/p>\n<p> Tre\u015bci z serwisu Medonet maj\u0105 na celu polepszenie, a nie zast\u0105pienie, kontaktu pomi\u0119dzy U\u017cytkownikiem a jego lekarzem. Serwis ma charakter wy\u0142\u0105cznie informacyjno-edukacyjny. Przed zastosowaniem si\u0119 do porad z zakresu wiedzy specjalistycznej, w szczeg\u00f3lno\u015bci medycznych, zawartych w Serwisie nale\u017cy bezwzgl\u0119dnie skonsultowa\u0107 si\u0119 z lekarzem. <\/p>\n","protected":false},"excerpt":{"rendered":"Zw\u0142oki na szpitalnym dachu. Policja bada spraw\u0119 Jak poinformowa\u0142o Radio Zet, w \u015brod\u0119, tu\u017c po godzinie si\u00f3dmej rano,&hellip;\n","protected":false},"author":2,"featured_media":192268,"comment_status":"","ping_status":"","sticky":false,"template":"","format":"standard","meta":{"footnotes":"","_share_on_mastodon":"0"},"categories":[12],"tags":[32,33,36,37,27,36351,34,35,28,31,48,25,46,42,38,414,40,39,41,1817,47,29,30,37486,26],"class_list":["post-192267","post","type-post","status-publish","format-standard","has-post-thumbnail","category-polska","tag-breaking-news","tag-breakingnews","tag-featured-news","tag-featurednews","tag-headlines","tag-koroner","tag-latest-news","tag-latestnews","tag-naglowki","tag-najwazniejsze-artykuly","tag-nat_styl","tag-news","tag-omp","tag-pl","tag-poland","tag-policja","tag-polish","tag-polska","tag-polski","tag-poznan","tag-screening_general","tag-top-stories","tag-topstories","tag-uniwersytet_medyczny_w_poznaniu","tag-wiadomosci"],"share_on_mastodon":{"url":"https:\/\/pubeurope.com\/@pl\/115855188443915640","error":""},"_links":{"self":[{"href":"https:\/\/www.europesays.com\/pl\/wp-json\/wp\/v2\/posts\/192267","targetHints":{"allow":["GET"]}}],"collection":[{"href":"https:\/\/www.europesays.com\/pl\/wp-json\/wp\/v2\/posts"}],"about":[{"href":"https:\/\/www.europesays.com\/pl\/wp-json\/wp\/v2\/types\/post"}],"author":[{"embeddable":true,"href":"https:\/\/www.europesays.com\/pl\/wp-json\/wp\/v2\/users\/2"}],"replies":[{"embeddable":true,"href":"https:\/\/www.europesays.com\/pl\/wp-json\/wp\/v2\/comments?post=192267"}],"version-history":[{"count":0,"href":"https:\/\/www.europesays.com\/pl\/wp-json\/wp\/v2\/posts\/192267\/revisions"}],"wp:featuredmedia":[{"embeddable":true,"href":"https:\/\/www.europesays.com\/pl\/wp-json\/wp\/v2\/media\/192268"}],"wp:attachment":[{"href":"https:\/\/www.europesays.com\/pl\/wp-json\/wp\/v2\/media?parent=192267"}],"wp:term":[{"taxonomy":"category","embeddable":true,"href":"https:\/\/www.europesays.com\/pl\/wp-json\/wp\/v2\/categories?post=192267"},{"taxonomy":"post_tag","embeddable":true,"href":"https:\/\/www.europesays.com\/pl\/wp-json\/wp\/v2\/tags?post=192267"}],"curies":[{"name":"wp","href":"https:\/\/api.w.org\/{rel}","templated":true}]}}