{"id":192323,"date":"2026-01-07T18:47:09","date_gmt":"2026-01-07T18:47:09","guid":{"rendered":"https:\/\/www.europesays.com\/pl\/192323\/"},"modified":"2026-01-07T18:47:09","modified_gmt":"2026-01-07T18:47:09","slug":"dawno-niewidziana-olga-lipinska-pojawila-sie-w-tvp-uderzyla-w-kabarety-dosyc-prymitywne-2","status":"publish","type":"post","link":"https:\/\/www.europesays.com\/pl\/192323\/","title":{"rendered":"Dawno niewidziana Olga Lipi\u0144ska pojawi\u0142a si\u0119 w TVP. Uderzy\u0142a w kabarety: dosy\u0107 prymitywne"},"content":{"rendered":"<p class=\"ods-c-paragraph \"><a href=\"https:\/\/plejada.pl\/programy\/olga-lipinska-byla-zelazna-dama-tvp-o-jej-charakterze-kraza-legendy\/bs75yc9\" id=\"a40e8a2d-135a-43e2-9726-731b9d2d55e4\" rel=\"nofollow noopener\" target=\"_blank\">Olga Lipi\u0144ska<\/a> to wybitna re\u017cyserka teatralna i telewizyjna, scenarzystka oraz satyryczka, kt\u00f3ra zas\u0142yn\u0119\u0142a przede wszystkim jako tw\u00f3rczyni kultowego &#8222;Kabaretu Olgi Lipi\u0144skiej&#8221;, w kt\u00f3rym wyst\u0119powa\u0142 kwiat polskiego aktorstwa, na czele z <a href=\"https:\/\/plejada.pl\/temat\/jan-kobuszewski\/8fffvg0\" id=\"1bf5dfd7-df84-479e-8d6a-cc1bdbe1e14c\" rel=\"nofollow noopener\" target=\"_blank\">Janem Kobuszewskim<\/a>, <a href=\"https:\/\/plejada.pl\/temat\/wojciech-pokora\/xgz65mw\" id=\"ba8f0f63-76aa-4786-9d99-278ea8d61e47\" rel=\"nofollow noopener\" target=\"_blank\">Wojciechem Pokor\u0105<\/a>, <a href=\"https:\/\/plejada.pl\/temat\/janusz-gajos-aktor\/2kh47fz\" id=\"99d94cc1-40a6-4000-8e02-68ac96f6e288\" rel=\"nofollow noopener\" target=\"_blank\">Januszem Gajosem<\/a>, Hann\u0105 \u015aleszy\u0144sk\u0105 czy Paw\u0142em Wawrzeckim. <\/p>\n<p class=\"ods-c-paragraph \">Jej tw\u00f3rczo\u015b\u0107 przez lata opiera\u0142a si\u0119 na inteligentnej, cz\u0119sto gorzkiej satyrze spo\u0142eczno-politycznej, kt\u00f3ra na trwa\u0142e wpisa\u0142a j\u0105 w histori\u0119 polskiej rozrywki. Olga Lipi\u0144ska za kilka miesi\u0119cy b\u0119dzie \u015bwi\u0119towa\u0107 87. urodziny. Jej charakterystyczny styl, wysmakowany humor i wyrazisty wizerunek \u2013 z rozpoznawalnymi okularami o geometrycznym kszta\u0142cie \u2013 do dzi\u015b budz\u0105 emocje.<\/p>\n<p>Dalszy ci\u0105g artyku\u0142u pod materia\u0142em wideo<\/p>\n<p> Kiedy Olga Lipi\u0144ska obchodzi swoje 87. urodziny? <\/p>\n<p> W jakim programie wyst\u0105pi\u0142a Olga Lipi\u0144ska? <\/p>\n<p> Jakie mia\u0142a trudno\u015bci w m\u0142odo\u015bci? <\/p>\n<p> Co powiedzia\u0142a Olga Lipi\u0144ska o obecnych kabaretach? <\/p>\n<p>  Olga Lipi\u0144ska nied\u0142ugo sko\u0144czy 87 lat. Tak teraz wygl\u0105da gwiazda polskiego kabaretu. &#8222;Robi\u0142am, co chcia\u0142am&#8221;<\/p>\n<p class=\"ods-c-paragraph \">W ubieg\u0142\u0105 niedziel\u0119 Olga Lipi\u0144ska pojawi\u0142a si\u0119 jako go\u015b\u0107 specjalny programu &#8222;Kwiatki polskie&#8221; na antenie TVP Info. Rozmow\u0119 poprowadzili Miros\u0142aw Oczko\u015b i Magdalena Kasperowicz. Ju\u017c na pocz\u0105tku pad\u0142o odwa\u017cne okre\u015blenie, gdy prowadz\u0105ca nazwa\u0142a Olg\u0119 Lipi\u0144sk\u0105 &#8222;Kr\u00f3low\u0105 Telewizji Polskiej&#8221;. Reakcja artystki by\u0142a b\u0142yskawiczna i pe\u0142na humoru:<\/p>\n<blockquote class=\"ods-o-quota\">\n<p class=\"ods-o-quota__paragraph\">Prosz\u0119 tak mnie nie tytu\u0142owa\u0107, bo pani sobie jeszcze dodatkowych wrog\u00f3w narobi <\/p>\n<\/blockquote>\n<p class=\"ods-c-paragraph \">\u2014 \u015bmia\u0142a si\u0119 Olga Lipi\u0144ska.<\/p>\n<p><img decoding=\"async\" src=\"https:\/\/www.europesays.com\/pl\/wp-content\/uploads\/2026\/01\/ArSk9lBaHR0cHM6Ly9vY2RuLmV1L3B1bHNjbXMvTURBXy9kN2EyYTBlNzlmMmFjOTBmZTg1OWFlMDcyMTZjNzUxMS5wbmeRlQLNB.jpeg\" height=\"482\" width=\"940\" alt=\"Olga Lipi\u0144ska w programie &quot;Kwiatki polskie&quot;\" loading=\"lazy\" class=\"ods-c-image__img ods-c-image__img--viewport-width\"\/><\/p>\n<p>Olga Lipi\u0144ska w programie &#8222;Kwiatki polskie&#8221;kadr: vod.tvp.pl<\/p>\n<p class=\"ods-c-paragraph \">W trakcie rozmowy wr\u00f3ci\u0142a wspomnieniami do m\u0142odo\u015bci i trudnych czas\u00f3w po wojnie. M\u00f3wi\u0142a szczerze o tym, jak kszta\u0142towa\u0142o j\u0105 \u017cycie:<\/p>\n<blockquote class=\"ods-o-quota\">\n<p class=\"ods-o-quota__paragraph\">Musz\u0119 powiedzie\u0107, \u017ce uda\u0142o mi si\u0119 w \u017cyciu, \u017ce w wi\u0119kszo\u015bci \u2013 \u017ceby to nie zabrzmia\u0142o \u017ale \u2013 obu\u0142am, co chcia\u0142am. To znaczy, nie by\u0142am &#8222;\u0142amana&#8221; specjalnie. Rozwija\u0142am si\u0119 tak jak wszyscy, Bo\u017ce drogi. Wiadomo, jak by\u0142o w kraju po wojnie. Bywa\u0142o r\u00f3\u017cnie. W m\u0142odo\u015bci mia\u0142am troszeczk\u0119 k\u0142opot\u00f3w, poniewa\u017c lubi\u0142am kolorowe sp\u00f3dnice i je\u017adzi\u0142am na ciuchy, i kupowa\u0142am sobie r\u00f3\u017cne kolorowe szmatki, kt\u00f3rych po wojnie u nas nie by\u0142o. <\/p>\n<\/blockquote>\n<p class=\"ods-c-paragraph \">\u2014 By\u0142y dosy\u0107 smutne szaro\u015bci. W zwi\u0105zku z tym mia\u0142am k\u0142opoty, tak zwane ideologiczne. Nazywano mnie &#8222;bikiniar\u0105&#8221;. Wtedy by\u0142o modne s\u0142owo &#8222;bikiniarz&#8221;. To byli ch\u0142opcy, kt\u00f3rzy chcieli by\u0107 modni. My\u015bmy wszyscy chcieli by\u0107 modni, ale wtedy jako\u015b tak nie by\u0142o to dobrze widziane \u2014 powiedzia\u0142a z u\u015bmiechem Olga Lipi\u0144ska.<\/p>\n<p> Olga Lipi\u0144ska o polskich kabaretach. &#8222;Dosy\u0107 prymitywne uderzenie&#8221;<\/p>\n<p class=\"ods-c-paragraph \">Nie zabrak\u0142o te\u017c rozmowy o satyrze \u2013 dziedzinie, w kt\u00f3rej Olga Lipi\u0144ska od lat pozostaje autorytetem. Zapytana o jej si\u0142\u0119 i wp\u0142yw na spo\u0142ecze\u0144stwo, nie mia\u0142a w\u0105tpliwo\u015bci:<\/p>\n<blockquote class=\"ods-o-quota\">\n<p class=\"ods-o-quota__paragraph\">Oczywi\u015bcie! Wiadomo, nie chc\u0119 m\u00f3wi\u0107 bana\u0142\u00f3w, \u017ce satyra i o\u015bmieszenie to jest wielka bro\u0144. To mo\u017ce by\u0107 bardzo bolesne i okrutne. Trzeba te\u017c uwa\u017ca\u0107. (&#8230;) Czasami patrz\u0119 nie tyle na programy, co chodz\u0119 i widz\u0119 gdzie\u015b, \u017ce kto\u015b robi jaki\u015b wyst\u0119p, kabaret i strasznie si\u0119 stara szpil\u0119 wsadzi\u0107, ale ta szpila to jest w\u0142a\u015bciwie takie dosy\u0107 prymitywne uderzenie<\/p>\n<\/blockquote>\n<p class=\"ods-c-paragraph \"> \u2014 stwierdzi\u0142a w swoim stylu Olga Lipi\u0144ska.<\/p>\n<p class=\"ods-c-paragraph \">Dzi\u0119kujemy, \u017ce przeczyta\u0142a\u015b\/e\u015b nasz artyku\u0142 do ko\u0144ca. W serwisie Plejada.pl ka\u017cdego dnia piszemy o najwa\u017cniejszych wydarzeniach show-biznesowych. B\u0105d\u017a na bie\u017c\u0105co! <a rel=\"nofollow noopener\" href=\"https:\/\/profile.google.com\/cp\/Cg0vZy8xMWJ6X19wdHBx\" id=\"51123590-1dd9-449e-a9a0-097b1f373530\" target=\"_blank\">Obserwuj<\/a> Plejad\u0119 w Google. Odwied\u017a nas tak\u017ce na <a rel=\"nofollow noopener\" href=\"https:\/\/www.facebook.com\/plejadapl\" id=\"2878e554-b700-4a9a-ac25-3da7c0f179e9\" target=\"_blank\">Facebooku<\/a>, <a rel=\"nofollow noopener\" href=\"https:\/\/www.instagram.com\/plejadapl\/\" id=\"1a2bd644-19b7-45e6-b3d9-8f72344bc874\" target=\"_blank\">Instagramie<\/a>, <a rel=\"nofollow noopener\" href=\"https:\/\/www.youtube.com\/c\/plejada\" id=\"73719b8f-9c12-4509-af12-17ae1ff6cff7\" target=\"_blank\">YouTubie<\/a> oraz <a rel=\"nofollow noopener\" href=\"https:\/\/www.tiktok.com\/@plejada_pl\" id=\"abb5135b-5c23-4a41-a20b-e1a9a6d57be3\" target=\"_blank\">TikToku<\/a>.<\/p>\n<p class=\"ods-c-paragraph \">Chcesz podzieli\u0107 si\u0119 ciekawym newsem lub zaproponowa\u0107 temat? Skontaktuj si\u0119 z nami, pisz\u0105c maila na adres: <a rel=\"nofollow noopener\" href=\"https:\/\/plejada.pl\/newsy\/dawno-niewidziana-olga-lipinska-pojawila-sie-w-tvp-uderzyla-w-kabarety-dosyc\/mailto:plejada@redakcjaonet.pl\" id=\"dc62f4b6-303b-4ad9-9e3b-6d2e80add5c3\" target=\"_blank\">plejada@redakcjaon<\/a><a href=\"https:\/\/et.pl\" id=\"0b3fbf48-e80c-4bf9-ab6a-09e228422545\" rel=\"nofollow noopener\" target=\"_blank\">et.pl<\/a>.<\/p>\n<p><script async src=\"\/\/www.instagram.com\/embed.js\"><\/script><script async src=\"\/\/www.tiktok.com\/embed.js\"><\/script><\/p>\n","protected":false},"excerpt":{"rendered":"Olga Lipi\u0144ska to wybitna re\u017cyserka teatralna i telewizyjna, scenarzystka oraz satyryczka, kt\u00f3ra zas\u0142yn\u0119\u0142a przede wszystkim jako tw\u00f3rczyni kultowego&hellip;\n","protected":false},"author":2,"featured_media":192324,"comment_status":"","ping_status":"","sticky":false,"template":"","format":"standard","meta":{"footnotes":""},"categories":[22],"tags":[122,16859,48,125,37488,46,42,38,40,39,41,123,47,506],"class_list":{"0":"post-192323","1":"post","2":"type-post","3":"status-publish","4":"format-standard","5":"has-post-thumbnail","7":"category-rozrywka","8":"tag-entertainment","9":"tag-kwiatki_polskie","10":"tag-nat_styl","11":"tag-newsy","12":"tag-olga_lipinska","13":"tag-omp","14":"tag-pl","15":"tag-poland","16":"tag-polish","17":"tag-polska","18":"tag-polski","19":"tag-rozrywka","20":"tag-screening_general","21":"tag-tvp"},"share_on_mastodon":{"url":"https:\/\/pubeurope.com\/@pl\/115855310408683370","error":""},"_links":{"self":[{"href":"https:\/\/www.europesays.com\/pl\/wp-json\/wp\/v2\/posts\/192323","targetHints":{"allow":["GET"]}}],"collection":[{"href":"https:\/\/www.europesays.com\/pl\/wp-json\/wp\/v2\/posts"}],"about":[{"href":"https:\/\/www.europesays.com\/pl\/wp-json\/wp\/v2\/types\/post"}],"author":[{"embeddable":true,"href":"https:\/\/www.europesays.com\/pl\/wp-json\/wp\/v2\/users\/2"}],"replies":[{"embeddable":true,"href":"https:\/\/www.europesays.com\/pl\/wp-json\/wp\/v2\/comments?post=192323"}],"version-history":[{"count":0,"href":"https:\/\/www.europesays.com\/pl\/wp-json\/wp\/v2\/posts\/192323\/revisions"}],"wp:featuredmedia":[{"embeddable":true,"href":"https:\/\/www.europesays.com\/pl\/wp-json\/wp\/v2\/media\/192324"}],"wp:attachment":[{"href":"https:\/\/www.europesays.com\/pl\/wp-json\/wp\/v2\/media?parent=192323"}],"wp:term":[{"taxonomy":"category","embeddable":true,"href":"https:\/\/www.europesays.com\/pl\/wp-json\/wp\/v2\/categories?post=192323"},{"taxonomy":"post_tag","embeddable":true,"href":"https:\/\/www.europesays.com\/pl\/wp-json\/wp\/v2\/tags?post=192323"}],"curies":[{"name":"wp","href":"https:\/\/api.w.org\/{rel}","templated":true}]}}