{"id":192343,"date":"2026-01-07T18:59:09","date_gmt":"2026-01-07T18:59:09","guid":{"rendered":"https:\/\/www.europesays.com\/pl\/192343\/"},"modified":"2026-01-07T18:59:09","modified_gmt":"2026-01-07T18:59:09","slug":"mamy-glos-ws-kadry-skoczkow-na-igrzyska-prosto-z-pzn-dwoch-przegranych","status":"publish","type":"post","link":"https:\/\/www.europesays.com\/pl\/192343\/","title":{"rendered":"Mamy g\u0142os ws. kadry skoczk\u00f3w na igrzyska. Prosto z PZN. Dw\u00f3ch przegranych"},"content":{"rendered":"<p class=\"Paragraph_desktopParagraph__Fd2e9\">Po przeci\u0119tnym Turnieju Czterech Skoczni polscy skoczkowie przygotowuj\u0105 si\u0119 do weekendu w Zakopanem. B\u0119dzie to ju\u017c jeden z ostatnich przystank\u00f3w przed igrzyskami, kt\u00f3re startuj\u0105 6 lutego. Wyniki TCS, ale te\u017c aktualn\u0105 form\u0119 polskich skoczk\u00f3w, komentuje w rozmowie z nami Rafa\u0142 Kot.<\/p>\n<p class=\"VideoPlayerText_videoPlayerText__zrtJk\">Dalszy ci\u0105g materia\u0142u pod wideo<\/p>\n<p>W\u0142adze PZN wci\u0105\u017c daj\u0105 woln\u0105 r\u0119k\u0119 Maciusiakowi<\/p>\n<p class=\"Paragraph_desktopParagraph__Fd2e9\">Jan Juszczuk, Przegl\u0105d Sportowy Onet: Do igrzysk pozosta\u0142 nieca\u0142y miesi\u0105c. Czy po Turnieju Czterech Skoczni wyklarowa\u0142a si\u0119 ju\u017c ta tr\u00f3jka, kt\u00f3ra pojedzie do W\u0142och reprezentowa\u0107 Polsk\u0119?<\/p>\n<p class=\"Paragraph_desktopParagraph__Fd2e9\">Rafa\u0142 Kot: Dla jednych si\u0119 wyklarowa\u0142a, dla niekt\u00f3rych mo\u017ce nie do ko\u0144ca. Natomiast jest to suwerenna decyzja trenera Macieja Maciusiaka i jego sztabu. My jako zarz\u0105d Polskiego Zwi\u0105zku Narciarskiego nie chcemy w to ingerowa\u0107. On za to odpowiada i on b\u0119dzie za to rozliczany po ca\u0142ym tym okresie zimowym, czyli b\u0119dzie odpowiada\u0142 za wyniki na igrzyskach olimpijskich, ale te\u017c za ca\u0142okszta\u0142t. Zawsze mamy tak\u0105 zasad\u0119, \u017ceby nie wchodzi\u0107 w buty trenera.<\/p>\n<p class=\"Paragraph_desktopParagraph__Fd2e9\">Oczywi\u015bcie, wielu kibic\u00f3w i ekspert\u00f3w twierdzi, \u017ce ta tr\u00f3jka na igrzyska ju\u017c si\u0119 wyklarowa\u0142a i powinna mie\u0107 bardziej spokojne treningi i przygotowania ze \u015bwiadomo\u015bci\u0105, \u017ce ten wyjazd maj\u0105 ju\u017c zapewniony. Ale s\u0105 te\u017c jeszcze tacy, kt\u00f3rzy licz\u0105 na to, \u017ce jeszcze mo\u017ce co\u015b si\u0119 wydarzy i kto\u015b niespodziewanie wyskoczy z form\u0105. Niemniej jednak jeste\u015bmy ju\u017c na p\u00f3\u0142metku sezonu, a niestety wci\u0105\u017c jest marazm w naszych skokach. Nie takich wynik\u00f3w oczekiwali sami zawodnicy, ale te\u017c sztab trenerski. R\u00f3wnie\u017c my jako zarz\u0105d Polskiego Zwi\u0105zku Narciarskiego, a co najwa\u017cniejsze \u2014 kibice i media.<\/p>\n<p><img decoding=\"async\" src=\"https:\/\/www.europesays.com\/pl\/wp-content\/uploads\/2026\/01\/szkoleniowiec-reprezentacji-polski-maciej-maciusiak.jpeg\" alt=\"Szkoleniowiec reprezentacji Polski Maciej Maciusiak\" width=\"944\" height=\"1419\" loading=\"lazy\" class=\"\" \/>Szkoleniowiec reprezentacji Polski Maciej Maciusiak (Foto: PAP\/Grzegorz Momot)<\/p>\n<p class=\"Paragraph_desktopParagraph__Fd2e9\">Doprecyzujmy, \u017ce chodzi o Kacpra Tomasiaka, Kamila Stocha oraz o Macieja Kota. Pytanie, sk\u0105d wzi\u0119\u0142o si\u0119 to odrodzenie Macieja, bo przecie\u017c ostatnie kilka lat to by\u0142 dla niego bardzo z\u0142y okres. <\/p>\n<p class=\"Paragraph_desktopParagraph__Fd2e9\">Maciek podczas kt\u00f3rego\u015b z ostatnich wywiad\u00f3w powiedzia\u0142, \u017ce podstaw\u0105 jego, \u017ce tak powiem odrodzenia, cho\u0107 nazwijmy to po prostu podstaw\u0105 lepszych skok\u00f3w jest to, \u017ce przez te lata niepowodze\u0144 sta\u0142 si\u0119 grubosk\u00f3rny. Niepowodzenia nie powodowa\u0142y u niego rezygnacji. One go wr\u0119cz mobilizowa\u0142y. Praca z psychologiem, praca nad sob\u0105 oraz tytaniczne treningi \u2014 to wszystko w ko\u0144cu przynios\u0142o dobre wyniki.<\/p>\n<p><img decoding=\"async\" src=\"https:\/\/www.europesays.com\/pl\/wp-content\/uploads\/2026\/01\/1767812349_510_maciej-kot.jpeg\" alt=\"Maciej Kot\" width=\"944\" height=\"630\" loading=\"lazy\" class=\"\" \/>Maciej Kot (Foto: PAP\/Grzegorz Momot)Rafa\u0142 Kot apeluje, by nie dzieli\u0107 kadry<\/p>\n<p class=\"Paragraph_desktopParagraph__Fd2e9\">Podczas Turnieju Czterech Skoczni wyklarowa\u0142o si\u0119 to, \u017ce jednak ci zawodnicy, kt\u00f3rzy nie przygotowywali si\u0119 pod okiem trenera Maciusiaka do tego sezonu, radz\u0105 sobie zdecydowanie lepiej od tych, kt\u00f3rzy przygotowywali si\u0119 r\u00f3wnie\u017c z innymi trenerami. Szczeg\u00f3lnie Pawe\u0142 W\u0105sek zaliczy\u0142 spory regres wzgl\u0119dem poprzedniego sezonu. Faktycznie co\u015b jest na rzeczy?<\/p>\n<p class=\"Paragraph_desktopParagraph__Fd2e9\">Takie dywagacje nie przynosz\u0105 dobrych rezultat\u00f3w. Ka\u017cdy mo\u017ce sobie to interpretowa\u0107 po swojemu na postawie tego, co widzi. Natomiast trener Maciusiak w rozmowie z mediami wyra\u017anie powiedzia\u0142, \u017ce bardzo prosi, \u017ceby nie dzieli\u0107 kadry na &#8222;jego zawodnik\u00f3w&#8221; i &#8222;nie jego zawodnik\u00f3w&#8221;, bo wszyscy wsp\u00f3\u0142pracuj\u0105 razem. Wszyscy razem si\u0119 przygotowywali. Zar\u00f3wno Dolezal ze Stochem brali udzia\u0142 w przygotowaniach z kadr\u0105 Maciusiaka, jak i zawodnicy Wojtka Topora. Sta\u0142o si\u0119, jak si\u0119 sta\u0142o. Natomiast trener Maciusiak powiedzia\u0142 wyra\u017anie, \u017ce to nie sprzyja niczemu dobremu, takie wy\u0142awianie poszczeg\u00f3lnych zawodnik\u00f3w i m\u00f3wienie, kt\u00f3rzy s\u0105 z kadry, a kt\u00f3rzy s\u0105 spoza. Dlatego ja si\u0119 do tego stosuj\u0119. Powiem szczerze, \u017ce trener Maciusiak jest w bardzo trudnej sytuacji, bo nie takich wynik\u00f3w od niego wszyscy oczekiwali. On zreszt\u0105 te\u017c narzuci\u0142 sobie pewien re\u017cim wynikowy, jaki powinien osi\u0105gn\u0105\u0107. Nie zazdroszcz\u0119 mu i nie b\u0119d\u0119 tutaj absolutnie tym, kt\u00f3ry b\u0119dzie chcia\u0142 mu jeszcze do\u0142o\u017cy\u0107.<\/p>\n<p>Oni przegrali Turniej Czterech Skoczni<\/p>\n<p class=\"Paragraph_desktopParagraph__Fd2e9\">Kt\u00f3ry z zawodnik\u00f3w przegra\u0142 pa\u0144skim zdaniem Turniej Czterech Skoczni? W oczach samego trenera, ale i te\u017c w oczach w\u0142adz.<\/p>\n<p class=\"Paragraph_desktopParagraph__Fd2e9\">Przede wszystkim Piotrek \u017by\u0142a. Skaka\u0142 zaskakuj\u0105co s\u0142abo. Turnieju do udanych nie mo\u017ce te\u017c zaliczy\u0107 Pawe\u0142 W\u0105sek, kt\u00f3ry po zesz\u0142ym sezonie kojarzy\u0142 nam si\u0119 z wiod\u0105cym zawodnikiem pierwszej kadry. Wczoraj zmrozi\u0142o mnie, gdy s\u0142ucha\u0142em jego wywiadu, podczas kt\u00f3rego powiedzia\u0142, \u017ce jest zdruzgotany i nie wie, co jest grane. Tak \u017ce te dwa nazwiska \u2014 na pewno Piotrek i na pewno Pawe\u0142.<\/p>\n<p class=\"Paragraph_desktopParagraph__Fd2e9\">Ma pan ju\u017c wiedz\u0119, jak b\u0119d\u0105 wygl\u0105da\u0142y najbli\u017csze tygodnie? Trener postawi na spok\u00f3j czy jednak b\u0119dzie chcia\u0142 jeszcze czego\u015b szuka\u0107 i kombinowa\u0107? <\/p>\n<p class=\"Paragraph_desktopParagraph__Fd2e9\">To jest tak, \u017ce jakby wszystko by\u0142o dobrze, to nie trzeba by by\u0142o dalej szuka\u0107 i nie trzeba by by\u0142o kombinowa\u0107. Natomiast teraz to jest ci\u0119\u017cki orzech do zgryzienia, bo nie ma ju\u017c czasu, by nadrobi\u0107 niekt\u00f3re rzeczy czy spr\u00f3bowa\u0107 czego\u015b innego. Ale powtarzam, s\u0105 to suwerenne decyzje trenera Maciusiaka. Teraz trener musi zdecydowa\u0107, czy po Zakopanem ustalamy sk\u0142ad trzech zawodnik\u00f3w na igrzyska i wy\u0142\u0105czamy ich np. z morderczego wyjazdu do Japonii, czy lec\u0105 tam wszyscy i jeszcze tam walcz\u0105 o sk\u0142ad na ZIO.<\/p>\n<p><img decoding=\"async\" src=\"https:\/\/www.europesays.com\/pl\/wp-content\/uploads\/2026\/01\/kamil-stoch.jpeg\" alt=\"Kamil Stoch\" width=\"944\" height=\"630\" loading=\"lazy\" class=\"\" \/>Kamil Stoch (Foto: PAP\/Grzegorz Momot)<\/p>\n<p class=\"Paragraph_desktopParagraph__Fd2e9\">Pami\u0119tajmy, \u017ce mamy w tym roku jeszcze mistrzostwa \u015bwiata w lotach. I tutaj absolutnie uwa\u017cam, \u017ce jednym z naszych najmocniejszych punkt\u00f3w i to nawet z szansami na medal, nie boj\u0119 si\u0119 tego powiedzie\u0107, jest Piotrek \u017by\u0142a. I niech on si\u0119 na tym teraz skupi, \u017ceby wr\u00f3ci\u0107 do dobrego skakania i z przytupem pokaza\u0107 si\u0119 na M\u015a w lotach. Jedynym powtarzalnym zawodnikiem jest teraz Kacper Tomasiak, a pami\u0119tajmy, \u017ce to jest debiutant w Pucharze \u015awiata, debiutant w Turnieju Czterech Skoczni i teraz pewnie b\u0119dzie debiutantem na igrzyskach olimpijskich.<\/p>\n<p class=\"Paragraph_desktopParagraph__Fd2e9\">Jaka teraz panuje atmosfera w kadrze i jaka panowa\u0142a podczas Turnieju Czterech Skoczni? W poprzednim sezonie m\u00f3wi\u0142o si\u0119 o tym, \u017ce s\u0105 zawodnicy podzieleni na zwolennik\u00f3w i przeciwnik\u00f3w by\u0142ego ju\u017c trenera Thomasa Thurnbichlera. Jak to aktualnie wygl\u0105da? <\/p>\n<p class=\"Paragraph_desktopParagraph__Fd2e9\">My\u015bl\u0119, \u017ce w grupie jest teraz du\u017ca koncentracja. Ka\u017cdy by chcia\u0142 jecha\u0107 na te igrzyska. Tam jedzie si\u0119 po medal, a nie po to, \u017ceby wej\u015b\u0107 do &#8222;50&#8221;. Natomiast jaka teraz jest atmosfera i jaka panowa\u0142a podczas Turnieju Czterech Skoczni, tego jeszcze nie wiem. Na miejscu mia\u0142 by\u0107 prezes Adam Ma\u0142ysz i pewnie od niego czego\u015b si\u0119 dowiem. Wszyscy wr\u00f3cili z Austrii dopiero dzisiaj nad ranem. Na pewno w dobrym humorze jest ta wspomniana tr\u00f3jka. Nauczyli\u015bmy si\u0119 cieszy\u0107 z ma\u0142ych rzeczy. Na pewno my i sam Kamil Stoch b\u0119dziemy mi\u0142o wspomina\u0107 jego po\u017cegnanie z Turnieju Czterech Skoczni, kt\u00f3re przygotowali mu organizatorzy.<\/p>\n","protected":false},"excerpt":{"rendered":"Po przeci\u0119tnym Turnieju Czterech Skoczni polscy skoczkowie przygotowuj\u0105 si\u0119 do weekendu w Zakopanem. B\u0119dzie to ju\u017c jeden z&hellip;\n","protected":false},"author":2,"featured_media":192344,"comment_status":"","ping_status":"","sticky":false,"template":"","format":"standard","meta":{"footnotes":""},"categories":[5],"tags":[32,33,36,37,27,2399,67,3515,34,35,28,31,25,11744,42,38,40,39,41,136,128,47,1874,135,29,30,26,130],"class_list":{"0":"post-192343","1":"post","2":"type-post","3":"status-publish","4":"format-standard","5":"has-post-thumbnail","7":"category-naglowki","8":"tag-breaking-news","9":"tag-breakingnews","10":"tag-featured-news","11":"tag-featurednews","12":"tag-headlines","13":"tag-igrzyska_olimpijskie","14":"tag-intextvideo_splayer","15":"tag-kamil_stoch","16":"tag-latest-news","17":"tag-latestnews","18":"tag-naglowki","19":"tag-najwazniejsze-artykuly","20":"tag-news","21":"tag-ogor","22":"tag-pl","23":"tag-poland","24":"tag-polish","25":"tag-polska","26":"tag-polski","27":"tag-ps_detal_new","28":"tag-psv2","29":"tag-screening_general","30":"tag-skoki_narciarskie","31":"tag-sport_sport","32":"tag-top-stories","33":"tag-topstories","34":"tag-wiadomosci","35":"tag-wiadomosci_sportowe"},"share_on_mastodon":{"url":"https:\/\/pubeurope.com\/@pl\/115855357654178296","error":""},"_links":{"self":[{"href":"https:\/\/www.europesays.com\/pl\/wp-json\/wp\/v2\/posts\/192343","targetHints":{"allow":["GET"]}}],"collection":[{"href":"https:\/\/www.europesays.com\/pl\/wp-json\/wp\/v2\/posts"}],"about":[{"href":"https:\/\/www.europesays.com\/pl\/wp-json\/wp\/v2\/types\/post"}],"author":[{"embeddable":true,"href":"https:\/\/www.europesays.com\/pl\/wp-json\/wp\/v2\/users\/2"}],"replies":[{"embeddable":true,"href":"https:\/\/www.europesays.com\/pl\/wp-json\/wp\/v2\/comments?post=192343"}],"version-history":[{"count":0,"href":"https:\/\/www.europesays.com\/pl\/wp-json\/wp\/v2\/posts\/192343\/revisions"}],"wp:featuredmedia":[{"embeddable":true,"href":"https:\/\/www.europesays.com\/pl\/wp-json\/wp\/v2\/media\/192344"}],"wp:attachment":[{"href":"https:\/\/www.europesays.com\/pl\/wp-json\/wp\/v2\/media?parent=192343"}],"wp:term":[{"taxonomy":"category","embeddable":true,"href":"https:\/\/www.europesays.com\/pl\/wp-json\/wp\/v2\/categories?post=192343"},{"taxonomy":"post_tag","embeddable":true,"href":"https:\/\/www.europesays.com\/pl\/wp-json\/wp\/v2\/tags?post=192343"}],"curies":[{"name":"wp","href":"https:\/\/api.w.org\/{rel}","templated":true}]}}