{"id":192351,"date":"2026-01-07T19:04:13","date_gmt":"2026-01-07T19:04:13","guid":{"rendered":"https:\/\/www.europesays.com\/pl\/192351\/"},"modified":"2026-01-07T19:04:13","modified_gmt":"2026-01-07T19:04:13","slug":"leon-xiv-jubileusz-przypomina-ze-pan-chce-byc-bogiem-z-nami","status":"publish","type":"post","link":"https:\/\/www.europesays.com\/pl\/192351\/","title":{"rendered":"Leon XIV: Jubileusz przypomina, \u017ce Pan chce by\u0107 Bogiem z nami"},"content":{"rendered":"<p>Tak, B\u00f3g poddaje w w\u0105tpliwo\u015b\u0107 istniej\u0105cy porz\u0105dek: ma marzenia, kt\u00f3rymi inspiruje swoich prorok\u00f3w r\u00f3wnie\u017c dzisiaj; stanowczo pragnie wybawi\u0107 nas od dawnych i nowych form zniewolenia; w swoje dzie\u0142a mi\u0142osierdzia, w cuda swojej sprawiedliwo\u015bci anga\u017cuje m\u0142odych i starszych, ubogich i bogatych, m\u0119\u017cczyzn i kobiety, \u015bwi\u0119tych i grzesznik\u00f3w &#8211; wskaza\u0142 Papie\u017c w homilii podczas Mszy \u015bw. w uroczysto\u015b\u0107 Objawienia Pa\u0144skiego.<\/p>\n<p>ks. Marek Weresa \u2013 Watykan<\/p>\n<p>Liturgia rozpocz\u0119\u0142a si\u0119 od zamkni\u0119cia Drzwi \u015awi\u0119tych w Bazylice Watyka\u0144skiej co stanowi\u0142o zako\u0144czenie Roku Jubileuszowego 2025.<\/p>\n<p>Pocz\u0105tek nadziei<\/p>\n<p>\u201e\u015awi\u0119tujemy dzi\u015b Objawienie Pana, \u015bwiadomi, \u017ce w Jego obecno\u015bci nic nie pozostaje takie samo, jak wcze\u015bniej\u201d &#8211; powiedzia\u0142 Leon XIV. Tajemnica Bo\u017cego Objawienia powoduje, \u017ce nic nie mo\u017ce trwa\u0107 niezmiennie; to pocz\u0105tek, od kt\u00f3rego zale\u017c\u0105 tera\u017aniejszo\u015b\u0107 i przysz\u0142o\u015b\u0107.<\/p>\n<p>Papie\u017c doda\u0142, \u017ce zeskakuj\u0105cym jest fakt, \u017ce poruszona zostaje w\u0142a\u015bnie Jerozolima \u2013 miasto, kt\u00f3re jest \u015bwiadkiem tak wielu \u201enowych pocz\u0105tk\u00f3w\u201d, a jednocze\u015bnie jest \u201eprzera\u017cone tymi, kt\u00f3rzy \u2013 poruszeni nadziej\u0105 \u2013 przybywaj\u0105 do niego z daleka, przera\u017cone do tego stopnia, \u017ce postrzega jako zagro\u017cenie to, co powinno mu sprawia\u0107 wielk\u0105 rado\u015b\u0107\u201d.<\/p>\n<p>Homo viator<\/p>\n<p>Leon XIV zaznaczy\u0142, \u017ce Drzwi \u015awi\u0119te \u2013 kt\u00f3re dzi\u015b zosta\u0142y zamkni\u0119te w Bazylice Watyka\u0144skiej \u2013 by\u0142y \u015bwiadkiem przybywaj\u0105cych niezliczonych m\u0119\u017cczyzn i kobiet \u2013 \u201epielgrzym\u00f3w nadziei\u201d, kt\u00f3rzy zmierzaj\u0105 do \u201eMiasta o bramach zawsze otwartych, do nowego Jeruzalem\u201d. Ojciec \u015awi\u0119ty doda\u0142, \u017ce \u201eM\u0119drcy nadal istniej\u0105. S\u0105 to osoby, z kt\u00f3rych ka\u017cda podejmuje wyzwanie zaryzykowania swej podr\u00f3\u017cy, kt\u00f3re w naszym niespokojnym \u015bwiecie, pod wieloma wzgl\u0119dami odpychaj\u0105cym i niebezpiecznym, odczuwaj\u0105 potrzeb\u0119 wyruszenia w drog\u0119, poszukiwania\u201d.<\/p>\n<p>\u201eJeste\u015bmy \u017cyciem w drodze. Ewangelia zobowi\u0105zuje Ko\u015bci\u00f3\u0142, aby nie ba\u0142 si\u0119 tej dynamiki, ale aby j\u0105 docenia\u0142 i kierowa\u0142 ku Bogu, kt\u00f3ry j\u0105 pobudza. Jest to B\u00f3g, kt\u00f3ry mo\u017ce nas niepokoi\u0107, poniewa\u017c nie pozostaje w naszych r\u0119kach nieruchomo, jak srebrne i z\u0142ote bo\u017cki: jest natomiast \u017cywy i o\u017cywiaj\u0105cy, jak to Dzieci\u0119, kt\u00f3re Maryja trzyma\u0142a w swoich ramionach, a M\u0119drcy oddali Mu pok\u0142on\u201d &#8211; wskaza\u0142 Ojciec \u015awi\u0119ty. Papie\u017c doda\u0142 tak\u017ce, \u017ce miejsca \u015bwi\u0119te \u2013 katedry, bazyliki, sanktuaria \u2013 kt\u00f3re by\u0142y celem pielgrzymek w minionym roku, \u201emusz\u0105 upowszechnia\u0107 wo\u0144 \u017cycia, niezatarte wra\u017cenie, \u017ce rozpocz\u0105\u0142 si\u0119 inny \u015bwiat\u201d.<\/p>\n<p>Uciec od wydajno\u015bci, kt\u00f3ra sprowadza wszystko do produktu<\/p>\n<p>\u201eIle\u017c objawie\u0144 zosta\u0142o nam danych lub wkr\u00f3tce zostanie nam dane! Trzeba je jednak odebra\u0107 zamys\u0142om Heroda, l\u0119kom, kt\u00f3re zawsze mog\u0105 przerodzi\u0107 si\u0119 w agresj\u0119\u201d &#8211; powiedzia\u0142 Ojciec \u015awi\u0119ty. Nawi\u0105zuj\u0105c do fragmentu Ewangelii \u015bw. Mateusza (Mt 11, 12), Papie\u017c wskaza\u0142 na wiele konflikt\u00f3w, kt\u00f3re powoduj\u0105, \u017ce ludzie opieraj\u0105 si\u0119, a nawet atakuj\u0105 \u201eNowo\u015b\u0107, kt\u00f3r\u0105 B\u00f3g przygotowa\u0142 dla wszystkich\u201d. Leon XIV doda\u0142: \u201eMi\u0142owa\u0107 pok\u00f3j, d\u0105\u017cy\u0107 do pokoju oznacza chroni\u0107 to, co \u015bwi\u0119te, a w\u0142a\u015bnie dlatego ono si\u0119 rodzi: ma\u0142e, delikatne, kruche jak dziecko. Wok\u00f3\u0142 nas wypaczona gospodarka pr\u00f3buje czerpa\u0107 zyski ze wszystkiego. Widzimy to: rynek zamienia w biznes nawet ludzkie pragnienie poszukiwania, podr\u00f3\u017cowania, zaczynania od nowa\u201d.<\/p>\n<p>By\u0107 pokoleniem jutrzenki<\/p>\n<p>To jak Jezus spotyka\u0142 wszystkich i pozwala\u0142 si\u0119 wszystkim zbli\u017cy\u0107 stanowi lekcj\u0119, aby docenia\u0107 tajemnic\u0119 serca, kt\u00f3r\u0105 tylko B\u00f3g potrafi odczyta\u0107. Nowonarodzony Jezus, kt\u00f3rego adoruj\u0105 M\u0119drcy jest \u201eDobrem bezcennym i bez miary; Objawieniem bezinteresowno\u015bci\u201d.<\/p>\n<p>Na zako\u0144czenie Papie\u017c zaakcentowa\u0142, \u017ce bycie pielgrzymem nadziei jest czym\u015b pi\u0119knym. \u201eWierno\u015b\u0107 Boga jeszcze nas zadziwi\u201d &#8211; doda\u0142. Je\u015bli nasze \u015bwi\u0105tynie nie zostan\u0105 zredukowane do zabytk\u00f3w, wsp\u00f3lnoty b\u0119d\u0105 domami, a w zjednoczeniu odrzucimy pokusy mo\u017cnych to \u201ewtedy b\u0119dziemy pokoleniem jutrzenki\u201d. W Jezusie \u201eb\u0119dziemy kontemplowa\u0107 i s\u0142u\u017cy\u0107 wspania\u0142ej ludzko\u015bci, przemienionej nie przez urojenia wszechmocy, ale przez Boga, kt\u00f3ry z mi\u0142o\u015bci sta\u0142 si\u0119 cia\u0142em\u201d.<\/p>\n<p>      <a href=\"https:\/\/www.vaticannews.va\/pl\/papiez\/news\/2026-01\/leon-xiv-jubileusz-przypomina-ze-pan-chce-byc-bogiem-z-nami.html\" title=\"Leon XIV: Jubileusz przypomina, \u017ce Pan chce by\u0107 Bogiem z nami\" rel=\"nofollow noopener\" target=\"_blank\"><\/p>\n<p>         <img decoding=\"async\" src=\"data:image\/gif;base64,R0lGODlhAQABAIAAAAAAAP\/\/\/yH5BAEAAAAALAAAAAABAAEAAAIBRAA7\" data-original=\"https:\/\/www.vaticannews.va\/content\/dam\/vaticannews\/agenzie\/images\/srv\/2026\/01\/06\/2026-01-06-epifania-del-signore--chiusura-della-porta-santa-e-sa\/1767691325750.JPG\/_jcr_content\/renditions\/cq5dam.thumbnail.cropped.500.281.jpeg\" alt=\"Leon XIV: Jubileusz przypomina, \u017ce Pan chce by\u0107 Bogiem z nami\"\/><\/p>\n<p>       <\/a><\/p>\n<p>\n       Tak, B\u00f3g poddaje w w\u0105tpliwo\u015b\u0107 istniej\u0105cy porz\u0105dek: ma marzenia, kt\u00f3rymi inspiruje swoich prorok\u00f3w r\u00f3wnie\u017c dzisiaj; stanowczo pragnie wybawi\u0107 nas od dawnych i nowych form &#8230;\n      <\/p>\n<p> <\/p>\n","protected":false},"excerpt":{"rendered":"Tak, B\u00f3g poddaje w w\u0105tpliwo\u015b\u0107 istniej\u0105cy porz\u0105dek: ma marzenia, kt\u00f3rymi inspiruje swoich prorok\u00f3w r\u00f3wnie\u017c dzisiaj; stanowczo pragnie wybawi\u0107&hellip;\n","protected":false},"author":2,"featured_media":192352,"comment_status":"","ping_status":"","sticky":false,"template":"","format":"standard","meta":{"footnotes":""},"categories":[14],"tags":[11186,32,33,27,34,35,28,31,25,2200,40,41,80,37054,29,30,26,82,83,84],"class_list":{"0":"post-192351","1":"post","2":"type-post","3":"status-publish","4":"format-standard","5":"has-post-thumbnail","7":"category-swiat","8":"tag-jubileusz2025","9":"tag-breaking-news","10":"tag-breakingnews","11":"tag-headlines","12":"tag-latest-news","13":"tag-latestnews","14":"tag-naglowki","15":"tag-najwazniejsze-artykuly","16":"tag-news","17":"tag-papiez-leon-xiv","18":"tag-polish","19":"tag-polski","20":"tag-swiat","21":"tag-swieto-trzech-kroli","22":"tag-top-stories","23":"tag-topstories","24":"tag-wiadomosci","25":"tag-world","26":"tag-world-news","27":"tag-worldnews"},"share_on_mastodon":{"url":"https:\/\/pubeurope.com\/@pl\/115855377287114013","error":""},"_links":{"self":[{"href":"https:\/\/www.europesays.com\/pl\/wp-json\/wp\/v2\/posts\/192351","targetHints":{"allow":["GET"]}}],"collection":[{"href":"https:\/\/www.europesays.com\/pl\/wp-json\/wp\/v2\/posts"}],"about":[{"href":"https:\/\/www.europesays.com\/pl\/wp-json\/wp\/v2\/types\/post"}],"author":[{"embeddable":true,"href":"https:\/\/www.europesays.com\/pl\/wp-json\/wp\/v2\/users\/2"}],"replies":[{"embeddable":true,"href":"https:\/\/www.europesays.com\/pl\/wp-json\/wp\/v2\/comments?post=192351"}],"version-history":[{"count":0,"href":"https:\/\/www.europesays.com\/pl\/wp-json\/wp\/v2\/posts\/192351\/revisions"}],"wp:featuredmedia":[{"embeddable":true,"href":"https:\/\/www.europesays.com\/pl\/wp-json\/wp\/v2\/media\/192352"}],"wp:attachment":[{"href":"https:\/\/www.europesays.com\/pl\/wp-json\/wp\/v2\/media?parent=192351"}],"wp:term":[{"taxonomy":"category","embeddable":true,"href":"https:\/\/www.europesays.com\/pl\/wp-json\/wp\/v2\/categories?post=192351"},{"taxonomy":"post_tag","embeddable":true,"href":"https:\/\/www.europesays.com\/pl\/wp-json\/wp\/v2\/tags?post=192351"}],"curies":[{"name":"wp","href":"https:\/\/api.w.org\/{rel}","templated":true}]}}