{"id":192472,"date":"2026-01-07T20:18:12","date_gmt":"2026-01-07T20:18:12","guid":{"rendered":"https:\/\/www.europesays.com\/pl\/192472\/"},"modified":"2026-01-07T20:18:12","modified_gmt":"2026-01-07T20:18:12","slug":"tak-dzis-wyglada-71-letnia-ewa-wencel-zdjecia-mowia-wszystko","status":"publish","type":"post","link":"https:\/\/www.europesays.com\/pl\/192472\/","title":{"rendered":"Tak dzi\u015b wygl\u0105da 71-letnia Ewa Wencel. Zdj\u0119cia m\u00f3wi\u0105 wszystko"},"content":{"rendered":"<p class=\"ods-c-paragraph \">Ewa Wencel nale\u017cy do grona najbardziej rozpoznawalnych polskich aktorek, kt\u00f3rych dorobek obejmuje zar\u00f3wno role filmowe, jak i serialowe. Widzowie kojarz\u0105 j\u0105 mi\u0119dzy innymi z produkcji &#8222;07 zg\u0142o\u015b si\u0119&#8221; czy &#8222;Szale\u0144stwa panny Ewy&#8221;. Szerokiej publiczno\u015bci da\u0142a si\u0119 pozna\u0107 tak\u017ce jako Janeczka, matka Ewy (posta\u0107 grana przez <a href=\"https:\/\/plejada.pl\/temat\/dominika-chorosinska\/cmc9pwe\" id=\"eb927331-278d-4fd6-a6f6-0d0b117513f2\" rel=\"nofollow noopener\" target=\"_blank\">Dominik\u0119 Chorosi\u0144sk\u0105<\/a>), w serialu &#8222;M jak mi\u0142o\u015b\u0107&#8221;.<\/p>\n<p class=\"ods-c-paragraph \">Po zako\u0144czeniu wsp\u00f3\u0142pracy z flagow\u0105 produkcj\u0105 TVP gwiazda telewizji pozosta\u0142a aktywna zawodowo i nie znikn\u0119\u0142a z ekran\u00f3w. Pojawi\u0142a si\u0119 w &#8222;Komisarzu Alexie&#8221;, &#8222;Prawie Agaty&#8221; oraz &#8222;Hotelu 52&#8221;, a tak\u017ce wcieli\u0142a si\u0119 w jedn\u0105 z g\u0142\u00f3wnych r\u00f3l w serialu &#8222;Mamu\u015bki&#8221;.<\/p>\n<p>Dalszy ci\u0105g artyku\u0142u pod materia\u0142em wideo<\/p>\n<p> Jakie role filmowe zagra\u0142a Ewa Wencel? <\/p>\n<p> Jak d\u0142ugo Ewa Wencel kieruje Teatrem Kwadrat? <\/p>\n<p> Kiedy zaplanowana jest premiera spektaklu 'Degustacja&#8217;? <\/p>\n<p> W kt\u00f3rym serialu Ewa Wencel gra\u0142a Janeczk\u0119? <\/p>\n<p>  Tak dzi\u015b wygl\u0105da Ewa Wencel [ZDJ\u0118CIA]<\/p>\n<p class=\"ods-c-paragraph \">W kolejnych latach Wencel coraz silniej zwi\u0105za\u0142a si\u0119 ze scen\u0105 teatraln\u0105. Publiczno\u015b\u0107 mo\u017ce podziwia\u0107 j\u0105 na deskach warszawskiego Teatru Kwadrat, kt\u00f3rym od 2023 r. kieruje jako dyrektorka. Niedawno aktorka pojawi\u0142a si\u0119 r\u00f3wnie\u017c na pr\u00f3bie do spektaklu &#8222;Degustacja&#8221;, kt\u00f3rego premiera zaplanowana jest na najbli\u017csz\u0105 sobot\u0119, 10 stycznia.<\/p>\n<p><img decoding=\"async\" src=\"https:\/\/www.europesays.com\/pl\/wp-content\/uploads\/2026\/01\/uI4k9lBaHR0cHM6Ly9vY2RuLmV1L3B1bHNjbXMvTURBXy82M2RmNzBmMGZkOTY1ZmQyZWM4MjVmNmE0Mjk1MGY5MS5qcGeSlQMAA.jpeg\" height=\"529\" width=\"940\" alt=\"Ewa Wencel na pr\u00f3bie do spektaklu &quot;Degustacja&quot; (2026)\" loading=\"lazy\" class=\"ods-c-image__img ods-c-image__img--vertical\"\/><\/p>\n<p>Ewa Wencel na pr\u00f3bie do spektaklu &#8222;Degustacja&#8221; (2026)Pawe\u0142 Wrzecion \/ AKPA<\/p>\n<p class=\"ods-c-paragraph \">Zdj\u0119cia i relacje z przygotowa\u0144 tylko potwierdzaj\u0105 to, co podkre\u015blaj\u0105 internauci \u2014 aktorka niezmiennie zachwyca form\u0105 i energi\u0105. W 2026 r. <a href=\"https:\/\/plejada.pl\/temat\/ewa-wencel\/19n9ezs\" id=\"ad2e1f2c-5bb5-442d-a98f-66efee35dc6c\" rel=\"nofollow noopener\" target=\"_blank\">Ewa Wencel<\/a> sko\u0144czy 71 lat.<\/p>\n<p><img decoding=\"async\" src=\"https:\/\/www.europesays.com\/pl\/wp-content\/uploads\/2026\/01\/1t6k9lBaHR0cHM6Ly9vY2RuLmV1L3B1bHNjbXMvTURBXy9jMGFlMTUxMjcwZWY2MGE3NDI0ZjEyZWU3YmE2NjNiOS5qcGeRlQLNA.jpeg\" height=\"529\" width=\"940\" alt=\"Ewa Wencel przed studiem &quot;Dzie\u0144 dobry TVN&quot;\" loading=\"lazy\" class=\"ods-c-image__img ods-c-image__img--vertical\"\/><\/p>\n<p>Ewa Wencel przed studiem &#8222;Dzie\u0144 dobry TVN&#8221;MW Media<\/p>\n<p class=\"ods-c-paragraph \">Dzi\u0119kujemy, \u017ce przeczyta\u0142a\u015b\/e\u015b nasz artyku\u0142 do ko\u0144ca. W serwisie Plejada.pl ka\u017cdego dnia piszemy o najwa\u017cniejszych wydarzeniach show-biznesowych. B\u0105d\u017a na bie\u017c\u0105co! <a rel=\"nofollow noopener\" href=\"https:\/\/profile.google.com\/cp\/Cg0vZy8xMWJ6X19wdHBx\" id=\"4d8cfc05-6344-4274-a4a2-a9c020af0d93\" target=\"_blank\">Obserwuj<\/a> Plejad\u0119 w Google. Odwied\u017a nas tak\u017ce na <a rel=\"nofollow noopener\" href=\"https:\/\/www.facebook.com\/plejadapl\" id=\"ed6b9272-48ee-4ce5-8449-cd467507a67a\" target=\"_blank\">Facebooku<\/a>, <a rel=\"nofollow noopener\" href=\"https:\/\/www.instagram.com\/plejadapl\/\" id=\"6caf6257-d88c-471e-abf0-13cde5d8d99d\" target=\"_blank\">Instagramie<\/a>, <a rel=\"nofollow noopener\" href=\"https:\/\/www.youtube.com\/c\/plejada\" id=\"e3c296f8-1b9f-487e-9bca-b86353782dd5\" target=\"_blank\">YouTube<\/a> oraz <a rel=\"nofollow noopener\" href=\"https:\/\/www.tiktok.com\/@plejada_pl\" id=\"a192acb2-4419-40df-9022-c121ed8b814c\" target=\"_blank\">TikToku<\/a>.<\/p>\n<p class=\"ods-c-paragraph \">Chcesz podzieli\u0107 si\u0119 ciekawym newsem lub zaproponowa\u0107 temat? Skontaktuj si\u0119 z nami, pisz\u0105c e-maila na adres: <a rel=\"nofollow noopener\" href=\"https:\/\/plejada.pl\/newsy\/tak-dzis-wyglada-71-letnia-ewa-wencel-zdjecia-mowia-wszystko\/mailto:plejada@redakcjaonet.pl\" id=\"ee0d9a34-2ae7-4e67-ab48-cc2afa58e28c\" target=\"_blank\">plejada@redakcjaonet.pl<\/a>.<\/p>\n<p><script async src=\"\/\/www.instagram.com\/embed.js\"><\/script><script async src=\"\/\/www.tiktok.com\/embed.js\"><\/script><\/p>\n","protected":false},"excerpt":{"rendered":"Ewa Wencel nale\u017cy do grona najbardziej rozpoznawalnych polskich aktorek, kt\u00f3rych dorobek obejmuje zar\u00f3wno role filmowe, jak i serialowe.&hellip;\n","protected":false},"author":2,"featured_media":192473,"comment_status":"","ping_status":"","sticky":false,"template":"","format":"standard","meta":{"footnotes":"","_share_on_mastodon":"0"},"categories":[22],"tags":[122,801,7992,48,125,46,42,38,40,39,41,123,47],"class_list":["post-192472","post","type-post","status-publish","format-standard","has-post-thumbnail","category-rozrywka","tag-entertainment","tag-ewa_wencel","tag-m_jak_milosc","tag-nat_styl","tag-newsy","tag-omp","tag-pl","tag-poland","tag-polish","tag-polska","tag-polski","tag-rozrywka","tag-screening_general"],"share_on_mastodon":{"url":"https:\/\/pubeurope.com\/@pl\/115855668233713517","error":""},"_links":{"self":[{"href":"https:\/\/www.europesays.com\/pl\/wp-json\/wp\/v2\/posts\/192472","targetHints":{"allow":["GET"]}}],"collection":[{"href":"https:\/\/www.europesays.com\/pl\/wp-json\/wp\/v2\/posts"}],"about":[{"href":"https:\/\/www.europesays.com\/pl\/wp-json\/wp\/v2\/types\/post"}],"author":[{"embeddable":true,"href":"https:\/\/www.europesays.com\/pl\/wp-json\/wp\/v2\/users\/2"}],"replies":[{"embeddable":true,"href":"https:\/\/www.europesays.com\/pl\/wp-json\/wp\/v2\/comments?post=192472"}],"version-history":[{"count":0,"href":"https:\/\/www.europesays.com\/pl\/wp-json\/wp\/v2\/posts\/192472\/revisions"}],"wp:featuredmedia":[{"embeddable":true,"href":"https:\/\/www.europesays.com\/pl\/wp-json\/wp\/v2\/media\/192473"}],"wp:attachment":[{"href":"https:\/\/www.europesays.com\/pl\/wp-json\/wp\/v2\/media?parent=192472"}],"wp:term":[{"taxonomy":"category","embeddable":true,"href":"https:\/\/www.europesays.com\/pl\/wp-json\/wp\/v2\/categories?post=192472"},{"taxonomy":"post_tag","embeddable":true,"href":"https:\/\/www.europesays.com\/pl\/wp-json\/wp\/v2\/tags?post=192472"}],"curies":[{"name":"wp","href":"https:\/\/api.w.org\/{rel}","templated":true}]}}