{"id":192490,"date":"2026-01-07T20:30:06","date_gmt":"2026-01-07T20:30:06","guid":{"rendered":"https:\/\/www.europesays.com\/pl\/192490\/"},"modified":"2026-01-07T20:30:06","modified_gmt":"2026-01-07T20:30:06","slug":"prezydencki-wetomat-dziala-sprawnie-minister-mowi-co-z-budzetem-na-2026-rok","status":"publish","type":"post","link":"https:\/\/www.europesays.com\/pl\/192490\/","title":{"rendered":"&#8222;Prezydencki wetomat dzia\u0142a sprawnie&#8221;. Minister m\u00f3wi, co z bud\u017cetem na 2026 rok"},"content":{"rendered":"<p>Pod koniec ubieg\u0142ego roku prezydent Karol Nawrocki<a href=\"https:\/\/www.money.pl\/podatki\/kolejne-weta-prezydenta-nie-bedzie-wyzszej-akcyzy-na-alkohol-7234038465166304a.html\" rel=\"noopener noreferrer nofollow\" target=\"_blank\"> zawetowa\u0142 podwy\u017cki podatku akcyzowego na alkohol oraz  op\u0142aty cukrowej<\/a>. Decyzje te wywo\u0142a\u0142y niepok\u00f3j o\u00a0zachowanie finansowej r\u00f3wnowagi bud\u017cetu. Doma\u0144ski, przemawiaj\u0105c na konferencji norweskiej organizacji przedsi\u0119biorc\u00f3w NHO, wyrazi\u0142 jednak przekonanie, \u017ce skutki finansowe zawetowania s\u0105 do opanowania.<\/p>\n<p>Podwy\u017cki akcyzy i\u00a0op\u0142aty cukrowej nie b\u0119dzie. Ile straci\u0142 bud\u017cet? <\/p>\n<p>Wed\u0142ug wcze\u015bniejszych deklaracji resortu finans\u00f3w, podwy\u017cka akcyzy na alkohol mia\u0142a zagwarantowa\u0107 wp\u0142ywy do bud\u017cetu rz\u0119du 1,96 mld z\u0142, natomiast dodatkowe przychody z\u00a0tytu\u0142u wy\u017cszej op\u0142aty cukrowej szacowano na 1,13 mld z\u0142. Mimo to, minister Doma\u0144ski zapewnia, \u017ce obecn\u0105 sytuacj\u0119 mo\u017cna finansowo zr\u00f3wnowa\u017cy\u0107. Podkre\u015bli\u0142, \u017ce w\u00a02025 r. rz\u0105d zmie\u015bci\u0142 si\u0119 w\u00a0za\u0142o\u017conym limicie deficytu.<\/p>\n<p>Nast\u0119pne kroki dotycz\u0105ce bud\u017cetu b\u0119d\u0105 podejmowane po ocenie sytuacji w\u00a0parlamencie, gdzie wci\u0105\u017c trwaj\u0105 prace nad jego ostatecznym kszta\u0142tem. Doma\u0144ski doda\u0142, \u017ce szczeg\u00f3\u0142owe dane dotycz\u0105ce deficytu za ubieg\u0142y rok zostan\u0105 upublicznione po zamkni\u0119ciu wszystkich wydatk\u00f3w. Aktualny bud\u017cet na 2026 r. przewiduje wydatki pa\u0144stwa w\u00a0wysoko\u015bci 918,9 mld z\u0142 i\u00a0deficyt nie wy\u017cszy ni\u017c 271,7 mld z\u0142.<\/p>\n","protected":false},"excerpt":{"rendered":"Pod koniec ubieg\u0142ego roku prezydent Karol Nawrocki zawetowa\u0142 podwy\u017cki podatku akcyzowego na alkohol oraz op\u0142aty cukrowej. Decyzje te&hellip;\n","protected":false},"author":2,"featured_media":192491,"comment_status":"","ping_status":"","sticky":false,"template":"","format":"standard","meta":{"footnotes":""},"categories":[5],"tags":[32,33,36,37,27,34,35,28,31,25,42,38,40,39,41,29,30,26],"class_list":{"0":"post-192490","1":"post","2":"type-post","3":"status-publish","4":"format-standard","5":"has-post-thumbnail","7":"category-naglowki","8":"tag-breaking-news","9":"tag-breakingnews","10":"tag-featured-news","11":"tag-featurednews","12":"tag-headlines","13":"tag-latest-news","14":"tag-latestnews","15":"tag-naglowki","16":"tag-najwazniejsze-artykuly","17":"tag-news","18":"tag-pl","19":"tag-poland","20":"tag-polish","21":"tag-polska","22":"tag-polski","23":"tag-top-stories","24":"tag-topstories","25":"tag-wiadomosci"},"share_on_mastodon":{"url":"https:\/\/pubeurope.com\/@pl\/115855715595937890","error":""},"_links":{"self":[{"href":"https:\/\/www.europesays.com\/pl\/wp-json\/wp\/v2\/posts\/192490","targetHints":{"allow":["GET"]}}],"collection":[{"href":"https:\/\/www.europesays.com\/pl\/wp-json\/wp\/v2\/posts"}],"about":[{"href":"https:\/\/www.europesays.com\/pl\/wp-json\/wp\/v2\/types\/post"}],"author":[{"embeddable":true,"href":"https:\/\/www.europesays.com\/pl\/wp-json\/wp\/v2\/users\/2"}],"replies":[{"embeddable":true,"href":"https:\/\/www.europesays.com\/pl\/wp-json\/wp\/v2\/comments?post=192490"}],"version-history":[{"count":0,"href":"https:\/\/www.europesays.com\/pl\/wp-json\/wp\/v2\/posts\/192490\/revisions"}],"wp:featuredmedia":[{"embeddable":true,"href":"https:\/\/www.europesays.com\/pl\/wp-json\/wp\/v2\/media\/192491"}],"wp:attachment":[{"href":"https:\/\/www.europesays.com\/pl\/wp-json\/wp\/v2\/media?parent=192490"}],"wp:term":[{"taxonomy":"category","embeddable":true,"href":"https:\/\/www.europesays.com\/pl\/wp-json\/wp\/v2\/categories?post=192490"},{"taxonomy":"post_tag","embeddable":true,"href":"https:\/\/www.europesays.com\/pl\/wp-json\/wp\/v2\/tags?post=192490"}],"curies":[{"name":"wp","href":"https:\/\/api.w.org\/{rel}","templated":true}]}}