{"id":192507,"date":"2026-01-07T20:42:07","date_gmt":"2026-01-07T20:42:07","guid":{"rendered":"https:\/\/www.europesays.com\/pl\/192507\/"},"modified":"2026-01-07T20:42:07","modified_gmt":"2026-01-07T20:42:07","slug":"czystki-w-armii-odwolany-dowodca-ktory-przesladowal-opozycje-w-wenezueli-tvp-info","status":"publish","type":"post","link":"https:\/\/www.europesays.com\/pl\/192507\/","title":{"rendered":"Czystki w armii. Odwo\u0142any dow\u00f3dca, kt\u00f3ry prze\u015bladowa\u0142 opozycj\u0119 w Wenezueli &#8211; TVP Info"},"content":{"rendered":"<ol>\n<li><a href=\"https:\/\/news.google.com\/rss\/articles\/CBMi1wFBVV95cUxNaFhkdE9VSUhSTm84ZDZHbnVMTWQ4cURlVTd4N3Y3blV3N1lsNGFKU3hHTFJfaVBLNUVEUURFY1dsRGItVG1iQzllQTJfcDV1N29rV29najUwNEctT183M1NOY0N2dmNPN0JheXhYa3hBYUpzdmliVXlkVkdqV2taMEZLQVI4ODFYSUZ6a2t3ZkJyNFFQNHJNRXhxTWZoX3F4MHdjai1PSUV6MDY1RmZEci1aZ04wbU15dDNHSDhZR05NMmoyUlhqVUFJakd6NjRuV1RIZGNYbw?oc=5\" target=\"_blank\" rel=\"nofollow noopener\">Czystki w armii. Odwo\u0142any dow\u00f3dca, kt\u00f3ry prze\u015bladowa\u0142 opozycj\u0119 w Wenezueli<\/a>&nbsp;&nbsp;TVP Info<\/li>\n<li><a href=\"https:\/\/news.google.com\/rss\/articles\/CBMiswFBVV95cUxNLVk5NlNqUWNITHpRaEpZaHZ1T016RlhxS2s1cXVIUW9Mdjd1RTMxN2VvbDhyOWFWcVpyREZVbzJtbmlQYU5GY1ZYUnlINlBYSU5pLS1CTWFrWHA1R3A5Mi1TdGs1Q2l0Qlp4bWVNenQtOUJfN2FyUzVNU1dSUXhjc2d5Q2lOV3hmamFSeU9GQUM2X2VzNlJqTExvVHpTbm9Fc1VSbFVOZm9CRWN1ZlRRcWxkNA?oc=5\" target=\"_blank\" rel=\"nofollow noopener\">Ca\u0142a prawda o Wenezueli. Nicolas Maduro to tylko cz\u0119\u015b\u0107 wi\u0119kszej uk\u0142adanki. Donald Trump doskonale wie, co robi<\/a>&nbsp;&nbsp;Onet Wiadomo\u015bci<\/li>\n<li><a href=\"https:\/\/news.google.com\/rss\/articles\/CBMiqgFBVV95cUxPaHlqbmV1SmN5dld3MUdUUW9yLWpwb01kQVU0REQyWTRhTElmRnpYOWJuRFNrQ1luTno0QmZfWFU5Zk5BNjlvV2NRRWtWdGZwUHNfaS1KaUFQRGZFRTJsbmJ2RG85ZmVtVFZYcXRxbzY3UjNsRmYtd2tpWDU0VXFyd1Z3Nllmek9tQW1VMkJWQk5IR3JzZ3E5WE5pOVZKZGc0UzNaaDJ6TXZQdw?oc=5\" target=\"_blank\" rel=\"nofollow noopener\">Tom\u00e1\u0161 Forr\u00f3: Inwazja l\u0105dowa na Wenezuel\u0119 to by\u0142by drugi Wietnam<\/a>&nbsp;&nbsp;Wyborcza.pl<\/li>\n<li><a href=\"https:\/\/news.google.com\/rss\/articles\/CBMikAJBVV95cUxQc3hnQmROdEFYTU5Pc21nMDN4dVBZZnRycUtMUmhaRzVBdlQ1X0NTamFwNk0zekczY05tRDlMbGdFYTlDTV9MMnVsT1BmQ1kxai1xMU5qelJfN05ZUDVsZzhVY1hNaFVIODJKblVocHN3SmF6S2dWMTR5MVNiSDlBRUNWWW5CdkRSSjVxOWc3N21CSzM4dzA1UVp6NzdkZ3dYcERBa0Q1eWJuU0hSMmJYY01kSFh0VllXYUJzeTd5MHlRRl96ZmpFTUdURHNWUEs1MXNmbmtKTDNmSlQ1Z0JXQ0d4MS1VSUtqM1lZN1RiRHR1cFVVdkFuaEpkcG91U3FpN2VIU2R2WU5OMWFXbWY4aA?oc=5\" target=\"_blank\" rel=\"nofollow noopener\">Red. R. Tekieli: Re\u017cim wenezuelski od dekad ni\u00f3s\u0142 wysoko sztandar narkoterroryzmu i chavizm skrajnie lewicowego, marksistowskiego nurtu politycznego<\/a>&nbsp;&nbsp;RadioMaryja.pl<\/li>\n<li><a href=\"https:\/\/news.google.com\/rss\/articles\/CBMilgFBVV95cUxQYndyQmw0V2k3UDNtZkVjb1R4ck9DUVhOV3NaWF9ySGs2ZVZ2OGpfZkdPb0c5X2NPQ0VfWkJ1WFdPU29JRkd1UTdHbldBVVFxTjF3VGdDNnpQNXFWNkxQZXNsZWgzQUtYSGROMUJqZUg2Vkl0cGI1MTZDNjl0a3ZlVzdfRFJCWHBoRW11LXBHVkJKU241ckE?oc=5\" target=\"_blank\" rel=\"nofollow noopener\">Co si\u0119 dzieje w Wenezueli? \u2013 Mariusz Braszkiewicz \u2013 \u0141ukasz Kobeszko<\/a>&nbsp;&nbsp;reset obywatelski<\/li>\n<\/ol>\n","protected":false},"excerpt":{"rendered":"Czystki w armii. Odwo\u0142any dow\u00f3dca, kt\u00f3ry prze\u015bladowa\u0142 opozycj\u0119 w Wenezueli&nbsp;&nbsp;TVP Info Ca\u0142a prawda o Wenezueli. Nicolas Maduro to&hellip;\n","protected":false},"author":2,"featured_media":192508,"comment_status":"","ping_status":"","sticky":false,"template":"","format":"standard","meta":{"footnotes":""},"categories":[14],"tags":[32,33,27,34,35,28,31,25,40,41,80,29,30,26,82,83,84],"class_list":{"0":"post-192507","1":"post","2":"type-post","3":"status-publish","4":"format-standard","5":"has-post-thumbnail","7":"category-swiat","8":"tag-breaking-news","9":"tag-breakingnews","10":"tag-headlines","11":"tag-latest-news","12":"tag-latestnews","13":"tag-naglowki","14":"tag-najwazniejsze-artykuly","15":"tag-news","16":"tag-polish","17":"tag-polski","18":"tag-swiat","19":"tag-top-stories","20":"tag-topstories","21":"tag-wiadomosci","22":"tag-world","23":"tag-world-news","24":"tag-worldnews"},"share_on_mastodon":{"url":"https:\/\/pubeurope.com\/@pl\/115855762664112105","error":""},"_links":{"self":[{"href":"https:\/\/www.europesays.com\/pl\/wp-json\/wp\/v2\/posts\/192507","targetHints":{"allow":["GET"]}}],"collection":[{"href":"https:\/\/www.europesays.com\/pl\/wp-json\/wp\/v2\/posts"}],"about":[{"href":"https:\/\/www.europesays.com\/pl\/wp-json\/wp\/v2\/types\/post"}],"author":[{"embeddable":true,"href":"https:\/\/www.europesays.com\/pl\/wp-json\/wp\/v2\/users\/2"}],"replies":[{"embeddable":true,"href":"https:\/\/www.europesays.com\/pl\/wp-json\/wp\/v2\/comments?post=192507"}],"version-history":[{"count":0,"href":"https:\/\/www.europesays.com\/pl\/wp-json\/wp\/v2\/posts\/192507\/revisions"}],"wp:featuredmedia":[{"embeddable":true,"href":"https:\/\/www.europesays.com\/pl\/wp-json\/wp\/v2\/media\/192508"}],"wp:attachment":[{"href":"https:\/\/www.europesays.com\/pl\/wp-json\/wp\/v2\/media?parent=192507"}],"wp:term":[{"taxonomy":"category","embeddable":true,"href":"https:\/\/www.europesays.com\/pl\/wp-json\/wp\/v2\/categories?post=192507"},{"taxonomy":"post_tag","embeddable":true,"href":"https:\/\/www.europesays.com\/pl\/wp-json\/wp\/v2\/tags?post=192507"}],"curies":[{"name":"wp","href":"https:\/\/api.w.org\/{rel}","templated":true}]}}