{"id":192509,"date":"2026-01-07T20:43:09","date_gmt":"2026-01-07T20:43:09","guid":{"rendered":"https:\/\/www.europesays.com\/pl\/192509\/"},"modified":"2026-01-07T20:43:09","modified_gmt":"2026-01-07T20:43:09","slug":"czy-polska-jest-krajem-do-ktorego-warto-wracac-z-emigracji-polsatnews-pl","status":"publish","type":"post","link":"https:\/\/www.europesays.com\/pl\/192509\/","title":{"rendered":"Czy Polska jest krajem, do kt\u00f3rego warto wraca\u0107 z emigracji? &#8211; PolsatNews.pl"},"content":{"rendered":"<ol>\n<li><a href=\"https:\/\/news.google.com\/rss\/articles\/CBMia0FVX3lxTFB3b2Ewd05CMExYTDBNRnhUQVZQUnpVT0YyNjNkdFJfZ3J2TlhQdFcwU1ZNemE0T3hBQ1dmemswTndEM2d1Q1c2bEVhTTBHRHhIREUtYzZDMlNoVmJEQkRvNEZHTkl3Y2VsS2tV?oc=5\" target=\"_blank\" rel=\"nofollow noopener\">Czy Polska jest krajem, do kt\u00f3rego warto wraca\u0107 z emigracji?<\/a>&nbsp;&nbsp;PolsatNews.pl<\/li>\n<li><a href=\"https:\/\/news.google.com\/rss\/articles\/CBMimgFBVV95cUxPSU1BZ1BLcXRzRVRVcVdvTW9hRGU2NnlySjNzU2o4NkhoVGJDSGFDbkVieERKSzE2aDUzMkxyRThLaFg4SG5JUzRoSUYyX1ZDVVBGUDYxRGktaUs3aWx6MGxQY2tra2h3X3FUU3lHOHRxVkRONHZBRy1wRE9sajVvOGFLUURlZXR0UDc1dGkyblowZ0JIdW1ZMlJn?oc=5\" target=\"_blank\" rel=\"nofollow noopener\">Irytacja w PiS. &#8222;Trzeba wyborc\u00f3w podtrzymywa\u0107 w napi\u0119ciu, ale nie tak&#8221;<\/a>&nbsp;&nbsp;Newsweek<\/li>\n<li><a href=\"https:\/\/news.google.com\/rss\/articles\/CBMilwFBVV95cUxQa01adDktZDhJR2lmbG5iXzE5SkpnY3hUVlI1WUtkbTgzQkk0ME9xQ05RajdYY21ZZVJCemo4MXVoZngyM1FJRWJ4ZEJvdklSNVBBWDFCR1JlUDNwSDkxUzVybFFmeUUyUndIQWItV0t6X1BHWUN2c2Nyby11bzZ2QVJNbEdqQlJDTi1HemZqLXdONmRqS28w?oc=5\" target=\"_blank\" rel=\"nofollow noopener\">Terlecki skomentowa\u0142 wpis o Tusku. &#8222;\u017bart taki&#8221;<\/a>&nbsp;&nbsp;TVN24<\/li>\n<li><a href=\"https:\/\/news.google.com\/rss\/articles\/CBMiqAFBVV95cUxQc1ZicmNURDFuN29hWVNyR0l2ZHZlSzZaTzZDQXg1VFdmRFZiQUJfaXphblBLamRBUWU1V2psN0tZY3hHa0Mxdy1URUFwWnNJTDBKR0l1WkJYN2xwdHJ2Sk1na25MLVJ3ZlhwSGFfdEtPOGdBM0gteXF2dDRESjkxaE1rcXJ3NkdqVGZUOU8wdldHM2p5ZHV4Z0U1dXhFOE9oanNKSDdwdGM?oc=5\" target=\"_blank\" rel=\"nofollow noopener\">&#8222;Dyktatura Tuska&#8221; i inne &#8222;uprzejmo\u015bci&#8221;. W tle atak na Wenezuel\u0119<\/a>&nbsp;&nbsp;RMF24<\/li>\n<li><a href=\"https:\/\/news.google.com\/rss\/articles\/CBMiowFBVV95cUxNOGdFU2FaLVc5VURzVUN3TnVoOWJVN0wtQlIwZjJhdjB4VXoxaEJ4VHNKNldrU1ktb1BwQm1OMWYwMEg1M1J2Y0dPQWpiaTVqc2g0TUJCSXBPM2hXQS1EVjRPRkJhb2loMkVFc0hMMEJ5dFluWV9HZ2Vmc2tVdFdNdmpRTms2RVpib3lWekpNM3NXQTlSQThBVGJKemdadEpYSG5v?oc=5\" target=\"_blank\" rel=\"nofollow noopener\">Zestawili Tuska z Maduro. Zdrojewski nie gryz\u0142 si\u0119 w j\u0119zyk. &#8222;Mamy paru debili&#8221;<\/a>&nbsp;&nbsp;TOK FM<\/li>\n<\/ol>\n","protected":false},"excerpt":{"rendered":"Czy Polska jest krajem, do kt\u00f3rego warto wraca\u0107 z emigracji?&nbsp;&nbsp;PolsatNews.pl Irytacja w PiS. &#8222;Trzeba wyborc\u00f3w podtrzymywa\u0107 w napi\u0119ciu,&hellip;\n","protected":false},"author":2,"featured_media":192510,"comment_status":"","ping_status":"","sticky":false,"template":"","format":"standard","meta":{"footnotes":""},"categories":[12],"tags":[32,33,36,37,27,34,35,28,31,25,42,38,40,39,41,29,30,26],"class_list":{"0":"post-192509","1":"post","2":"type-post","3":"status-publish","4":"format-standard","5":"has-post-thumbnail","7":"category-polska","8":"tag-breaking-news","9":"tag-breakingnews","10":"tag-featured-news","11":"tag-featurednews","12":"tag-headlines","13":"tag-latest-news","14":"tag-latestnews","15":"tag-naglowki","16":"tag-najwazniejsze-artykuly","17":"tag-news","18":"tag-pl","19":"tag-poland","20":"tag-polish","21":"tag-polska","22":"tag-polski","23":"tag-top-stories","24":"tag-topstories","25":"tag-wiadomosci"},"share_on_mastodon":{"url":"https:\/\/pubeurope.com\/@pl\/115855766606567926","error":""},"_links":{"self":[{"href":"https:\/\/www.europesays.com\/pl\/wp-json\/wp\/v2\/posts\/192509","targetHints":{"allow":["GET"]}}],"collection":[{"href":"https:\/\/www.europesays.com\/pl\/wp-json\/wp\/v2\/posts"}],"about":[{"href":"https:\/\/www.europesays.com\/pl\/wp-json\/wp\/v2\/types\/post"}],"author":[{"embeddable":true,"href":"https:\/\/www.europesays.com\/pl\/wp-json\/wp\/v2\/users\/2"}],"replies":[{"embeddable":true,"href":"https:\/\/www.europesays.com\/pl\/wp-json\/wp\/v2\/comments?post=192509"}],"version-history":[{"count":0,"href":"https:\/\/www.europesays.com\/pl\/wp-json\/wp\/v2\/posts\/192509\/revisions"}],"wp:featuredmedia":[{"embeddable":true,"href":"https:\/\/www.europesays.com\/pl\/wp-json\/wp\/v2\/media\/192510"}],"wp:attachment":[{"href":"https:\/\/www.europesays.com\/pl\/wp-json\/wp\/v2\/media?parent=192509"}],"wp:term":[{"taxonomy":"category","embeddable":true,"href":"https:\/\/www.europesays.com\/pl\/wp-json\/wp\/v2\/categories?post=192509"},{"taxonomy":"post_tag","embeddable":true,"href":"https:\/\/www.europesays.com\/pl\/wp-json\/wp\/v2\/tags?post=192509"}],"curies":[{"name":"wp","href":"https:\/\/api.w.org\/{rel}","templated":true}]}}