{"id":192616,"date":"2026-01-07T21:47:07","date_gmt":"2026-01-07T21:47:07","guid":{"rendered":"https:\/\/www.europesays.com\/pl\/192616\/"},"modified":"2026-01-07T21:47:07","modified_gmt":"2026-01-07T21:47:07","slug":"slowency-oglosili-kadre-na-ps-w-zakopanem-wiadomo-co-z-domenem-prevcem-przeglad-sportowy-onet","status":"publish","type":"post","link":"https:\/\/www.europesays.com\/pl\/192616\/","title":{"rendered":"S\u0142owe\u0144cy og\u0142osili kadr\u0119 na P\u015a w Zakopanem! Wiadomo co z Domenem Prevcem &#8211; Przegl\u0105d Sportowy Onet"},"content":{"rendered":"<ol>\n<li><a href=\"https:\/\/news.google.com\/rss\/articles\/CBMi2wFBVV95cUxPMWhPNUN3c0J3ZXJQX3FzdjJQbTdKTExQWGtZUVJWZ1Y2bmtScEpKRk1vNXhWYWhGUUpMb2luVTlncGZRMFdmOS1BYjVpbE80V3BXMmtabTczTVZFeVhaNVBGQkVLUVZaTkp2TVlXSWoxQ3J4ZEFsS2N2VW56MXJDQ1VkWnhmc2VMLWo1ZnlfeVg4Tm5OV0lGN0hYbllGbkNQUGV5cFVSUlR2RnFJM3g5ajVqbFJGTElpenpKSTBTVHQ1WHhIXzlnSUJUa1VwYnpaVzNHOHgySVBRbmc?oc=5\" target=\"_blank\" rel=\"nofollow noopener\">S\u0142owe\u0144cy og\u0142osili kadr\u0119 na P\u015a w Zakopanem! Wiadomo co z Domenem Prevcem<\/a>&nbsp;&nbsp;Przegl\u0105d Sportowy Onet<\/li>\n<li><a href=\"https:\/\/news.google.com\/rss\/articles\/CBMirAFBVV95cUxQTFJObHFaV280VGZJcTEtV0wwbUUweU5JVmtPSm9wanlaNENVUG1Ib21vcTdaM2FGZ2lrMEtpNFJxZk5vbVpiRVRKYlhReEYxVlRSYkRsd1VhSVZpZXBJTkRHdS1YT0I0UHNrNm1HVUducDlubHZocUU5R3VISXFMajRiaEx2a0dPbzhuYjZiYTRTY3p1SzZYUTRScUh0Vml3NW9TRmUydlh4Snds?oc=5\" target=\"_blank\" rel=\"nofollow noopener\">Szale\u0144stwo! Tyle kosztuj\u0105 bilety na Puchar \u015awiata w Zakopanem<\/a>&nbsp;&nbsp;Przegl\u0105d Sportowy Onet<\/li>\n<li><a href=\"https:\/\/news.google.com\/rss\/articles\/CBMiwwFBVV95cUxNSmduOEJRMHlUU0dtWlMtM01lX1J1QTlkM1M3UGg1ZGtUQmRKajJrVTZ6MFlKQ0dic2taaUxjNUFoQXh2N3phcktxSnBRX3hpVU9YcjhNeFcwWFRWODBpTFFMTlBCSEFIOGpMV1VNMFZkMjFJY0ljcG5GYkxxVVVNRHBrM1k0bE1xUjdWVmgyVHY0V09uYUxZVTl6Tno2Rk1pTkREQWE1WmJPS3Q0OGlESi10b1loUkY4cy1wZmh6WGNxaVXSAbABQVVfeXFMTzU2WG9oUC1Ydm55TE1raGk4NTllYzZ5OGQ5SjRJd2VLU09XeWNTNFJ1U3MxTElWYzc2RlFGZHNxUHBBa2lvbTBucklzdDNSQ0FwczloUl91RWVMVWFGZzZLV2d5ME1URHZTMHZTdDd0cVFtN0ljeFJyQmd3S0NMNk9ISlRwMGpzQU94NmNMU0o5Q2JrcjBqc213eVVWQXltbU5zcVJiLUJON2NtbjQ2dHE?oc=5\" target=\"_blank\" rel=\"nofollow noopener\">P\u015a w Zakopanem: Konkurs skok\u00f3w odwo\u0142any. Du\u017ce rozczarowanie dla kibic\u00f3w<\/a>&nbsp;&nbsp;Sport Wprost<\/li>\n<li><a href=\"https:\/\/news.google.com\/rss\/articles\/CBMilAJBVV95cUxPNlF5TFZSM3FPRVlZOTdkb1I4by1hTG5DZ3ZjMC1YdWJrMjF0UHNmcE55YXFrWmtKcExiRTFHX01qdWNFU1RSd3lfMVNLeHRhV1phNDZ5TnF4WXBZaHlkTEwzZTllR2stQkFTdkEya3V4MjU0VnAtUDkyNmtQU2p1a3hmZnAtdV9PV1hENlhieExqY1pVcnhsa0lkQ2N6VmxtN3ZUa2tlMXNLX3ZoVEFIdmNhZ0t4THcyWS0zQ2xIcWRYN3pfYmdRcTE1VFZZMUFiRjk4eHo1NkNvc1ZlOUVGX3g0azJjSElobnBXckowVTBNaFhPb3JUbkZQXzJESkVRM09PYllNQk5Qd193WDFwc0g5UFI?oc=5\" target=\"_blank\" rel=\"nofollow noopener\">Skoki narciarskie Zakopane 2026. Domen Prevc na czele. S\u0142owe\u0144cy wyst\u0105pi\u0105 w najsilniejszym sk\u0142adzie<\/a>&nbsp;&nbsp;Eurosport Polska<\/li>\n<li><a href=\"https:\/\/news.google.com\/rss\/articles\/CBMi4AFBVV95cUxPNGdOUzJZbGtleEY0emU4bTd6LXEwc3pVOEtlSG9wSzNDVXp5NGdyaGRZUmlKXzNqZVB5VjlubV9zejgwbUlVN3kxQkxXUF96bi1meDNycnhkS1pIQ3JuT2tYSnRCcVJJYnlkUDVEN0w5OEdtNmtqSy1YekZ2S3RVc3lUVGZiR01nS3lMM0R3YkxiWkhueVROTHl1X29iYXd0Ylg2MjB5YkIzV2tpVHd0R1hPWC00bU1FQlZ5RmFsMERwUVZsQkZybHQ3d2hwS1Rmcm94OGRkNFYyeWhwbGdPSA?oc=5\" target=\"_blank\" rel=\"nofollow noopener\">Puchar \u015awiata w Zakopanem: wielkie \u015bwi\u0119to skok\u00f3w narciarskich i wyj\u0105tkowe po\u017cegnanie Kamila Stocha<\/a>&nbsp;&nbsp;Rzeczpospolita<\/li>\n<\/ol>\n","protected":false},"excerpt":{"rendered":"S\u0142owe\u0144cy og\u0142osili kadr\u0119 na P\u015a w Zakopanem! Wiadomo co z Domenem Prevcem&nbsp;&nbsp;Przegl\u0105d Sportowy Onet Szale\u0144stwo! Tyle kosztuj\u0105 bilety&hellip;\n","protected":false},"author":2,"featured_media":192617,"comment_status":"","ping_status":"","sticky":false,"template":"","format":"standard","meta":{"footnotes":""},"categories":[5],"tags":[32,33,30082,36,37,27,67,34,35,28,31,25,42,38,40,39,41,136,128,34193,47,1874,135,29,30,26,130,1570],"class_list":{"0":"post-192616","1":"post","2":"type-post","3":"status-publish","4":"format-standard","5":"has-post-thumbnail","7":"category-naglowki","8":"tag-breaking-news","9":"tag-breakingnews","10":"tag-domen_prevc","11":"tag-featured-news","12":"tag-featurednews","13":"tag-headlines","14":"tag-intextvideo_splayer","15":"tag-latest-news","16":"tag-latestnews","17":"tag-naglowki","18":"tag-najwazniejsze-artykuly","19":"tag-news","20":"tag-pl","21":"tag-poland","22":"tag-polish","23":"tag-polska","24":"tag-polski","25":"tag-ps_detal_new","26":"tag-psv2","27":"tag-puchar_swiata_w_zakopanem","28":"tag-screening_general","29":"tag-skoki_narciarskie","30":"tag-sport_sport","31":"tag-top-stories","32":"tag-topstories","33":"tag-wiadomosci","34":"tag-wiadomosci_sportowe","35":"tag-zakopane"},"share_on_mastodon":{"url":"https:\/\/pubeurope.com\/@pl\/115856018195709154","error":""},"_links":{"self":[{"href":"https:\/\/www.europesays.com\/pl\/wp-json\/wp\/v2\/posts\/192616","targetHints":{"allow":["GET"]}}],"collection":[{"href":"https:\/\/www.europesays.com\/pl\/wp-json\/wp\/v2\/posts"}],"about":[{"href":"https:\/\/www.europesays.com\/pl\/wp-json\/wp\/v2\/types\/post"}],"author":[{"embeddable":true,"href":"https:\/\/www.europesays.com\/pl\/wp-json\/wp\/v2\/users\/2"}],"replies":[{"embeddable":true,"href":"https:\/\/www.europesays.com\/pl\/wp-json\/wp\/v2\/comments?post=192616"}],"version-history":[{"count":0,"href":"https:\/\/www.europesays.com\/pl\/wp-json\/wp\/v2\/posts\/192616\/revisions"}],"wp:featuredmedia":[{"embeddable":true,"href":"https:\/\/www.europesays.com\/pl\/wp-json\/wp\/v2\/media\/192617"}],"wp:attachment":[{"href":"https:\/\/www.europesays.com\/pl\/wp-json\/wp\/v2\/media?parent=192616"}],"wp:term":[{"taxonomy":"category","embeddable":true,"href":"https:\/\/www.europesays.com\/pl\/wp-json\/wp\/v2\/categories?post=192616"},{"taxonomy":"post_tag","embeddable":true,"href":"https:\/\/www.europesays.com\/pl\/wp-json\/wp\/v2\/tags?post=192616"}],"curies":[{"name":"wp","href":"https:\/\/api.w.org\/{rel}","templated":true}]}}