{"id":192618,"date":"2026-01-07T21:48:08","date_gmt":"2026-01-07T21:48:08","guid":{"rendered":"https:\/\/www.europesays.com\/pl\/192618\/"},"modified":"2026-01-07T21:48:08","modified_gmt":"2026-01-07T21:48:08","slug":"atletico-i-betis-walczyly-do-konca-kulisy-transferu-pietuszewskiego","status":"publish","type":"post","link":"https:\/\/www.europesays.com\/pl\/192618\/","title":{"rendered":"Atletico i Betis walczy\u0142y do ko\u0144ca! Kulisy transferu Pietuszewskiego"},"content":{"rendered":"<p>Oskar Pietuszewski oficjalnie zosta\u0142 zawodnikiem FC Porto. Agent zawodnika, Mariusz Piekarski, opowiada nam jako pierwszym o kulisach tego transferu. &#8211; Mieli\u015bmy na stole oferty z Atletico i Betisu. Hiszpanie walczyli do samego ko\u0144ca, ale Jagiellonia zachowa\u0142a si\u0119 bardzo fair &#8211; m\u00f3wi agent 17-latka.<\/p>\n<p>O tym, \u017ce jeden z najwi\u0119kszych polskich talent\u00f3w ostatnich lat najprawdopodobniej trafi do FC Porto, informowali\u015bmy dzie\u0144 przed Wigili\u0105. Ju\u017c wtedy rozmowy pomi\u0119dzy Jagielloni\u0105 Bia\u0142ystok a liderem ligi portugalskiej by\u0142y na bardzo zaawansowanym poziomie. Zwolni\u0142y na czas \u015bwi\u0105teczny, ale tu\u017c przed Nowym Rokiem wesz\u0142y w decyduj\u0105c\u0105 faz\u0119 i zako\u0144czy\u0142y si\u0119 w miniony poniedzia\u0142ek.<\/p>\n<p>Dalsza cz\u0119\u015b\u0107 tekstu pod wideo<\/p>\n<p>&#8211; Rozmowy z FC Porto zacz\u0119li\u015bmy jeszcze we wrze\u015bniu. Wytypowali\u015bmy i zg\u0142osili\u015bmy si\u0119 do Portugalczyk\u00f3w jako idealne miejsce do rozwoju dla Oskara. Wiadomo by\u0142o o gigantycznym zainteresowaniu jego osob\u0105, od zapyta\u0144 do obserwacji, ale nie chcieli\u015bmy wskakiwa\u0107 na zbyt g\u0142\u0119bok\u0105 wod\u0119. Z tego wzgl\u0119du od razu odrzucili\u015bmy kilka kierunk\u00f3w: Angli\u0119, Niemcy i W\u0142ochy &#8211; t\u0142umaczy nam Mariusz Piekarski.<\/p>\n<p>&#8211; Nast\u0119pne miesi\u0105ce to ju\u017c praca Porto. Dok\u0142adna obserwacja zawodnika na meczach, zbieranie informacji, zaczynaj\u0105c od najbardziej oczywistych ludzi jak Jakub Kiwior i Jan Bednarek, po pog\u0142\u0119biony wywiad \u015brodowiskowy, oraz analiza jego potencja\u0142u. Wszystko si\u0119 zgadza\u0142o. Porto by\u0142o zdecydowane na Oskara i zacz\u0119\u0142y si\u0119 negocjacje z Jagielloni\u0105, kt\u00f3re mocno przyspieszy\u0142y w grudniu &#8211; m\u00f3wi nam agent zawodnika.<\/p>\n<p>Pietuszewskiemu bardzo spodoba\u0142 si\u0119 portugalski projekt. Z wi\u0119kszych lig bra\u0142 jedynie pod uwag\u0119 przenosiny do La Liga. I na finiszu negocjacji ze \u201cSmokami\u201d do ofensywy przeszli tak\u017ce Hiszpanie.<\/p>\n<p>&#8211; W minionym tygodniu negocjacje zmierza\u0142y ku ko\u0144cowi. Oskar polecia\u0142 z kolegami na mecz Realu do Madrytu. Na poniedzia\u0142kowy wiecz\u00f3r mia\u0142 wykupiony lot powrotny do Polski, ale ju\u017c w niedziel\u0119 czu\u0142em, \u017ce b\u0119dzie dobrze i powiedzia\u0142em mu, \u017ce rano mo\u017ce obudzi\u0107 si\u0119 z wykupionym samolotem do Porto. I tak te\u017c si\u0119 sta\u0142o. Zamiast do Warszawy polecia\u0142 do Portugalii, gdzie czeka\u0142 na ostateczne porozumienie. Mia\u0142 zaplanowane testy medyczne i podpisanie kontraktu. Ja z Damianem Paziewskim (partner w agencji Unidos) dolecieli\u015bmy we wtorek rano &#8211; wyja\u015bni\u0142 agent Pietuszewskiego.<\/p>\n<p>&#8211; O Oskara do ko\u0144ca walczy\u0142y Atletico i Betis. Mieli\u015bmy z nimi wynegocjowane kontrakty. Wszystko by\u0142o ju\u017c bardzo konkretne i gdyby rozmowy z Porto si\u0119 za\u0142ama\u0142y, w poniedzia\u0142ek Atletico mia\u0142o z\u0142o\u017cy\u0107 oficjaln\u0105 ofert\u0119 do Jagiellonii Bia\u0142ystok. Ma\u0142o tego. Oba hiszpa\u0144skie kluby by\u0142y gotowe zostawi\u0107 Pietuszewskiego w Bia\u0142ymstoku do ko\u0144ca sezonu. I tu szacunek dla Jagiellonii. Dyrektor sportowy, \u0141ukasz Mas\u0142owski, zdawa\u0142 sobie spraw\u0119, gdzie jest najlepsze miejsce do rozwoju zawodnika. Bra\u0142 pod uwag\u0119 jego zdanie. Mo\u017ce ugra\u0142by nieco wi\u0119cej z Atletico i Betisem, ale podszed\u0142 do tego po ludzku. Pe\u0142na klasa &#8211; zdradza nam Piekarski. &#8211; zdradza nam Piekarski.<\/p>\n<p>Ostateczna kwota transferu za Pietuszewskiego to 10 milion\u00f3w euro z wliczonymi bonusami + 10 procent od zysku z kolejnego transferu. To oznacza, \u017ce 17-latek nie pobije rekordu transferowego Ekstraklasy. Przynajmniej na razie.<\/p>\n<p>&#8211; Zafiksowanie si\u0119 na rekord transferowy to kompletny absurd. Mogli\u015bmy przeci\u0105ga\u0107, negocjowa\u0107, dopu\u015bci\u0107 kluby z Premier League, i pewnie spokojne przebi\u0107 te 11 milion\u00f3w. I co z tego? Tu chodzi\u0142o o m\u0105dry rozw\u00f3j zawodnika. Ostatecznie uwa\u017cam, \u017ce to \u015bwietny deal dla ka\u017cdej ze stron. Wybrali\u015bmy m\u0105dry projekt z du\u017c\u0105 szans\u0105 na granie, a Jagiellonia znacz\u0105co bije sw\u00f3j rekord transferowy i buduje histori\u0119 swojego sukcesu. Wysoko sprzedaje swojego wychowanka, mo\u017ce przesun\u0105\u0107 poprzeczk\u0119 w negocjacjach przy innych transferach. Uwa\u017cam, \u017ce dzi\u015b to jest najlepiej pouk\u0142adany klub w Polsce. A rekord transferowy Ekstraklasy? Je\u015bli Oskar b\u0119dzie zdrowy i rozwija\u0142 si\u0119, jak planujemy, &#8222;Jaga&#8221; dostanie porz\u0105dne pieni\u0105dze z procentu od kolejnego transferu i ten rekord pobije &#8211; powiedzia\u0142 Piekarski.<\/p>\n<p>FC Porto kolejne spotkanie rozegra 14 stycznia. To \u0107wier\u0107fina\u0142 Pucharu Portugalii z Benfic\u0105 Lizbona. Czy Pietuszewski ma szans\u0119 na debiut ju\u017c w tym spotkaniu? Niekoniecznie.<\/p>\n<p>&#8211; Pami\u0119tajmy, \u017ce Oskar jest zawodnikiem niepe\u0142noletnim, dlatego transfer musi by\u0107 jeszcze zaakceptowany przez FIFA. Mo\u017ce to potrwa\u0107 nawet 2-3 tygodnie. Liczymy, \u017ce kr\u00f3cej, ale trzeba si\u0119 liczy\u0107, \u017ce trzeba b\u0119dzie chwil\u0119 poczeka\u0107 na jego debiut. Je\u015bli zabraknie go na \u0142awce rezerwowych, mo\u017ce to przede wszystkim wynika\u0107 z przepis\u00f3w &#8211; t\u0142umaczy Piekarski.<\/p>\n<p>Dlatego te\u017c zawodnik nie m\u00f3g\u0142 przed uko\u0144czeniem 18. roku \u017cycia podpisa\u0107 umowy d\u0142u\u017cszej ni\u017c trzy lata. W rzeczywisto\u015bci kontrakt ma wynosi\u0107 pi\u0119\u0107 lat i inna umowa wejdzie w \u017cycie, gdy Pietuszewski b\u0119dzie pe\u0142noletni. Na transfer musieli te\u017c zgodzi\u0107 si\u0119 rodzice pi\u0142karza.<\/p>\n","protected":false},"excerpt":{"rendered":"Oskar Pietuszewski oficjalnie zosta\u0142 zawodnikiem FC Porto. Agent zawodnika, Mariusz Piekarski, opowiada nam jako pierwszym o kulisach tego&hellip;\n","protected":false},"author":2,"featured_media":192619,"comment_status":"","ping_status":"","sticky":false,"template":"","format":"standard","meta":{"footnotes":""},"categories":[24],"tags":[42,38,40,39,41,127,126],"class_list":{"0":"post-192618","1":"post","2":"type-post","3":"status-publish","4":"format-standard","5":"has-post-thumbnail","7":"category-sport","8":"tag-pl","9":"tag-poland","10":"tag-polish","11":"tag-polska","12":"tag-polski","13":"tag-sport","14":"tag-sports"},"share_on_mastodon":{"url":"https:\/\/pubeurope.com\/@pl\/115856022253020684","error":""},"_links":{"self":[{"href":"https:\/\/www.europesays.com\/pl\/wp-json\/wp\/v2\/posts\/192618","targetHints":{"allow":["GET"]}}],"collection":[{"href":"https:\/\/www.europesays.com\/pl\/wp-json\/wp\/v2\/posts"}],"about":[{"href":"https:\/\/www.europesays.com\/pl\/wp-json\/wp\/v2\/types\/post"}],"author":[{"embeddable":true,"href":"https:\/\/www.europesays.com\/pl\/wp-json\/wp\/v2\/users\/2"}],"replies":[{"embeddable":true,"href":"https:\/\/www.europesays.com\/pl\/wp-json\/wp\/v2\/comments?post=192618"}],"version-history":[{"count":0,"href":"https:\/\/www.europesays.com\/pl\/wp-json\/wp\/v2\/posts\/192618\/revisions"}],"wp:featuredmedia":[{"embeddable":true,"href":"https:\/\/www.europesays.com\/pl\/wp-json\/wp\/v2\/media\/192619"}],"wp:attachment":[{"href":"https:\/\/www.europesays.com\/pl\/wp-json\/wp\/v2\/media?parent=192618"}],"wp:term":[{"taxonomy":"category","embeddable":true,"href":"https:\/\/www.europesays.com\/pl\/wp-json\/wp\/v2\/categories?post=192618"},{"taxonomy":"post_tag","embeddable":true,"href":"https:\/\/www.europesays.com\/pl\/wp-json\/wp\/v2\/tags?post=192618"}],"curies":[{"name":"wp","href":"https:\/\/api.w.org\/{rel}","templated":true}]}}