{"id":192700,"date":"2026-01-07T22:54:08","date_gmt":"2026-01-07T22:54:08","guid":{"rendered":"https:\/\/www.europesays.com\/pl\/192700\/"},"modified":"2026-01-07T22:54:08","modified_gmt":"2026-01-07T22:54:08","slug":"odwolanie-pociagu-ic-nr-4120-1-daszynski-w-relacji-bielsko-biala-glowna-warszawa-wschodnia-w-dniu-07-01-2026-roku","status":"publish","type":"post","link":"https:\/\/www.europesays.com\/pl\/192700\/","title":{"rendered":"Odwo\u0142anie poci\u0105gu IC nr 4120\/1 ,,DASZY\u0143SKI\u201d w relacji Bielsko-Bia\u0142a G\u0142\u00f3wna \u2013 Warszawa Wschodnia w dniu 07.01.2026 roku"},"content":{"rendered":"<p>W dniu 07.01.2026 roku z powodu awarii taboru poci\u0105g IC nr 4120\/1 ,,DASZY\u0143SKI\u201d relacji Bielsko-Bia\u0142a G\u0142\u00f3wna \u2013 Bia\u0142ystok zosta\u0142 odwo\u0142any na odciku Bielsko-Bia\u0142a G\u0142\u00f3wna \u2013 Warszawa Wschodnia, podr\u00f3\u017cnym umo\u017cliwiono przejazd i uzgodniono honorowanie bilet\u00f3w w ni\u017cej wymienionych poci\u0105gach:<\/p>\n<ul>&#13;<\/p>\n<li>EIP nr 4500\/1\u00a0relacji Bielsko-Bia\u0142a G\u0142\u00f3wna \u2013 Gdynia G\u0142\u00f3wna na odcinku Bielsko-Bia\u0142a G\u0142\u00f3wna \u2013 Warszawa Wschodnia z dodatkowymi postojami na stacji D\u0105browa G\u00f3rnicza, B\u0119dzin<\/li>\n<p>&#13;<\/p>\n<li>KS nr 40684 relacji Gliwice \u2013 Cz\u0119stochowa na odcinku Katowice \u2013 Cz\u0119stochowa<\/li>\n<p>&#13;<\/p>\n<li>PR nr 42310 relacji Cz\u0119stochowa \u2013 Kielce G\u0142\u00f3wne na odcinku Cz\u0119stochowa \u2013 W\u0142oszczowa P\u00f3\u0142noc<\/li>\n<p>&#13;<\/p>\n<li>IC nr 102 (41002\/3) ,,POLONIA\u201d relacji \u00a0Wien Westbahnhof \u2013 Warszawa Wschodnia na odcinku W\u0142oszczowa P\u00f3\u0142noc \u2013 Warszawa Wschodnia<\/li>\n<p>&#13;\n<\/ul>\n<p>Od stacji Warszawa Wschodnia uruchomiony zostanie sk\u0142ad zast\u0119pczy ED161.<\/p>\n<p>Prosimy o zwracanie uwagi na komunikaty g\u0142osowe.<\/p>\n<p>\u00a0Informujemy, \u017ce maj\u0105 Pa\u0144stwo prawo do zg\u0142oszenia reklamacji, dotycz\u0105cej komfortu podro\u017cy. Reklamacj\u0119, mo\u017cna zg\u0142osi\u0107:<\/p>\n<ul>&#13;<\/p>\n<li>\u00a0za po\u015brednictwem\u00a0<a href=\"http:\/\/www.intercity.pl\/pl\/site\/dla-pasazera\/obsluga-klientow\/reklamacje-i-skargi\/zglos-reklamacje.html\" rel=\"nofollow noopener\" target=\"_blank\">formularza reklamacyjnego<\/a>, kt\u00f3ry jest na stronie internetowej (w polu \u201eTwoje pytanie dotyczy\u201d nale\u017cy wybra\u0107 \u201eKomfortu podr\u00f3\u017cy\u201d),<\/li>\n<p>&#13;<\/p>\n<li>osobi\u015bcie w dowolnej kasie biletowej oznaczonej logotypem Sp\u00f3\u0142ki PKP Intercity,<\/li>\n<p>&#13;<\/p>\n<li>przesy\u0142k\u0105 pocztow\u0105 na adres: PKP Intercity S.A. Centrala Sp\u00f3\u0142ki, Al. Jerozolimskie 142 A, 02-305 Warszawa.<\/li>\n<p>&#13;\n<\/ul>\n<p>\u00a0Przepraszamy za niedogodno\u015bci.\u00a0<\/p>\n","protected":false},"excerpt":{"rendered":"W dniu 07.01.2026 roku z powodu awarii taboru poci\u0105g IC nr 4120\/1 ,,DASZY\u0143SKI\u201d relacji Bielsko-Bia\u0142a G\u0142\u00f3wna \u2013 Bia\u0142ystok&hellip;\n","protected":false},"author":2,"featured_media":10723,"comment_status":"","ping_status":"","sticky":false,"template":"","format":"standard","meta":{"footnotes":""},"categories":[16],"tags":[4333,4334,113,112,4337,2186,4336,4339,1201,1205,4335,1305,1195,42,38,40,39,41,1812,4338,4340],"class_list":{"0":"post-192700","1":"post","2":"type-post","3":"status-publish","4":"format-standard","5":"has-post-thumbnail","7":"category-biznes","8":"tag-bilet-intercity","9":"tag-bilety-kolejowe","10":"tag-biznes","11":"tag-business","12":"tag-eic","13":"tag-eip","14":"tag-ekspress-intercity-premium","15":"tag-grupa-pkp","16":"tag-intercity","17":"tag-kolej","18":"tag-kup-bilet","19":"tag-pendolino","20":"tag-pkp-intercity","21":"tag-pl","22":"tag-poland","23":"tag-polish","24":"tag-polska","25":"tag-polski","26":"tag-przewoznicy","27":"tag-tlk","28":"tag-uslugi-przewozowe"},"share_on_mastodon":{"url":"https:\/\/pubeurope.com\/@pl\/115856281587057056","error":""},"_links":{"self":[{"href":"https:\/\/www.europesays.com\/pl\/wp-json\/wp\/v2\/posts\/192700","targetHints":{"allow":["GET"]}}],"collection":[{"href":"https:\/\/www.europesays.com\/pl\/wp-json\/wp\/v2\/posts"}],"about":[{"href":"https:\/\/www.europesays.com\/pl\/wp-json\/wp\/v2\/types\/post"}],"author":[{"embeddable":true,"href":"https:\/\/www.europesays.com\/pl\/wp-json\/wp\/v2\/users\/2"}],"replies":[{"embeddable":true,"href":"https:\/\/www.europesays.com\/pl\/wp-json\/wp\/v2\/comments?post=192700"}],"version-history":[{"count":0,"href":"https:\/\/www.europesays.com\/pl\/wp-json\/wp\/v2\/posts\/192700\/revisions"}],"wp:featuredmedia":[{"embeddable":true,"href":"https:\/\/www.europesays.com\/pl\/wp-json\/wp\/v2\/media\/10723"}],"wp:attachment":[{"href":"https:\/\/www.europesays.com\/pl\/wp-json\/wp\/v2\/media?parent=192700"}],"wp:term":[{"taxonomy":"category","embeddable":true,"href":"https:\/\/www.europesays.com\/pl\/wp-json\/wp\/v2\/categories?post=192700"},{"taxonomy":"post_tag","embeddable":true,"href":"https:\/\/www.europesays.com\/pl\/wp-json\/wp\/v2\/tags?post=192700"}],"curies":[{"name":"wp","href":"https:\/\/api.w.org\/{rel}","templated":true}]}}