{"id":192721,"date":"2026-01-07T23:09:11","date_gmt":"2026-01-07T23:09:11","guid":{"rendered":"https:\/\/www.europesays.com\/pl\/192721\/"},"modified":"2026-01-07T23:09:11","modified_gmt":"2026-01-07T23:09:11","slug":"minneapolis-agent-ice-zastrzelil-kobiete-podczas-akcji-federalnej-chaos-na-ulicach","status":"publish","type":"post","link":"https:\/\/www.europesays.com\/pl\/192721\/","title":{"rendered":"Minneapolis. Agent ICE zastrzeli\u0142 kobiet\u0119 podczas akcji federalnej, chaos na ulicach"},"content":{"rendered":"<p class=\"article-p\" data-section=\"detail-body\">Setki funkcjonariuszy federalnych pojawi\u0142y si\u0119 w \u015brod\u0119 7 stycznia rano na skrzy\u017cowaniu 33rd i Portland Avenue w Minneapolis. Operacja by\u0142a cz\u0119\u015bci\u0105 najwi\u0119kszej w historii akcji imigracyjnej w Minnesocie, w kt\u00f3rej uczestniczy oko\u0142o 2 tys. agent\u00f3w ICE. W trakcie dzia\u0142a\u0144 jeden z funkcjonariuszy odda\u0142 strza\u0142 w kierunku kobiety prowadz\u0105cej SUV-a. Samoch\u00f3d uderzy\u0142 w s\u0142up, a nast\u0119pnie uszkodzi\u0142 dwa zaparkowane pojazdy. Kobieta zgin\u0119\u0142a na miejscu.<\/p>\n<p class=\"article-p\" data-section=\"detail-body\">Czytaj te\u017c: <a href=\"https:\/\/www.fakt.pl\/wydarzenia\/swiat\/usa-strzelanina-blisko-bialego-domu-poszkodowani-dwaj-zolnierze\/9m975vq\" id=\"07ad6575-2f04-4bbb-8595-f8f231ba00db\" rel=\"nofollow noopener\" target=\"_blank\">Strzelanina nieopodal Bia\u0142ego Domu! Poszkodowani dwaj \u017co\u0142nierze<\/a><\/p>\n<p>        Stany Zjednoczone. Agent federalny \u015bmiertelnie postrzeli\u0142 kobiet\u0119, ogromny chaos w Minneapolis<\/p>\n<p class=\"article-p\" data-section=\"detail-body\">Senator Tina Smith poinformowa\u0142a, \u017ce ofiara by\u0142a obywatelk\u0105 USA. Po incydencie na ulicach Minneapolis dosz\u0142o do zamieszek, a sytuacja wymkn\u0119\u0142a si\u0119 spod kontroli. Gubernator Minnesoty Tim Walz zaapelowa\u0142 o spok\u00f3j, a burmistrz miasta Jacob Frey wezwa\u0142 ICE do natychmiastowego opuszczenia Minneapolis, podkre\u015blaj\u0105c, \u017ce obecno\u015b\u0107 federalnych agent\u00f3w wprowadza chaos w mie\u015bcie.<\/p>\n<p class=\"article-p\" data-section=\"detail-body\">Rzeczniczka Departamentu Bezpiecze\u0144stwa Krajowego (DHS), Tricia McLaughlin, o\u015bwiadczy\u0142a, \u017ce kobieta by\u0142a &#8222;agresywn\u0105 uczestniczk\u0105 zamieszek&#8221; i celowo pr\u00f3bowa\u0142a przejecha\u0107 funkcjonariuszy. &#8222;Funkcjonariusz ICE, obawiaj\u0105c si\u0119 o \u017cycie swoje, swoich koleg\u00f3w i bezpiecze\u0144stwo publiczne, odda\u0142 strza\u0142y w obronie w\u0142asnej&#8221; \u2014 napisa\u0142a w mediach spo\u0142eczno\u015bciowych.<\/p>\n<p class=\"article-p\" data-section=\"detail-body\">Wed\u0142ug DHS grupa protestuj\u0105cych mia\u0142a blokowa\u0107 dzia\u0142ania agent\u00f3w, a kobieta &#8222;u\u017cy\u0142a samochodu jako broni&#8221;. Resort okre\u015bli\u0142 zdarzenie mianem &#8222;aktu terroryzmu krajowego&#8221; i pr\u00f3b\u0105 zab\u00f3jstwa funkcjonariuszy. Operacja ICE w Minnesocie ma zwi\u0105zek z zarzutami dotycz\u0105cymi nadu\u017cy\u0107 i oszustw w cz\u0119\u015bci spo\u0142eczno\u015bci somalijskiej.<\/p>\n<p class=\"article-p\" data-section=\"detail-body\">Strzelanina i obecno\u015b\u0107 agent\u00f3w ICE w mie\u015bcie wywo\u0142a\u0142y ostr\u0105 reakcj\u0119 lokalnych polityk\u00f3w. Burmistrz Jacob Frey wyrazi\u0142 swoje oburzenie, podkre\u015blaj\u0105c, \u017ce dzia\u0142ania federalnych funkcjonariuszy destabilizuj\u0105 sytuacj\u0119 w Minneapolis. W podobnym tonie wypowiedzieli si\u0119 inni przedstawiciele w\u0142adz regionu, domagaj\u0105c si\u0119 zako\u0144czenia operacji i wycofania agent\u00f3w z miasta.<\/p>\n<p class=\"article-p\" data-section=\"detail-body\">\u0179r\u00f3d\u0142o: ameryka\u0144skie media\/ Fakt.pl<\/p>\n<p class=\"article-p\" data-section=\"detail-body\"><a href=\"https:\/\/www.fakt.pl\/wydarzenia\/polska\/krakow\/strzaly-i-policyjny-poscig-w-krakowie-19-latek-mial-przy-sobie-narkotyki\/61th2n4\" id=\"2ee980e5-7cc2-4a62-8b32-0decae0ded8d\" rel=\"nofollow noopener\" target=\"_blank\">Szokuj\u0105ce nagranie z po\u015bcigu w Krakowie. Policjant potr\u0105cony, pad\u0142y strza\u0142y<\/a><\/p>\n<p class=\"article-p\" data-section=\"detail-body\"><a href=\"https:\/\/www.fakt.pl\/wydarzenia\/polska\/bialystok\/bialystok-strzelal-do-policjantow-podczas-zatrzymania-sa-ranni\/jvwbtjw\" id=\"21860da9-57f2-4db9-9524-a090f0141e5f\" rel=\"nofollow noopener\" target=\"_blank\">Dramatyczna akcja w Bia\u0142ymstoku. Posypa\u0142y si\u0119 strza\u0142y<\/a><\/p>\n<p>        \/14<\/p>\n<p>                    <img decoding=\"async\" class=\"article-image-img\" loading=\"lazy\" alt=\"\" src=\"https:\/\/www.europesays.com\/pl\/wp-content\/uploads\/2026\/01\/XJ-k9kuTURBXy83ZTJmNTAxOC0yY2FjLTRiNDMtYjY3OC04MDI4YzZmYjdmMWQuanBlZ5GTAs0DSM0B2N4AAqEwAaExAQ.jpeg\" width=\"840\" height=\"472\"\/><\/p>\n<p>                  Tim Evans \/ Reuters<\/p>\n<p class=\"article-gallery-p\">\n        Szok w Stanach Zjednoczonych. Podczas operacji federalnej w Minneapolis agent ICE \u015bmiertelnie postrzeli\u0142 kobiet\u0119, kt\u00f3ra zgin\u0119\u0142a na miejscu.\n    <\/p>\n<p>        \/14<\/p>\n<p>                    <img decoding=\"async\" class=\"article-image-img\" loading=\"lazy\" alt=\"\" src=\"https:\/\/www.europesays.com\/pl\/wp-content\/uploads\/2026\/01\/GCHk9kuTURBXy9iZDU2MDFhMy0wMGFlLTQ4ZWItODExYy02NmJhZDc4M2Q1ZDEuanBlZ5GTAs0DSM0CL94AAqEwAaExAQ.jpeg\" width=\"840\" height=\"559\"\/><\/p>\n<p>                  Tim Evans \/ Reuters<\/p>\n<p class=\"article-gallery-p\">\n        Departament Bezpiecze\u0144stwa Krajowego (DHS) twierdzi, \u017ce by\u0142a to obrona konieczna, poniewa\u017c kobieta mia\u0142a pr\u00f3bowa\u0107 przejecha\u0107 funkcjonariuszy.\n    <\/p>\n","protected":false},"excerpt":{"rendered":"Setki funkcjonariuszy federalnych pojawi\u0142y si\u0119 w \u015brod\u0119 7 stycznia rano na skrzy\u017cowaniu 33rd i Portland Avenue w Minneapolis.&hellip;\n","protected":false},"author":2,"featured_media":192722,"comment_status":"","ping_status":"","sticky":false,"template":"","format":"standard","meta":{"footnotes":""},"categories":[14],"tags":[32,33,27,34,35,28,31,25,40,41,80,29,30,26,82,83,84],"class_list":{"0":"post-192721","1":"post","2":"type-post","3":"status-publish","4":"format-standard","5":"has-post-thumbnail","7":"category-swiat","8":"tag-breaking-news","9":"tag-breakingnews","10":"tag-headlines","11":"tag-latest-news","12":"tag-latestnews","13":"tag-naglowki","14":"tag-najwazniejsze-artykuly","15":"tag-news","16":"tag-polish","17":"tag-polski","18":"tag-swiat","19":"tag-top-stories","20":"tag-topstories","21":"tag-wiadomosci","22":"tag-world","23":"tag-world-news","24":"tag-worldnews"},"share_on_mastodon":{"url":"https:\/\/pubeurope.com\/@pl\/115856340736462859","error":""},"_links":{"self":[{"href":"https:\/\/www.europesays.com\/pl\/wp-json\/wp\/v2\/posts\/192721","targetHints":{"allow":["GET"]}}],"collection":[{"href":"https:\/\/www.europesays.com\/pl\/wp-json\/wp\/v2\/posts"}],"about":[{"href":"https:\/\/www.europesays.com\/pl\/wp-json\/wp\/v2\/types\/post"}],"author":[{"embeddable":true,"href":"https:\/\/www.europesays.com\/pl\/wp-json\/wp\/v2\/users\/2"}],"replies":[{"embeddable":true,"href":"https:\/\/www.europesays.com\/pl\/wp-json\/wp\/v2\/comments?post=192721"}],"version-history":[{"count":0,"href":"https:\/\/www.europesays.com\/pl\/wp-json\/wp\/v2\/posts\/192721\/revisions"}],"wp:featuredmedia":[{"embeddable":true,"href":"https:\/\/www.europesays.com\/pl\/wp-json\/wp\/v2\/media\/192722"}],"wp:attachment":[{"href":"https:\/\/www.europesays.com\/pl\/wp-json\/wp\/v2\/media?parent=192721"}],"wp:term":[{"taxonomy":"category","embeddable":true,"href":"https:\/\/www.europesays.com\/pl\/wp-json\/wp\/v2\/categories?post=192721"},{"taxonomy":"post_tag","embeddable":true,"href":"https:\/\/www.europesays.com\/pl\/wp-json\/wp\/v2\/tags?post=192721"}],"curies":[{"name":"wp","href":"https:\/\/api.w.org\/{rel}","templated":true}]}}