{"id":192753,"date":"2026-01-07T23:31:09","date_gmt":"2026-01-07T23:31:09","guid":{"rendered":"https:\/\/www.europesays.com\/pl\/192753\/"},"modified":"2026-01-07T23:31:09","modified_gmt":"2026-01-07T23:31:09","slug":"rusza-proces-ryszarda-czarneckiego-polityk-przekonuje-temat-dawno-wyjasniony","status":"publish","type":"post","link":"https:\/\/www.europesays.com\/pl\/192753\/","title":{"rendered":"Rusza proces Ryszarda Czarneckiego. Polityk przekonuje: temat dawno wyja\u015bniony"},"content":{"rendered":"\n<p>Akt oskar\u017cenia w\u00a0tej sprawie zosta\u0142 skierowany do warszawskiego s\u0105du przez Prokuratur\u0119 Okr\u0119gow\u0105 w\u00a0Zamo\u015bciu w\u00a0grudniu 2024 r. W\u00a0\u015brod\u0119 ruszy\u0142 proces Jednak zanim s\u0119dzia Piotr G\u0105ciarek otworzy\u0142 przew\u00f3d s\u0105dowy, obro\u0144cy Ryszarda Czarneckiego (jest zgoda na publikacj\u0119 nazwiska), wskazuj\u0105c m.in. na niezgodno\u015b\u0107 tre\u015bci aktu oskar\u017cenia z\u00a0informacj\u0105, kt\u00f3ra wp\u0142yn\u0119\u0142a z\u00a0Parlamentu Europejskiego przed jego wniesieniem, zawnioskowali o\u00a0zwrot aktu prokuraturze celem uzupe\u0142nienia. S\u0105d nie przychyli\u0142 si\u0119 do tego wniosku.<\/p>\n<p>Po wnioskach medi\u00f3w s\u0119dzia zastrzeg\u0142, \u017ce do momentu wydania wyroku niedopuszczalne b\u0119dzie przytaczanie w\u00a0spos\u00f3b bezpo\u015bredni tre\u015bci wyja\u015bnie\u0144 oskar\u017conego. Swoj\u0105 decyzj\u0119 s\u0105d odni\u00f3s\u0142 te\u017c do \u015bwiadk\u00f3w. Chodzi o\u00a0to, by nie sugerowa\u0107 si\u0119 zeznaniami. Nast\u0119pnie proces ruszy\u0142 i\u00a0prokurator Artur Szyku\u0142a odczyta\u0142 akt oskar\u017cenia.<\/p>\n<p> <img role=\"presentation\" class=\"absolute left-1\/2 top-1\/2 max-h-[80%] max-w-[100px] -translate-x-1\/2 -translate-y-1\/2\" src=\"https:\/\/v.wpimg.pl\/ZXJfd3AudTkrBBIAbg54LGhcRlAxHQUrPgJGH2MAeGJoSQ1eIBI_K2UHAEVuBTY5KQMMXC0RPyoVERQdMgM9ejc\" loading=\"lazy\" decoding=\"async\"\/><\/p>\n<p>Zaliczy\u0142 bankructwo i\u00a0powr\u00f3ci\u0142. M\u00f3wi szczerze, co\u00a0go\u00a0uratowa\u0142o <\/p>\n<p>Czarnecki: sprawa dawno zamkni\u0119ta <\/p>\n<p>Obecny na sali rozpraw Ryszard Czarnecki nie przyzna\u0142 si\u0119 do zarzucanych mu czyn\u00f3w. Podkre\u015bli\u0142 m.in., \u017ce nie dzia\u0142a\u0142 z\u00a0zamiarem wprowadzania w\u00a0b\u0142\u0105d, czy oszukiwania Parlamentu Europejskiego oraz \u017ce przedmiotem tego post\u0119powania jest dawno zamkni\u0119ta sprawa. Wielokrotnie wskazywa\u0142, \u017ce wszystkie \u015brodki, kt\u00f3rych oczekiwa\u0142 od niego Parlament Europejski, zosta\u0142y przez niego przekazane oraz \u017ce podmiot, kt\u00f3rego interes ma by\u0107 chroniony nie kwestionuje tego rozliczenia.<\/p>\n<p>Polityk zaznaczy\u0142 te\u017c m.in., \u017ce nie \u0142ama\u0142 prawa ani wewn\u0119trznych regulacji instytucji, a\u00a0rozbie\u017cno\u015bci w\u00a0dokumentach by\u0142y wynikiem b\u0142\u0119d\u00f3w. Wskazywa\u0142 r\u00f3wnie\u017c, \u017ce dla prokuratury i\u00a0obecnego rz\u0105du pomimo \u017ce sprawa jest zamkni\u0119ta, to jest jedn\u0105 ze spraw priorytetowych. Nast\u0119pnie zeznawali \u015bwiadkowie m.in. by\u0142a asystentka polityka.<\/p>\n<p> <img role=\"presentation\" class=\"absolute left-1\/2 top-1\/2 max-h-[80%] max-w-[100px] -translate-x-1\/2 -translate-y-1\/2\" src=\"https:\/\/v.wpimg.pl\/ZXJfd3AudTkrBBIAbg54LGhcRlAxHQUrPgJGH2MAeGJoSQ1eIBI_K2UHAEVuBTY5KQMMXC0RPyoVERQdMgM9ejc\" loading=\"lazy\" decoding=\"async\"\/> <\/p>\n<p>Z aktu oskar\u017cenia wynika, \u017ce Ryszard Czarnecki w\u00a0sporz\u0105dzonych i\u00a0podpisanych przez siebie dokumentach poda\u0142 nieprawd\u0119 odno\u015bnie swojego miejsca zamieszkania w\u00a0Polsce. Prokuratura informowa\u0142a, \u017ce nast\u0119pnie mia\u0142 z\u0142o\u017cy\u0107 243 wniosk\u00f3w o\u00a0zwrot koszt\u00f3w podr\u00f3\u017cy, w\u00a0kt\u00f3rych \u2013\u00a0jak stwierdzono \u2013\u00a0poda\u0142 nieprawd\u0119 w\u00a0kwestii podr\u00f3\u017cy s\u0142u\u017cbowych, w\u00a0tym pojazd\u00f3w, jakimi mia\u0142 je odbywa\u0107 i\u00a0liczby przejechanych kilometr\u00f3w.<\/p>\n<p> <a href=\"https:\/\/www.money.pl\/gospodarka\/ryszard-czarnecki-zegna-sie-bruksela-europoslem-byl-20-lat-oto-co-straci-7036941426252576a.html\" class=\"teaser-inline\" rel=\"nofollow noopener\" target=\"_blank\">  <img decoding=\"async\" src=\"https:\/\/www.europesays.com\/pl\/wp-content\/uploads\/2026\/01\/MTE1OTQ0YjUkUzlnfktvIGcLbT04EmF2MBN1dn4Bf2x1SWAyOFwoJiBBIHo2QjgkJEY_eiFcYjU1WGAiYB8pPTZBIzUoHyg5J1Qr.jpeg\" width=\"0\" height=\"0\" loading=\"lazy\" class=\"wp-media-image cropped\" alt=\"Ryszard Czarnecki \u017cegna si\u0119 Bruksel\u0105. Europos\u0142em by\u0142 20 lat. Oto co straci\"\/><\/p>\n<p>Ryszard Czarnecki \u017cegna si\u0119 Bruksel\u0105. Europos\u0142em by\u0142 20 lat. Oto co straci<\/p>\n<p><\/a><\/p>\n<p>Ile odda\u0142 europose\u0142 <\/p>\n<p>Wed\u0142ug \u015bledczych mia\u0142o to wp\u0142yw na przyznanie mu nienale\u017cnej wyp\u0142aty pieni\u0119dzy zwi\u0105zanych z\u00a0wykonywaniem obowi\u0105zk\u00f3w europos\u0142a. Jak informowa\u0142a prokuratura, polityk w\u00a0latach 2009-2013 mia\u0142 doprowadzi\u0107 Parlament Europejski do niekorzystnego rozporz\u0105dzenia mieniem w\u00a0\u0142\u0105cznej kwocie ok. 203 tys. euro.<\/p>\n<p> <img role=\"presentation\" class=\"absolute left-1\/2 top-1\/2 max-h-[80%] max-w-[100px] -translate-x-1\/2 -translate-y-1\/2\" src=\"https:\/\/v.wpimg.pl\/ZXJfd3AudTkrBBIAbg54LGhcRlAxHQUrPgJGH2MAeGJoSQ1eIBI_K2UHAEVuBTY5KQMMXC0RPyoVERQdMgM9ejc\" loading=\"lazy\" decoding=\"async\"\/> <\/p>\n<p>Prokuratura podawa\u0142a, \u017ce \u0142\u0105czna warto\u015b\u0107 szkody wynios\u0142a 854 tys. z\u0142., a\u00a0jednocze\u015bnie z\u00a0poczynionych ustale\u0144 wynika, \u017ce podejrzany zwr\u00f3ci\u0142 dotychczas pokrzywdzonej instytucji kwot\u0119 104,5 tys. euro (439,6 tys. z\u0142).<\/p>\n<p>Z kolei Ryszard Czarnecki informowa\u0142, \u017ce Parlament Europejski przekaza\u0142 pisemnie swoje stanowisko prokuraturze, podkre\u015blaj\u0105c, \u017ce wszystkie \u015brodki finansowe zwr\u00f3ci\u0142 ju\u017c dawno. Z\u00a0relacji polityka wynika\u0142o te\u017c, \u017ce PE nie ma wobec niego roszcze\u0144 i\u00a0\u017ce nie podtrzyma\u0142 kwoty, o\u00a0kt\u00f3rej m\u00f3wi prokuratura.<\/p>\n<p> <a href=\"https:\/\/www.money.pl\/gospodarka\/ryszard-czarnecki-zatrzymany-oto-majatek-bylego-europosla-pis-7069976844245952a.html\" class=\"teaser-inline\" rel=\"nofollow noopener\" target=\"_blank\">  <img decoding=\"async\" src=\"https:\/\/www.europesays.com\/pl\/wp-content\/uploads\/2026\/01\/OWM5ZmU5YDYsVyxeek5tI28PeAQ8F2N1OBdgT3oEfW99TXULPFkqJShFNUMyRzonLEIqQyVZYDY9XHUbZBorPj5FNgwsGio6L1A-.jpeg\" width=\"0\" height=\"0\" loading=\"lazy\" class=\"wp-media-image cropped\" alt=\"Milioner z PiS zatrzymany przez CBA. Oto maj\u0105tek Czarneckiego\"\/><\/p>\n<p>Milioner z PiS zatrzymany przez CBA. Oto maj\u0105tek Czarneckiego<\/p>\n<p><\/a> <img role=\"presentation\" class=\"absolute left-1\/2 top-1\/2 max-h-[80%] max-w-[100px] -translate-x-1\/2 -translate-y-1\/2\" src=\"https:\/\/v.wpimg.pl\/ZXJfd3AudTkrBBIAbg54LGhcRlAxHQUrPgJGH2MAeGJoSQ1eIBI_K2UHAEVuBTY5KQMMXC0RPyoVERQdMgM9ejc\" loading=\"lazy\" decoding=\"async\"\/> <\/p>\n<p>Od 2004 r. Ryszard Czarnecki by\u0142 pos\u0142em do <a href=\"https:\/\/www.money.pl\/wiadomosci\/parlament-europejski.html\" rel=\"noopener noreferrer nofollow\" target=\"_blank\">Parlamentu Europejskiego<\/a>, a\u00a0w\u00a0latach 2014-2018 pe\u0142ni\u0142 funkcj\u0119 wiceprzewodnicz\u0105cego Parlamentu Europejskiego. W\u00a0lutym 2024 r. Prokuratura Okr\u0119gowa w\u00a0Zamo\u015bciu wnioskowa\u0142a o\u00a0uchylenie mu immunitetu w\u00a0zwi\u0105zku z\u00a0uzasadnionym podejrzeniem pope\u0142nienia przest\u0119pstwa. W\u00a0wyborach nie uzyska\u0142 on mandatu na kolejn\u0105 kadencj\u0119 do PE, wi\u0119c przesta\u0142 go chroni\u0107 immunitet.<\/p>\n<p>\u015aledztwo w\u00a0sprawie niekorzystnego rozporz\u0105dzenia mieniem prokuratura wszcz\u0119\u0142a po zawiadomieniu przez Europejski Urz\u0105d ds. Zwalczania Nadu\u017cy\u0107 Finansowych (OLAF).<\/p>\n<p>Za zarzucany oskar\u017conemu czyn grozi do 15 lat wi\u0119zienia. Kolejny termin rozprawy s\u0105d wyznaczy\u0142 na 9\u00a0stycznia.<\/p>\n<p> <img role=\"presentation\" class=\"absolute left-1\/2 top-1\/2 max-h-[80%] max-w-[100px] -translate-x-1\/2 -translate-y-1\/2\" src=\"https:\/\/v.wpimg.pl\/ZXJfd3AudTkrBBIAbg54LGhcRlAxHQUrPgJGH2MAeGJoSQ1eIBI_K2UHAEVuBTY5KQMMXC0RPyoVERQdMgM9ejc\" loading=\"lazy\" decoding=\"async\"\/> <a href=\"https:\/\/www.money.pl\/gospodarka\/ryszard-czarnecki-nie-martwi-sie-o-przyszlosc-pisze-artykuly-7074831141382848a.html\" class=\"teaser-inline\" rel=\"nofollow noopener\" target=\"_blank\">  <img decoding=\"async\" src=\"https:\/\/www.europesays.com\/pl\/wp-content\/uploads\/2026\/01\/MTMzOTNhYjUsGDlnYRNvIG9AbT0nSmF2OFh1dmFZf2x9AmAyJwQoJigKIHopGjgkLA0_ej4EYjU9E2Aif0cpPT4KIzU3Ryg5Lx8r.jpeg\" width=\"0\" height=\"0\" loading=\"lazy\" class=\"wp-media-image cropped\" alt=\"Ryszard Czarnecki nie martwi si\u0119 o przysz\u0142o\u015b\u0107. &quot;Pisz\u0119 artyku\u0142y&quot;\"\/><\/p>\n<p>Ryszard Czarnecki nie martwi si\u0119 o przysz\u0142o\u015b\u0107. &#8222;Pisz\u0119 artyku\u0142y&#8221;<\/p>\n<p><\/a><\/p>\n","protected":false},"excerpt":{"rendered":"Akt oskar\u017cenia w\u00a0tej sprawie zosta\u0142 skierowany do warszawskiego s\u0105du przez Prokuratur\u0119 Okr\u0119gow\u0105 w\u00a0Zamo\u015bciu w\u00a0grudniu 2024 r. W\u00a0\u015brod\u0119 ruszy\u0142&hellip;\n","protected":false},"author":2,"featured_media":192754,"comment_status":"","ping_status":"","sticky":false,"template":"","format":"standard","meta":{"footnotes":""},"categories":[12],"tags":[32,33,36,37,27,34,35,28,31,25,42,38,40,39,41,29,30,26],"class_list":{"0":"post-192753","1":"post","2":"type-post","3":"status-publish","4":"format-standard","5":"has-post-thumbnail","7":"category-polska","8":"tag-breaking-news","9":"tag-breakingnews","10":"tag-featured-news","11":"tag-featurednews","12":"tag-headlines","13":"tag-latest-news","14":"tag-latestnews","15":"tag-naglowki","16":"tag-najwazniejsze-artykuly","17":"tag-news","18":"tag-pl","19":"tag-poland","20":"tag-polish","21":"tag-polska","22":"tag-polski","23":"tag-top-stories","24":"tag-topstories","25":"tag-wiadomosci"},"share_on_mastodon":{"url":"https:\/\/pubeurope.com\/@pl\/115856427200370364","error":""},"_links":{"self":[{"href":"https:\/\/www.europesays.com\/pl\/wp-json\/wp\/v2\/posts\/192753","targetHints":{"allow":["GET"]}}],"collection":[{"href":"https:\/\/www.europesays.com\/pl\/wp-json\/wp\/v2\/posts"}],"about":[{"href":"https:\/\/www.europesays.com\/pl\/wp-json\/wp\/v2\/types\/post"}],"author":[{"embeddable":true,"href":"https:\/\/www.europesays.com\/pl\/wp-json\/wp\/v2\/users\/2"}],"replies":[{"embeddable":true,"href":"https:\/\/www.europesays.com\/pl\/wp-json\/wp\/v2\/comments?post=192753"}],"version-history":[{"count":0,"href":"https:\/\/www.europesays.com\/pl\/wp-json\/wp\/v2\/posts\/192753\/revisions"}],"wp:featuredmedia":[{"embeddable":true,"href":"https:\/\/www.europesays.com\/pl\/wp-json\/wp\/v2\/media\/192754"}],"wp:attachment":[{"href":"https:\/\/www.europesays.com\/pl\/wp-json\/wp\/v2\/media?parent=192753"}],"wp:term":[{"taxonomy":"category","embeddable":true,"href":"https:\/\/www.europesays.com\/pl\/wp-json\/wp\/v2\/categories?post=192753"},{"taxonomy":"post_tag","embeddable":true,"href":"https:\/\/www.europesays.com\/pl\/wp-json\/wp\/v2\/tags?post=192753"}],"curies":[{"name":"wp","href":"https:\/\/api.w.org\/{rel}","templated":true}]}}