{"id":192842,"date":"2026-01-08T00:30:13","date_gmt":"2026-01-08T00:30:13","guid":{"rendered":"https:\/\/www.europesays.com\/pl\/192842\/"},"modified":"2026-01-08T00:30:13","modified_gmt":"2026-01-08T00:30:13","slug":"katarzyna-bosacka-uderza-w-magde-gessler-czy-autorytetowi-kulinarnemu-wypada-2","status":"publish","type":"post","link":"https:\/\/www.europesays.com\/pl\/192842\/","title":{"rendered":"Katarzyna Bosacka uderza w Magd\u0119 Gessler. &#8222;Czy autorytetowi kulinarnemu wypada?&#8221;"},"content":{"rendered":"<p class=\"ods-c-paragraph \">W ostatnim czasie internauci nie oszcz\u0119dzali <a href=\"https:\/\/plejada.pl\/temat\/magda-gessler\/zhkq1p0\" id=\"813891ec-c3e4-450b-aacf-49681c721144\" rel=\"nofollow noopener\" target=\"_blank\">Magdy Gessler<\/a> \u2014 wszystko przez reklam\u0119 popularnego napoju gazowanego, w kt\u00f3rym wyst\u0105pi\u0142a. Komentuj\u0105cy od razu zarzucili restauratorce niekonsekwencj\u0119 i wypomnieli te odcinki &#8222;Kuchennych rewolucji&#8221;, w kt\u00f3rych gwiazda rozkr\u0119ca\u0142a awantury, gdy znalaz\u0142a w kuchni produkty spo\u017cywcze z\u0142ej jako\u015bci. Praktycznie w ka\u017cdym odcinku kulinarnego show mo\u017cna us\u0142ysze\u0107, jak Gessler t\u0142umaczy bohaterom programu, \u017ce \u017cywno\u015b\u0107 powinna by\u0107 najwy\u017cszej jako\u015bci, a najlepiej, gdyby pozyskiwali j\u0105 od lokalnych rolnik\u00f3w i sprzedawc\u00f3w. To w swoim obszernym wpisie w mediach spo\u0142eczno\u015bciowych podkre\u015bli\u0142a r\u00f3wnie\u017c Katarzyna Bosacka.<\/p>\n<p>Dalszy ci\u0105g artyku\u0142u pod materia\u0142em wideo<\/p>\n<p> Co by\u0142o powodem krytyki Magdy Gessler? <\/p>\n<p> Jakie sk\u0142adniki s\u0105 szkodliwe w reklamowanym napoju? <\/p>\n<p> Co Katarzyna Bosacka poleca pi\u0107 zamiast napoj\u00f3w gazowanych? <\/p>\n<p> Jakie kontrowersje wywo\u0142a\u0142a reklama z udzia\u0142em Magdy Gessler? <\/p>\n<p>  Szykuje si\u0119 konflikt na linii Katarzyna Bosacka-Magda Gessler? &#8222;Spo\u017cywcze z\u0142o&#8221;<\/p>\n<p class=\"ods-c-paragraph \">Jak przyzna\u0142a w swoim wpisie <a href=\"https:\/\/plejada.pl\/temat\/katarzyna-bosacka\/krrxsb4\" id=\"50064e68-350a-4604-ae2a-1f3c1aad5212\" rel=\"nofollow noopener\" target=\"_blank\">Katarzyna Bosacka<\/a>, internauci pisali jej o &#8222;s\u0142abym, nieetycznym i interesowanym&#8221; zachowaniu Magdy Gessler, jak tylko pojawi\u0142a si\u0119 reklama gazowanego napoju z jej udzia\u0142em. Ekspertka od zdrowej \u017cywno\u015bci postanowi\u0142a podzieli\u0107 si\u0119 z obserwatorami swoimi przemy\u015bleniami na temat tej sytuacji i jednoznacznie pot\u0119pi\u0142a postaw\u0119 prowadz\u0105cej &#8222;Kuchennych rewolucji&#8221;. &#8222;Musz\u0119, bo si\u0119 udusz\u0119!&#8221; \u2014 zacz\u0119\u0142a.<\/p>\n<blockquote class=\"ods-o-quota\">\n<p class=\"ods-o-quota__paragraph\">Czy autorytetowi kulinarnemu, kt\u00f3ry rewolucjonizuje rynek gastronomii, wypada? Czy kto\u015b, kto w swoich programach zerka na etykiety i krzyczy: &#8222;Czemu karmicie szajsem swoich go\u015bci, przecie\u017c to samo E!&#8221;, ma prawo wciska\u0107 spo\u017cywcze z\u0142o nam, konsumentom, co gorsza (jak w tej reklamie) \u2014 m\u0142odym? Przecie\u017c mo\u017cna promowa\u0107 zdrowsze produkty, z lepszym sk\u0142adem.<\/p>\n<\/blockquote>\n<p class=\"ods-c-paragraph \">\u2014 grzmia\u0142a Bosacka na Instagramie.<\/p>\n<p><img decoding=\"async\" src=\"https:\/\/www.europesays.com\/pl\/wp-content\/uploads\/2026\/01\/OYIk9lBaHR0cHM6Ly9vY2RuLmV1L3B1bHNjbXMvTURBXy9kNzViMzI3MmJiMzYwMGFjMjJiOTVkNDg4Y2U4MDVkNS5qcGeRlQLNB.jpeg\" height=\"627\" width=\"940\" alt=\"Katarzyna Bosacka\" loading=\"lazy\" class=\"ods-c-image__img ods-c-image__img--viewport-width\"\/><\/p>\n<p>Katarzyna BosackaJacek Kurnikowski \/ AKPA<\/p>\n<p class=\"ods-c-paragraph \">Obszerny wpis Katarzyny Bosackiej spotka\u0142 si\u0119 ze sporym odzewem ze strony u\u017cytkownik\u00f3w Instagrama. Po tym, jak oceni\u0142a post\u0119powanie Magdy Gessler, specjalistka od zdrowej \u017cywno\u015bci wyliczy\u0142a wszystkie szkodliwe sk\u0142adniki, kt\u00f3re znajdziemy w sk\u0142adzie reklamowanego przez restauratork\u0119 napoju. &#8222;Niemal ka\u017cdy czarny nap\u00f3j gazowany, poza wod\u0105, nie ma \u017cadnych warto\u015bci od\u017cywczych&#8221; \u2014 podkre\u015bli\u0142a.<\/p>\n<blockquote class=\"ods-o-quota\">\n<p class=\"ods-o-quota__paragraph\">Ma za to sztuczny barwnik E150d karmel amoniakalno-siarczynowy, kt\u00f3ry w du\u017cych ilo\u015bciach mo\u017ce powodowa\u0107 dolegliwo\u015bci jelitowe, E338 kwas ortofosforowy, w wi\u0119kszych st\u0119\u017ceniach u\u017cywany w przemy\u015ble ci\u0119\u017ckim do odrdzewiania rur, czy sztuczne s\u0142odziki \u2014 E950 acesulfam K i E951 aspartam, kt\u00f3re mog\u0105 zaburza\u0107 mikroflor\u0119 jelitow\u0105 i mie\u0107 negatywny wp\u0142yw na wydzielanie hormon\u00f3w, w tym insuliny<\/p>\n<\/blockquote>\n<p class=\"ods-c-paragraph \">\u2014 wymienia\u0142a.<\/p>\n<p class=\"ods-c-paragraph \">&#8222;Czy wszyscy, kt\u00f3rzy reklamuj\u0105 milionom niezdrowe produkty, nie powinni pami\u0119ta\u0107, \u017ce jeste\u015bmy tym, co jemy i tym, co pijemy? Ja z napoj\u00f3w gazowanych nieustannie polecam Pa\u0144stwu picie polskiej wody mineralnej&#8221; \u2014 podsumowa\u0142a Katarzyna Bosacka.<\/p>\n<p><img decoding=\"async\" src=\"https:\/\/www.europesays.com\/pl\/wp-content\/uploads\/2026\/01\/ZBgk9lBaHR0cHM6Ly9vY2RuLmV1L3B1bHNjbXMvTURBXy9kOTJmNzlmNDM1MDJmYmFlNmIxOGQyNmNiZTUzMTZiYi5qcGeRlQLNB.jpeg\" height=\"742\" width=\"940\" alt=\"Katarzyna Bosacka\" loading=\"lazy\" class=\"ods-c-image__img ods-c-image__img--viewport-width\"\/><\/p>\n<p>Katarzyna BosackaMW Media Warszawa \/ MW Media<\/p>\n<p> <img decoding=\"async\" src=\"https:\/\/www.europesays.com\/pl\/wp-content\/uploads\/2026\/01\/XBNk9lBaHR0cHM6Ly9vY2RuLmV1L3B1bHNjbXMvTURBXy9iOWY3M2RlZWMwZTU5NjFjNjg1MTJlNTc5YmRhZTZmZS5wbmeRlQLNB.jpeg\" height=\"559\" width=\"940\" alt=\"Katarzyna Bosacka\" loading=\"lazy\" class=\"ods-c-image__img ods-c-image__img--viewport-width\"\/><\/p>\n<p>Katarzyna BosackaJaros\u0142aw Antoniak \/ MW Media<\/p>\n<p> <img decoding=\"async\" src=\"https:\/\/www.europesays.com\/pl\/wp-content\/uploads\/2026\/01\/13qk9lBaHR0cHM6Ly9vY2RuLmV1L3B1bHNjbXMvTURBXy8wOWI5MDYzNGMyNzY2MDBjY2RmNjIyOWE1MDVhZGFiOS5qcGeRlQLNB.jpeg\" height=\"626\" width=\"940\" alt=\"Katarzyna Bosacka\" loading=\"lazy\" class=\"ods-c-image__img ods-c-image__img--viewport-width\"\/><\/p>\n<p>Katarzyna BosackaMW Media<\/p>\n<p class=\"ods-c-paragraph \">Dzi\u0119kujemy, \u017ce przeczyta\u0142a\u015b\/e\u015b nasz artyku\u0142 do ko\u0144ca. W serwisie Plejada.pl ka\u017cdego dnia piszemy o najwa\u017cniejszych wydarzeniach show-biznesowych. B\u0105d\u017a na bie\u017c\u0105co! <a rel=\"nofollow noopener\" href=\"https:\/\/profile.google.com\/cp\/Cg0vZy8xMWJ6X19wdHBx\" id=\"9bf06129-5157-4a1f-a220-f5175c103b49\" target=\"_blank\">Obserwuj<\/a> Plejad\u0119 w Google. Odwied\u017a nas tak\u017ce na <a rel=\"nofollow noopener\" href=\"https:\/\/www.facebook.com\/plejadapl\" id=\"b52aeaf6-aead-404f-8922-947fb6ab1e12\" target=\"_blank\">Facebooku<\/a>, <a rel=\"nofollow noopener\" href=\"https:\/\/www.instagram.com\/plejadapl\/\" id=\"5d67d97d-6cdd-4518-870b-49828eb8a517\" target=\"_blank\">Instagramie<\/a>, <a rel=\"nofollow noopener\" href=\"https:\/\/www.youtube.com\/c\/plejada\" id=\"1bf88873-ed89-4074-afbc-c11e06773e5c\" target=\"_blank\">YouTubie<\/a> oraz <a rel=\"nofollow noopener\" href=\"https:\/\/www.tiktok.com\/@plejada_pl\" id=\"ebfba74c-13ae-4398-89e3-465fef0d3c29\" target=\"_blank\">TikToku<\/a>.<\/p>\n<p class=\"ods-c-paragraph \">Chcesz podzieli\u0107 si\u0119 ciekawym newsem lub zaproponowa\u0107 temat? Skontaktuj si\u0119 z nami, pisz\u0105c maila na adres: <a rel=\"nofollow noopener\" href=\"https:\/\/plejada.pl\/newsy\/katarzyna-bosacka-uderza-w-magde-gessler-czy-autorytetowi-kulinarnemu-wypada\/mailto:plejada@redakcjaonet.pl\" id=\"584dd6ff-e002-4c63-b9f9-2bdbbd1eaa56\" target=\"_blank\">plejada@redakcjaon<\/a><a href=\"https:\/\/et.pl\" id=\"78726954-7979-41cf-be5a-e1e7c82caa0a\" rel=\"nofollow noopener\" target=\"_blank\">et.pl<\/a>.<\/p>\n<p><script async src=\"\/\/www.instagram.com\/embed.js\"><\/script><script async src=\"\/\/www.tiktok.com\/embed.js\"><\/script><\/p>\n","protected":false},"excerpt":{"rendered":"W ostatnim czasie internauci nie oszcz\u0119dzali Magdy Gessler \u2014 wszystko przez reklam\u0119 popularnego napoju gazowanego, w kt\u00f3rym wyst\u0105pi\u0142a.&hellip;\n","protected":false},"author":2,"featured_media":192843,"comment_status":"","ping_status":"","sticky":false,"template":"","format":"standard","meta":{"footnotes":""},"categories":[22],"tags":[122,16863,558,553,48,125,46,42,38,40,39,41,123,47],"class_list":{"0":"post-192842","1":"post","2":"type-post","3":"status-publish","4":"format-standard","5":"has-post-thumbnail","7":"category-rozrywka","8":"tag-entertainment","9":"tag-katarzyna_bosacka","10":"tag-kuchenne_rewolucje","11":"tag-magda_gessler","12":"tag-nat_styl","13":"tag-newsy","14":"tag-omp","15":"tag-pl","16":"tag-poland","17":"tag-polish","18":"tag-polska","19":"tag-polski","20":"tag-rozrywka","21":"tag-screening_general"},"share_on_mastodon":{"url":"https:\/\/pubeurope.com\/@pl\/115856659182165536","error":""},"_links":{"self":[{"href":"https:\/\/www.europesays.com\/pl\/wp-json\/wp\/v2\/posts\/192842","targetHints":{"allow":["GET"]}}],"collection":[{"href":"https:\/\/www.europesays.com\/pl\/wp-json\/wp\/v2\/posts"}],"about":[{"href":"https:\/\/www.europesays.com\/pl\/wp-json\/wp\/v2\/types\/post"}],"author":[{"embeddable":true,"href":"https:\/\/www.europesays.com\/pl\/wp-json\/wp\/v2\/users\/2"}],"replies":[{"embeddable":true,"href":"https:\/\/www.europesays.com\/pl\/wp-json\/wp\/v2\/comments?post=192842"}],"version-history":[{"count":0,"href":"https:\/\/www.europesays.com\/pl\/wp-json\/wp\/v2\/posts\/192842\/revisions"}],"wp:featuredmedia":[{"embeddable":true,"href":"https:\/\/www.europesays.com\/pl\/wp-json\/wp\/v2\/media\/192843"}],"wp:attachment":[{"href":"https:\/\/www.europesays.com\/pl\/wp-json\/wp\/v2\/media?parent=192842"}],"wp:term":[{"taxonomy":"category","embeddable":true,"href":"https:\/\/www.europesays.com\/pl\/wp-json\/wp\/v2\/categories?post=192842"},{"taxonomy":"post_tag","embeddable":true,"href":"https:\/\/www.europesays.com\/pl\/wp-json\/wp\/v2\/tags?post=192842"}],"curies":[{"name":"wp","href":"https:\/\/api.w.org\/{rel}","templated":true}]}}