{"id":19297,"date":"2025-09-27T17:00:16","date_gmt":"2025-09-27T17:00:16","guid":{"rendered":"https:\/\/www.europesays.com\/pl\/19297\/"},"modified":"2025-09-27T17:00:16","modified_gmt":"2025-09-27T17:00:16","slug":"szczery-wywiad-beaty-kozidrak-i-odzyskany-paszport-rutkowski-podsumowanie-dnia","status":"publish","type":"post","link":"https:\/\/www.europesays.com\/pl\/19297\/","title":{"rendered":"Szczery wywiad Beaty Kozidrak i odzyskany paszport Rutkowski. Podsumowanie dnia"},"content":{"rendered":"<p> Iwona Pavlovi\u0107 \u015bwi\u0119tuje 16. rocznic\u0119 \u015blubu <\/p>\n<p class=\"ods-c-paragraph\">Uwielbiana jurorka &#8222;Ta\u0144ca z gwiazdami&#8221; nie ukrywa, \u017ce obecny partner jest mi\u0142o\u015bci\u0105 jej \u017cycia i nigdy wcze\u015bniej nie czu\u0142a si\u0119 przy drugim cz\u0142owieku r\u00f3wnie bezpiecznie. U boku Wojciecha O\u015bwi\u0119cimskiego jako \u017cona by\u0142a tancerka sp\u0119dzi\u0142a ju\u017c 16 lat, czym pochwali\u0142a si\u0119 w pi\u0105tek na Instagramie. Przy okazji ujawni\u0142a te\u017c, <a href=\"https:\/\/plejada.pl\/newsy\/iwona-pavlovic-pokazala-jak-wyglada-jej-maz-jak-ja-kocham-tego-faceta\/qw9m39n\" id=\"15fc9020-8574-448a-807b-9fe2f8ad1b29\" rel=\"nofollow noopener\" target=\"_blank\">jak obecnie wygl\u0105da jej drugi m\u0105\u017c<\/a>.<\/p>\n<p>Dalszy ci\u0105g artyku\u0142u pod materia\u0142em wideo<\/p>\n<p> Jaki by\u0142 temat wywiadu Beaty Kozidrak? <\/p>\n<p> Ile lat ma Dorota Szel\u0105gowska? <\/p>\n<p> Kim jest m\u0105\u017c Mai Rutkowski? <\/p>\n<p> Jak d\u0142ugo Iwona Pavlovi\u0107 jest w zwi\u0105zku ma\u0142\u017ce\u0144skim? <\/p>\n<p>   Przypadkowe spotkanie z Mart\u0105 Nawrock\u0105 w Nowym Jorku <\/p>\n<p class=\"ods-c-paragraph\">Podczas niedawnego pobytu w Nowym Jorku Marta Nawrocka uczestniczy\u0142a m.in. w specjalnym <a href=\"https:\/\/plejada.pl\/newsy\/marta-nawrocka-cala-na-zolto-na-spotkaniu-z-melania-trump-dosc-zachowawcze-i-ciezkie\/tgqg8t4\" id=\"e4535827-368c-474e-8391-c8cb1eb31bed\" rel=\"nofollow noopener\" target=\"_blank\">spotkaniu dla pierwszych dam zorganizowanym przez Melani\u0119 Trump<\/a>. Niedawno wysz\u0142o te\u017c jednak na jaw, \u017ce \u017cona prezydenta Karola Nawrockiego mia\u0142a okazj\u0119 r\u00f3wnie\u017c pozwiedza\u0107 ameryka\u0144sk\u0105 metropoli\u0119. Wybra\u0142a si\u0119 cho\u0107by na s\u0142ynny most brookli\u0144ski, gdzie spotkali j\u0105 znani z programu &#8222;Love Never Lies&#8221; influencerzy Bruno Wolny i J\u0119drzej Urba\u0144ski.<\/p>\n<p>   Szczere wyznanie Beaty Kozidrak: przez chwil\u0119 by\u0142am na tamtym \u015bwiecie <\/p>\n<p class=\"ods-c-paragraph\">Ostatnie miesi\u0105ce nie by\u0142y \u0142atwe dla <a href=\"https:\/\/plejada.pl\/beata-kozidrak\" id=\"080206af-9d91-40c1-9409-5ff448f1b91d\" rel=\"nofollow noopener\" target=\"_blank\">Beaty Kozidrak<\/a>, jej bliskich i fan\u00f3w. Wszystko przez powa\u017cne problemy zdrowotne, kt\u00f3re zako\u0144czy\u0142y si\u0119 nawet hospitalizacj\u0105. Po powrocie do \u017cycia publicznego wokalistka udzieli\u0142a <a href=\"https:\/\/plejada.pl\/wywiady\/jedyny-taki-wywiad-z-beata-kozidrak-przez-chwile-bylam-na-tamtym-swiecie\/sjtk13g\" id=\"90a7ecd7-f0f6-4ec0-a488-08e5b69c423c\" rel=\"nofollow noopener\" target=\"_blank\">obszernego wywiadu Micha\u0142owi Misiorkowi i Plejadzie<\/a>.<\/p>\n<blockquote class=\"ods-o-quota\">\n<p class=\"ods-o-quota__paragraph\">Prze\u017cy\u0142am kilka naprawd\u0119 trudnych moment\u00f3w. \u0141\u0105cznie z tym, \u017ce przez chwil\u0119 by\u0142am na tamtym \u015bwiecie. Wiedzia\u0142am jednak, \u017ce mam dla kogo \u017cy\u0107 i musz\u0119 przez to przej\u015b\u0107. Nie by\u0142o innej opcji. To przekonanie by\u0142o we mnie naprawd\u0119 silne. Wcze\u015bniej nawet nie zdawa\u0142am sobie sprawy, \u017ce w cz\u0142owieku mo\u017ce istnie\u0107 tak niezwyk\u0142a si\u0142a<\/p>\n<\/blockquote>\n<p class=\"ods-c-paragraph\">\u2014 podkre\u015bli\u0142a Kozidrak.<\/p>\n<p><img decoding=\"async\" src=\"https:\/\/www.europesays.com\/pl\/wp-content\/uploads\/2025\/09\/YO0k9lBaHR0cHM6Ly9vY2RuLmV1L3B1bHNjbXMvTURBXy9lNjNiNmZhNDk5N2RmMjJmZjEyNTA4Zjk1YzMxY2E5Yy5qcGeRlQLNB.jpeg\" height=\"625\" width=\"940\" alt=\"Beata Kozidrak (2023)\" loading=\"lazy\" class=\"ods-c-image__img ods-c-image__img--viewport-width\"\/><\/p>\n<p>Beata Kozidrak (2023)Piotr Andrzejczak \/ MW Media<\/p>\n<p>  Okr\u0105g\u0142e urodziny Doroty Szel\u0105gowskiej <\/p>\n<p class=\"ods-c-paragraph\">Pi\u0105tek by\u0142 szczeg\u00f3lnie wa\u017cnym dniem dla <a href=\"https:\/\/plejada.pl\/dorota-szelagowska\" id=\"71df54a6-8ea0-41d9-9220-d4b399034c48\" rel=\"nofollow noopener\" target=\"_blank\">Doroty Szel\u0105gowskiej<\/a>, dla kt\u00f3rej by\u0142y to 45. urodziny. Doskonale znana polskim telewidzom prezenterka skomentowa\u0142a swoje \u015bwi\u0119to w nast\u0119puj\u0105cy, mocno humorystyczny spos\u00f3b na swoim Instagramie: &#8222;30 i p\u00f3\u0142. 30 i ile jest p\u00f3\u0142 z 30? 45, ale \u00bb30 i p\u00f3\u0142\u00ab brzmi lepiej. Id\u0119 na tenisa&#8221;.<\/p>\n<p>   Maja Rutkowski prze\u017cywa\u0142a dramat. Wtedy nadesz\u0142y pozytywne wie\u015bci <\/p>\n<p class=\"ods-c-paragraph\">Jednym z najcz\u0119\u015bciej komentowanych wydarze\u0144 dnia by\u0142a informacja, \u017ce podr\u00f3\u017cuj\u0105ca na Sri Lank\u0119 w zwi\u0105zku z programem &#8222;Kr\u00f3lowa przetrwania&#8221; <a href=\"https:\/\/plejada.pl\/maja-rutkowski\" id=\"58bfcd87-b511-4f80-b8bd-9e4a3f9a7ae8\" rel=\"nofollow noopener\" target=\"_blank\">Maja Rutkowski<\/a> wpad\u0142a w powa\u017cne tarapaty. Celebrytce grozi\u0142o deportowania, gdy\u017c w trakcie podr\u00f3\u017cy kto\u015b ukrad\u0142 jej paszport. Ostatecznie sprawa przybra\u0142a jednak pozytywny obr\u00f3t, dzi\u0119ki szybkiej reakcji m\u0119\u017ca Rutkowski. &#8222;Prosto z Dubaju pierwszym samolotem lecia\u0142 do mnie paszport&#8221; \u2014 wyjawi\u0142a ju\u017c z dokumentem w d\u0142oni.<\/p>\n<p class=\"ods-c-paragraph\">Dzi\u0119kujemy, \u017ce przeczyta\u0142a\u015b\/e\u015b nasz artyku\u0142 do ko\u0144ca. W serwisie Plejada.pl ka\u017cdego dnia piszemy o najwa\u017cniejszych wydarzeniach show-biznesowych. B\u0105d\u017a na bie\u017c\u0105co! <a rel=\"nofollow noopener\" href=\"https:\/\/news.google.com\/publications\/CAAiEF0PeAlb7W1llpV_mwV2rL4qFAgKIhBdD3gJW-1tZZaVf5sFdqy-?hl=pl&amp;gl=PL&amp;ceid=PL%3Apl\" id=\"abd72e97-08f2-4d19-b198-60bde08b442e\" target=\"_blank\">Obserwuj<\/a> Plejad\u0119 w Wiadomo\u015bciach Google. Odwied\u017a nas tak\u017ce na <a rel=\"nofollow noopener\" href=\"https:\/\/www.facebook.com\/plejadapl\" id=\"e0b795a1-9ee5-494b-806e-bbdaeb1df25c\" target=\"_blank\">Facebooku<\/a>, <a rel=\"nofollow noopener\" href=\"https:\/\/www.instagram.com\/plejadapl\/\" id=\"de8df5ac-56d1-45ad-88b1-9a813ae55807\" target=\"_blank\">Instagramie<\/a>, <a rel=\"nofollow noopener\" href=\"https:\/\/www.youtube.com\/c\/plejada\" id=\"362b7733-deb1-4aa0-abc9-6f1db716b7c8\" target=\"_blank\">YouTubie<\/a> oraz <a rel=\"nofollow noopener\" href=\"https:\/\/www.tiktok.com\/@plejada_pl\" id=\"67ebea33-04dc-4ff4-acdd-f73f93210813\" target=\"_blank\">TikToku<\/a>.<\/p>\n<p class=\"ods-c-paragraph\">Chcesz podzieli\u0107 si\u0119 ciekawym newsem lub zaproponowa\u0107 temat? Skontaktuj si\u0119 z nami, pisz\u0105c e-maila na adres: <a rel=\"nofollow noopener\" href=\"https:\/\/plejada.pl\/newsy\/szczery-wywiad-beaty-kozidrak-i-odzyskany-paszport-rutkowski-podsumowanie-dnia\/mailto:plejada@redakcjaonet.pl\" id=\"4ee878be-4199-48ea-8381-731a55337f2e\" target=\"_blank\">plejada@redakcjaonet.pl<\/a>.<\/p>\n<p><script async src=\"\/\/www.instagram.com\/embed.js\"><\/script><script async src=\"\/\/www.tiktok.com\/embed.js\"><\/script><\/p>\n","protected":false},"excerpt":{"rendered":"Iwona Pavlovi\u0107 \u015bwi\u0119tuje 16. rocznic\u0119 \u015blubu Uwielbiana jurorka &#8222;Ta\u0144ca z gwiazdami&#8221; nie ukrywa, \u017ce obecny partner jest mi\u0142o\u015bci\u0105&hellip;\n","protected":false},"author":2,"featured_media":19298,"comment_status":"","ping_status":"","sticky":false,"template":"","format":"standard","meta":{"footnotes":""},"categories":[22],"tags":[1676,3845,122,3997,5866,1661,48,125,46,42,1885,38,40,39,41,123,47],"class_list":{"0":"post-19297","1":"post","2":"type-post","3":"status-publish","4":"format-standard","5":"has-post-thumbnail","7":"category-rozrywka","8":"tag-beata_kozidrak","9":"tag-dorota_szelagowska","10":"tag-entertainment","11":"tag-iwona_pavlovic","12":"tag-maja_rutkowski","13":"tag-marta_nawrocka","14":"tag-nat_styl","15":"tag-newsy","16":"tag-omp","17":"tag-pl","18":"tag-plej_ai_tst1","19":"tag-poland","20":"tag-polish","21":"tag-polska","22":"tag-polski","23":"tag-rozrywka","24":"tag-screening_general"},"share_on_mastodon":{"url":"","error":""},"_links":{"self":[{"href":"https:\/\/www.europesays.com\/pl\/wp-json\/wp\/v2\/posts\/19297","targetHints":{"allow":["GET"]}}],"collection":[{"href":"https:\/\/www.europesays.com\/pl\/wp-json\/wp\/v2\/posts"}],"about":[{"href":"https:\/\/www.europesays.com\/pl\/wp-json\/wp\/v2\/types\/post"}],"author":[{"embeddable":true,"href":"https:\/\/www.europesays.com\/pl\/wp-json\/wp\/v2\/users\/2"}],"replies":[{"embeddable":true,"href":"https:\/\/www.europesays.com\/pl\/wp-json\/wp\/v2\/comments?post=19297"}],"version-history":[{"count":0,"href":"https:\/\/www.europesays.com\/pl\/wp-json\/wp\/v2\/posts\/19297\/revisions"}],"wp:featuredmedia":[{"embeddable":true,"href":"https:\/\/www.europesays.com\/pl\/wp-json\/wp\/v2\/media\/19298"}],"wp:attachment":[{"href":"https:\/\/www.europesays.com\/pl\/wp-json\/wp\/v2\/media?parent=19297"}],"wp:term":[{"taxonomy":"category","embeddable":true,"href":"https:\/\/www.europesays.com\/pl\/wp-json\/wp\/v2\/categories?post=19297"},{"taxonomy":"post_tag","embeddable":true,"href":"https:\/\/www.europesays.com\/pl\/wp-json\/wp\/v2\/tags?post=19297"}],"curies":[{"name":"wp","href":"https:\/\/api.w.org\/{rel}","templated":true}]}}