{"id":192994,"date":"2026-01-08T03:53:13","date_gmt":"2026-01-08T03:53:13","guid":{"rendered":"https:\/\/www.europesays.com\/pl\/192994\/"},"modified":"2026-01-08T03:53:13","modified_gmt":"2026-01-08T03:53:13","slug":"martirenti-zjadla-przysmak-dla-konia-weterynarz-nie-kryje-oburzenia-realne-ryzyko","status":"publish","type":"post","link":"https:\/\/www.europesays.com\/pl\/192994\/","title":{"rendered":"Martirenti zjad\u0142a przysmak dla konia. Weterynarz nie kryje oburzenia: realne ryzyko"},"content":{"rendered":"<p class=\"ods-c-paragraph \">W 2026 r. viralem na <a href=\"https:\/\/plejada.pl\/temat\/tiktok-aplikacja\/djsq7qb\" id=\"0bd3ff81-54b6-4a42-9722-5ade891d1126\" rel=\"nofollow noopener\" target=\"_blank\">TikToku<\/a> sta\u0142o si\u0119 jedzenie przysmak\u00f3w przeznaczonych dla koni. Twarde, pastelowe kr\u0105\u017cki, przypominaj\u0105ce s\u0142odycze z dzieci\u0144stwa, oficjalnie dopuszczone s\u0105 do spo\u017cycia tak\u017ce przez ludzi, jednak jak si\u0119 okazuje, mog\u0105 nie\u015b\u0107 pewne zagro\u017cenia. Martirenti otwarcie przyzna\u0142a, \u017ce <a href=\"https:\/\/plejada.pl\/newsy\/martirenti-sprobowala-przysmaku-dla-konia-tiktokowy-trend-oburzyl-internautow\/9j14blh\" id=\"988af943-f91d-4205-abfa-7a31e3058c70\" rel=\"nofollow noopener\" target=\"_blank\">uleg\u0142a &#8222;propagandzie&#8221; nowego trendu<\/a> i spr\u00f3bowa\u0142a ko\u0144skich cukierk\u00f3w na oczach swoich widz\u00f3w.<\/p>\n<p class=\"ods-c-paragraph \">&#8222;Troch\u0119 mnie zdziwi\u0142o, \u017ce cz\u0142owiek to mo\u017ce je\u015b\u0107\u2026 Ale pachnie zach\u0119caj\u0105co&#8221; \u2014 komentowa\u0142a podczas nagrania. Ostatecznie nie tylko spr\u00f3bowa\u0142a, ale i pochwali\u0142a nowy &#8222;przysmak&#8221;. &#8222;To smakuje jak te zegarki pastylowe! Pycha! 10\/10&#8221; \u2014 oceni\u0142a, nawi\u0105zuj\u0105c do popularnych w latach 2000. pudrowych cukierk\u00f3w.<\/p>\n<p>Dalszy ci\u0105g artyku\u0142u pod materia\u0142em wideo<\/p>\n<p> Czym s\u0105 przysmaki dla koni? <\/p>\n<p> Jakie zagro\u017cenia niesie za sob\u0105 jedzenie przysmak\u00f3w dla koni? <\/p>\n<p> Co s\u0105dzi weterynarz Kuba Letek o tym trendzie? <\/p>\n<p> Dlaczego weterynarz uwa\u017ca, \u017ce te przysmaki nie s\u0105 bezpieczne dla ludzi? <\/p>\n<p>  Weterynarz grzmi na tiktokowy trend. &#8222;Patrz\u0119 na to z przera\u017ceniem&#8221;<\/p>\n<p class=\"ods-c-paragraph \">Lekarz weterynarii Kuba Letek w rozmowie z Plejad\u0105 nie kryje zaskoczenia wspomnianym trendem. Co wi\u0119cej, nie zgadza si\u0119 na normalizowanie takich praktyk.<\/p>\n<p class=\"ods-c-paragraph \">\u2014 Musz\u0119 przyzna\u0107, \u017ce patrz\u0119 na to z przera\u017ceniem. Pojedynczy &#8222;gryz&#8221; przysmaku dla koni najpewniej nie wyrz\u0105dzi krzywdy wi\u0119kszo\u015bci os\u00f3b, kt\u00f3re robi\u0105 to na potrzeby filmiku. Problem zaczyna si\u0119 wtedy, gdy takie zachowanie staje si\u0119 powtarzalne \u2014 a znalaz\u0142em w kilka minut wr\u0119cz ca\u0142e konta na TikToku tworzone woko\u0142o tego trendu \u2014 i gdy jest to normalizowane jako co\u015b bezpiecznego lub wr\u0119cz zdrowego \u2014 m\u00f3wi na wst\u0119pie.<\/p>\n<p class=\"ods-c-paragraph \">Jak podkre\u015bla weterynarz, wspomniane przysmaki podlegaj\u0105 innym normom jako\u015bci i bezpiecze\u0144stwa ni\u017c \u017cywno\u015b\u0107 dla ludzi.<\/p>\n<blockquote class=\"ods-o-quota\">\n<p class=\"ods-o-quota__paragraph\">Mog\u0105 zawiera\u0107 dodatki technologiczne, dawki mikroelement\u00f3w oraz zanieczyszczenia mikrobiologiczne, kt\u00f3re s\u0105 akceptowalne dla zwierz\u0105t o masie kilkuset kilogram\u00f3w, ale nie by\u0142yby dopuszczone do regularnego spo\u017cycia przez cz\u0142owieka<\/p>\n<\/blockquote>\n<p class=\"ods-c-paragraph \">\u2014 t\u0142umaczy.<\/p>\n<p class=\"ods-c-paragraph \">\u2014 Problematyczne s\u0105 zawarte w nich minera\u0142y takie jak mied\u017a, cynk czy selen, a tak\u017ce bardzo wysokie dawki cukr\u00f3w w postaci melasy. Przy regularnym spo\u017cywaniu mog\u0105 one prowadzi\u0107 do zaburze\u0144 ze strony przewodu pokarmowego, w\u0105troby i gospodarki mineralnej \u2014 dodaje Letek.<\/p>\n<p class=\"ods-c-paragraph \">Jak si\u0119 okazuje, to nie wszystko. Do wspomnianych zagro\u017ce\u0144 dochodzi aspekt mikrobiologiczny, kt\u00f3re mog\u0105 doprowadzi\u0107 do powa\u017cnego zatrucia, a nawet przewlek\u0142ych uszkodze\u0144.<\/p>\n<blockquote class=\"ods-o-quota\">\n<p class=\"ods-o-quota__paragraph\">Produkty paszowe mog\u0105 legalnie zawiera\u0107 poziomy bakterii takich jak salmonella oraz ple\u015bni i mykotoksyn, kt\u00f3re s\u0105 akceptowalne w karmach dla zwierz\u0105t zw\u0142aszcza dla koni, ale nie w \u017cywno\u015bci dla ludzi. Dla konia to zwykle nie problem, dla cz\u0142owieka mo\u017ce to oznacza\u0107 realne ryzyko zatrucia lub przewlek\u0142ego uszkodzenia w\u0105troby<\/p>\n<\/blockquote>\n<p class=\"ods-c-paragraph \">\u2014 wyja\u015bnia, dodaj\u0105c, \u017ce warto\u015b\u0107 zwr\u00f3ci\u0107 r\u00f3wnie\u017c uwag\u0119 na kaloryczno\u015b\u0107 takich produkt\u00f3w. \u2014 Dla cz\u0142owieka jest to wysoko przetworzona, bardzo s\u0142odka i bardzo kaloryczna bomba bez \u017cadnej warto\u015bci od\u017cywczej \u2014 dodaje.<\/p>\n<p class=\"ods-c-paragraph \">\u2014 Patrz\u0105c na to wszystko, r\u0119ce mi opadaj\u0105, bo to kolejny przyk\u0142ad tego, jak internet potrafi zamieni\u0107 zdrowy rozs\u0105dek i rozum w &#8222;papk\u0119&#8221; \u2014 podsumowuje lek. wet. Kuba Letek.<\/p>\n<p class=\"ods-c-paragraph \">Dzi\u0119kujemy, \u017ce przeczyta\u0142a\u015b\/e\u015b nasz artyku\u0142 do ko\u0144ca. W serwisie Plejada.pl ka\u017cdego dnia piszemy o najwa\u017cniejszych wydarzeniach show-biznesowych. B\u0105d\u017a na bie\u017c\u0105co! <a rel=\"nofollow noopener\" href=\"https:\/\/profile.google.com\/cp\/Cg0vZy8xMWJ6X19wdHBx\" id=\"d348b763-da79-48b0-a3e2-712a5a11d9ea\" target=\"_blank\">Obserwuj<\/a> Plejad\u0119 w Google. Odwied\u017a nas tak\u017ce na <a rel=\"nofollow noopener\" href=\"https:\/\/www.facebook.com\/plejadapl\" id=\"0893bdb3-3980-43c7-8825-29d537e7b118\" target=\"_blank\">Facebooku<\/a>, <a rel=\"nofollow noopener\" href=\"https:\/\/www.instagram.com\/plejadapl\/\" id=\"a4de2da1-7254-451b-8979-3ad2a1a786df\" target=\"_blank\">Instagramie<\/a>, <a rel=\"nofollow noopener\" href=\"https:\/\/www.youtube.com\/c\/plejada\" id=\"82ef574a-5643-4c14-9482-a141551b9358\" target=\"_blank\">YouTubie<\/a> oraz <a rel=\"nofollow noopener\" href=\"https:\/\/www.tiktok.com\/@plejada_pl\" id=\"a87fe15f-c235-469b-80ff-cd2d2fa09dd5\" target=\"_blank\">TikToku<\/a>.<\/p>\n<p class=\"ods-c-paragraph \">Chcesz podzieli\u0107 si\u0119 ciekawym newsem lub zaproponowa\u0107 temat? Skontaktuj si\u0119 z nami, pisz\u0105c maila na adres: <a rel=\"nofollow noopener\" href=\"https:\/\/plejada.pl\/newsy\/martirenti-zjadla-przysmak-dla-konia-weterynarz-nie-kryje-oburzenia-realne-ryzyko\/mailto:plejada@redakcjaonet.pl\" id=\"15bd2cf6-0a13-4ec0-87cd-0128bc9e40af\" target=\"_blank\">plejada@redakcjaon<\/a><a href=\"https:\/\/et.pl\" id=\"e8d057a8-c0c6-4f69-b0c0-15d221e4f367\" rel=\"nofollow noopener\" target=\"_blank\">et.pl<\/a>.<\/p>\n<p><script async src=\"\/\/www.instagram.com\/embed.js\"><\/script><script async src=\"\/\/www.tiktok.com\/embed.js\"><\/script><\/p>\n","protected":false},"excerpt":{"rendered":"W 2026 r. viralem na TikToku sta\u0142o si\u0119 jedzenie przysmak\u00f3w przeznaczonych dla koni. Twarde, pastelowe kr\u0105\u017cki, przypominaj\u0105ce s\u0142odycze&hellip;\n","protected":false},"author":2,"featured_media":192995,"comment_status":"","ping_status":"","sticky":false,"template":"","format":"standard","meta":{"footnotes":""},"categories":[22],"tags":[1322,122,37541,37540,48,125,46,42,38,40,39,41,123,47,338,11635,253],"class_list":{"0":"post-192994","1":"post","2":"type-post","3":"status-publish","4":"format-standard","5":"has-post-thumbnail","7":"category-rozrywka","8":"tag-dieta","9":"tag-entertainment","10":"tag-konie","11":"tag-martirenti","12":"tag-nat_styl","13":"tag-newsy","14":"tag-omp","15":"tag-pl","16":"tag-poland","17":"tag-polish","18":"tag-polska","19":"tag-polski","20":"tag-rozrywka","21":"tag-screening_general","22":"tag-tylko_w_plejadzie","23":"tag-weterynarze","24":"tag-zdrowie"},"share_on_mastodon":{"url":"https:\/\/pubeurope.com\/@pl\/115857457315311619","error":""},"_links":{"self":[{"href":"https:\/\/www.europesays.com\/pl\/wp-json\/wp\/v2\/posts\/192994","targetHints":{"allow":["GET"]}}],"collection":[{"href":"https:\/\/www.europesays.com\/pl\/wp-json\/wp\/v2\/posts"}],"about":[{"href":"https:\/\/www.europesays.com\/pl\/wp-json\/wp\/v2\/types\/post"}],"author":[{"embeddable":true,"href":"https:\/\/www.europesays.com\/pl\/wp-json\/wp\/v2\/users\/2"}],"replies":[{"embeddable":true,"href":"https:\/\/www.europesays.com\/pl\/wp-json\/wp\/v2\/comments?post=192994"}],"version-history":[{"count":0,"href":"https:\/\/www.europesays.com\/pl\/wp-json\/wp\/v2\/posts\/192994\/revisions"}],"wp:featuredmedia":[{"embeddable":true,"href":"https:\/\/www.europesays.com\/pl\/wp-json\/wp\/v2\/media\/192995"}],"wp:attachment":[{"href":"https:\/\/www.europesays.com\/pl\/wp-json\/wp\/v2\/media?parent=192994"}],"wp:term":[{"taxonomy":"category","embeddable":true,"href":"https:\/\/www.europesays.com\/pl\/wp-json\/wp\/v2\/categories?post=192994"},{"taxonomy":"post_tag","embeddable":true,"href":"https:\/\/www.europesays.com\/pl\/wp-json\/wp\/v2\/tags?post=192994"}],"curies":[{"name":"wp","href":"https:\/\/api.w.org\/{rel}","templated":true}]}}