{"id":193011,"date":"2026-01-08T04:17:07","date_gmt":"2026-01-08T04:17:07","guid":{"rendered":"https:\/\/www.europesays.com\/pl\/193011\/"},"modified":"2026-01-08T04:17:07","modified_gmt":"2026-01-08T04:17:07","slug":"przelom-w-usa-w-podejsciu-do-rosji-senator-trump-dal-zielone-swiatlo","status":"publish","type":"post","link":"https:\/\/www.europesays.com\/pl\/193011\/","title":{"rendered":"Prze\u0142om w USA w podej\u015bciu do Rosji? Senator: Trump da\u0142 &#8222;zielone \u015bwiat\u0142o&#8221;"},"content":{"rendered":"<p>Senator Lindsey Graham ujawni\u0142, \u017ce prezydent Donald Trump oficjalnie popar\u0142 jego projekt ustawy dotycz\u0105cej sankcji wymierzonych w\u00a0Rosj\u0119. &#8222;To dobry moment, bo Ukraina idzie na ust\u0119pstwa w\u00a0imi\u0119 pokoju, a\u00a0Putin tylko gada, wci\u0105\u017c zabijaj\u0105c niewinnych.&#8221; &#8211;\u00a0napisa\u0142 Graham na platformie X, zaznaczaj\u0105c, \u017ce liczy na szybkie dzia\u0142anie.<\/p>\n<p>Tragedia w\u00a0Jerozolimie. Autobus wjecha\u0142 w\u00a0t\u0142um. Nagranie mrozi krew w\u00a0\u017cy\u0142ach <\/p>\n<p>Trump ju\u017c w\u00a0niedziel\u0119 sygnalizowa\u0142 poparcie dla inicjatywy Grahama, kt\u00f3ra mimo poparcia przez 85 ze 100 senator\u00f3w tkwi w\u00a0senackiej komisji a\u017c od kwietnia ub.r. Brak procedowania projektu by\u0142 efektem braku zgody Trumpa. Graham i\u00a0inni republika\u0144scy politycy ju\u017c wcze\u015bniej kilkakrotnie og\u0142aszali, \u017ce uzyskali zgod\u0119 prezydenta, lecz Trump wycofywa\u0142 si\u0119 p\u00f3\u017aniej z\u00a0poparcia.<\/p>\n<p>Teraz ma by\u0107 inaczej.  &#8222;Licz\u0119 na silne g\u0142osowanie ponadpartyjne, mam nadziej\u0119, \u017ce ju\u017c w\u00a0przysz\u0142ym tygodniu.&#8221; &#8211;\u00a0wyrazi\u0142 nadziej\u0119 senator, licz\u0105c na szerokie poparcie.<\/p>\n<p>Projekt przewiduje wprowadzenie drastycznych ce\u0142 a\u017c do 500 proc. na towary z\u00a0pa\u0144stw, kt\u00f3re kontynuuj\u0105 zakup rosyjskiej ropy. Celem jest wywarcie presji na takie kraje jak Chiny, Indie czy Brazylia, aby zrezygnowa\u0142y z\u00a0tych transakcji. &#8222;Ten projekt ustawy pozwoli prezydentowi Trumpowi ukara\u0107 kraje, kt\u00f3re kupuj\u0105 tani\u0105 rosyjsk\u0105 rop\u0119 nap\u0119dzaj\u0105c\u0105 machin\u0119 wojenn\u0105 Putina.&#8221; &#8211;\u00a0przekaza\u0142 Graham.<\/p>\n","protected":false},"excerpt":{"rendered":"Senator Lindsey Graham ujawni\u0142, \u017ce prezydent Donald Trump oficjalnie popar\u0142 jego projekt ustawy dotycz\u0105cej sankcji wymierzonych w\u00a0Rosj\u0119. &#8222;To&hellip;\n","protected":false},"author":2,"featured_media":193012,"comment_status":"","ping_status":"","sticky":false,"template":"","format":"standard","meta":{"footnotes":""},"categories":[14],"tags":[32,33,27,34,35,28,31,25,40,41,80,29,30,26,82,83,84],"class_list":{"0":"post-193011","1":"post","2":"type-post","3":"status-publish","4":"format-standard","5":"has-post-thumbnail","7":"category-swiat","8":"tag-breaking-news","9":"tag-breakingnews","10":"tag-headlines","11":"tag-latest-news","12":"tag-latestnews","13":"tag-naglowki","14":"tag-najwazniejsze-artykuly","15":"tag-news","16":"tag-polish","17":"tag-polski","18":"tag-swiat","19":"tag-top-stories","20":"tag-topstories","21":"tag-wiadomosci","22":"tag-world","23":"tag-world-news","24":"tag-worldnews"},"share_on_mastodon":{"url":"https:\/\/pubeurope.com\/@pl\/115857551677022904","error":""},"_links":{"self":[{"href":"https:\/\/www.europesays.com\/pl\/wp-json\/wp\/v2\/posts\/193011","targetHints":{"allow":["GET"]}}],"collection":[{"href":"https:\/\/www.europesays.com\/pl\/wp-json\/wp\/v2\/posts"}],"about":[{"href":"https:\/\/www.europesays.com\/pl\/wp-json\/wp\/v2\/types\/post"}],"author":[{"embeddable":true,"href":"https:\/\/www.europesays.com\/pl\/wp-json\/wp\/v2\/users\/2"}],"replies":[{"embeddable":true,"href":"https:\/\/www.europesays.com\/pl\/wp-json\/wp\/v2\/comments?post=193011"}],"version-history":[{"count":0,"href":"https:\/\/www.europesays.com\/pl\/wp-json\/wp\/v2\/posts\/193011\/revisions"}],"wp:featuredmedia":[{"embeddable":true,"href":"https:\/\/www.europesays.com\/pl\/wp-json\/wp\/v2\/media\/193012"}],"wp:attachment":[{"href":"https:\/\/www.europesays.com\/pl\/wp-json\/wp\/v2\/media?parent=193011"}],"wp:term":[{"taxonomy":"category","embeddable":true,"href":"https:\/\/www.europesays.com\/pl\/wp-json\/wp\/v2\/categories?post=193011"},{"taxonomy":"post_tag","embeddable":true,"href":"https:\/\/www.europesays.com\/pl\/wp-json\/wp\/v2\/tags?post=193011"}],"curies":[{"name":"wp","href":"https:\/\/api.w.org\/{rel}","templated":true}]}}